{"id":597911,"date":"2025-12-14T03:22:13","date_gmt":"2025-12-14T03:22:13","guid":{"rendered":"https:\/\/www.europesays.com\/fr\/597911\/"},"modified":"2025-12-14T03:22:13","modified_gmt":"2025-12-14T03:22:13","slug":"psg-en-larmes-le-coup-de-fil-de-marquinhos-qui-le-bouleverse","status":"publish","type":"post","link":"https:\/\/www.europesays.com\/fr\/597911\/","title":{"rendered":"PSG : En larmes, le coup de fil de Marquinhos qui le bouleverse !"},"content":{"rendered":"<p>                    Alexis Poch<br \/>\n                        &#8211;<\/p>\n<p>Journaliste<\/p>\n<p>Titulaire d&rsquo;un Master en journalisme sportif, je suis tomb\u00e9 amoureux du tennis d\u00e8s l&rsquo;enfance et j&rsquo;ai toujours aim\u00e9 lire les belles histoires de ce sport. Aujourd&rsquo;hui, je souhaite les raconter, profiter de ma passion \u00e0 fond et \u00eatre au plus proche des as du circuit.<\/p>\n<p class=\"heading\">La saison derni\u00e8re, le PSG a v\u00e9cu un grand moment historique en d\u00e9crochant la premi\u00e8re Ligue des champions de son histoire. Le club \u00e9tait \u00e0 la recherche de cet exploit depuis des ann\u00e9es et l&rsquo;un des moments forts de cette soir\u00e9e \u00e9tait quand Marquinhos a soulev\u00e9 la coupe, lui qui est pr\u00e9sent \u00e0 Paris depuis 2013. Les larmes du capitaine qui ont touch\u00e9 en plein c\u0153ur Thiago Silva, qui en r\u00eavait \u00e9galement.<\/p>\n<p>Ancien capitaine du<strong> PSG, Thiago Silva<\/strong> a transmis ce r\u00f4le \u00e0 <a href=\"https:\/\/le10sport.com\/football\/mercato\/marquinhos-lhumiliation-apres-son-transfert-au-psg-768214\" target=\"_blank\" rel=\"noopener\"><strong>Marquinhos <\/strong><\/a>apr\u00e8s son d\u00e9part en 2020. Le d\u00e9fenseur br\u00e9silien de 31 ans vient de remporter avec le club la premi\u00e8re<strong> Ligue des champions<\/strong>, un moment grav\u00e9 dans les m\u00e9moires. D&rsquo;ailleurs, <strong>Marquinhos <\/strong>a tout de suite pens\u00e9 \u00e0 son ami <strong>Thiago Silva<\/strong> au moment de soulever la coupe, un geste qui a beaucoup touch\u00e9 le principal int\u00e9ress\u00e9.<\/p>\n<p>                                            Le PSG en triomphe, Thiago Silva le savait<\/p>\n<p>M\u00eame si <strong>Thiago Silva<\/strong> et <strong>Marquinhos <\/strong>ne sont pas de la m\u00eame g\u00e9n\u00e9ration, ils ont partag\u00e9 de grands moments ensemble et notamment au <strong>PSG<\/strong>. Les deux hommes \u00e9changent r\u00e9guli\u00e8rement et celui qui a quitt\u00e9 le club en 2020 n&rsquo;a pas pu contenir sa joie en voyant son ancien club triompher. \u00ab Quand Marquinhos soul\u00e8ve enfin la coupe d&rsquo;Europe en mai dernier, c&rsquo;est \u00e0 moi qu&rsquo;il pense ? (\u00c9mu.) Quand je suis parti, je savais que le PSG \u00e9tait entre de bonnes mains avec \u00ab\u00a0Marqui\u00a0\u00bb, qu&rsquo;il allait exercer ce r\u00f4le de capitaine comme il se doit et qu&rsquo;il allait remporter un jour la Ligue des champions \u00bb explique-t-il dans une interview pour France Football.<\/p>\n<p>                                            \u00ab \u00ab\u00a0Marqui\u00a0\u00bb est l&rsquo;une des plus grandes idoles du PSG \u00bb<\/p>\n<p>Toujours solidement attach\u00e9 au <strong>PSG, Marquinhos<\/strong> a accompli l&rsquo;objectif du club avec ses co\u00e9quipiers et a eu une pens\u00e9e pour <strong>Thiago Silva<\/strong> qui en r\u00eavait \u00e9galement. Ce dernier n&rsquo;a pas pu cacher son \u00e9motion grandissante en \u00e9voquant ce moment. \u00ab Alors, qu&rsquo;il ait pens\u00e9 \u00e0 moi en soulevant le troph\u00e9e&#8230; (Il a les larmes aux yeux.) Il sait \u00e0 quel point on a gal\u00e9r\u00e9 et combien \u00e7a me tenait \u00e0 coeur de la gagner avec le PSG. Quand il l&rsquo;a soulev\u00e9e, mon coeur a d\u00e9bord\u00e9 d&rsquo;\u00e9motions. \u00ab\u00a0Marqui\u00a0\u00bb est l&rsquo;une des plus grandes idoles du PSG. Il a r\u00e9ussi \u00e0 entrer dans l&rsquo;histoire du club. Et moi, je sais que j&rsquo;en fais partie aussi \u00bb ajoute-t-il.<\/p>\n","protected":false},"excerpt":{"rendered":"Alexis Poch &#8211; Journaliste Titulaire d&rsquo;un Master en journalisme sportif, je suis tomb\u00e9 amoureux du tennis d\u00e8s l&rsquo;enfance&hellip;\n","protected":false},"author":2,"featured_media":597912,"comment_status":"","ping_status":"","sticky":false,"template":"","format":"standard","meta":{"footnotes":""},"categories":[1410],"tags":[63,1011,27,60],"class_list":{"0":"post-597911","1":"post","2":"type-post","3":"status-publish","4":"format-standard","5":"has-post-thumbnail","7":"category-football","8":"tag-football","9":"tag-fr","10":"tag-france","11":"tag-sports"},"share_on_mastodon":{"url":"https:\/\/pubeurope.com\/@fr\/115715777975255118","error":""},"_links":{"self":[{"href":"https:\/\/www.europesays.com\/fr\/wp-json\/wp\/v2\/posts\/597911","targetHints":{"allow":["GET"]}}],"collection":[{"href":"https:\/\/www.europesays.com\/fr\/wp-json\/wp\/v2\/posts"}],"about":[{"href":"https:\/\/www.europesays.com\/fr\/wp-json\/wp\/v2\/types\/post"}],"author":[{"embeddable":true,"href":"https:\/\/www.europesays.com\/fr\/wp-json\/wp\/v2\/users\/2"}],"replies":[{"embeddable":true,"href":"https:\/\/www.europesays.com\/fr\/wp-json\/wp\/v2\/comments?post=597911"}],"version-history":[{"count":0,"href":"https:\/\/www.europesays.com\/fr\/wp-json\/wp\/v2\/posts\/597911\/revisions"}],"wp:featuredmedia":[{"embeddable":true,"href":"https:\/\/www.europesays.com\/fr\/wp-json\/wp\/v2\/media\/597912"}],"wp:attachment":[{"href":"https:\/\/www.europesays.com\/fr\/wp-json\/wp\/v2\/media?parent=597911"}],"wp:term":[{"taxonomy":"category","embeddable":true,"href":"https:\/\/www.europesays.com\/fr\/wp-json\/wp\/v2\/categories?post=597911"},{"taxonomy":"post_tag","embeddable":true,"href":"https:\/\/www.europesays.com\/fr\/wp-json\/wp\/v2\/tags?post=597911"}],"curies":[{"name":"wp","href":"https:\/\/api.w.org\/{rel}","templated":true}]}}