{"id":597913,"date":"2025-12-14T03:23:16","date_gmt":"2025-12-14T03:23:16","guid":{"rendered":"https:\/\/www.europesays.com\/fr\/597913\/"},"modified":"2025-12-14T03:23:16","modified_gmt":"2025-12-14T03:23:16","slug":"il-y-avait-beaucoup-de","status":"publish","type":"post","link":"https:\/\/www.europesays.com\/fr\/597913\/","title":{"rendered":"Il y avait beaucoup de&#8230;"},"content":{"rendered":"<p>Par <a class=\"author_recette\" id=\"author_name\" href=\"https:\/\/www.nextplz.fr\/auteur\/mamy\" target=\"_blank\" rel=\"noopener\">Mamy Yves<br \/>\nRatsimbazafy<\/a> &#8211; Publi\u00e9 le 13 D\u00e9c 2025 \u00e0 20:30<\/p>\n<p class=\"article-intro excerpt\">Alors en pleine tourn\u00e9e africaine<br \/>\nen 1968, Johnny Hallyday a vu son passage \u00e0 Yaound\u00e9 virer au chaos.<br \/>\nUne altercation explosive qui a entra\u00een\u00e9 son expulsion imm\u00e9diate et<br \/>\nprovoqu\u00e9 un remous diplomatique inattendu.<\/p>\n<p>Au printemps 1968, Johnny Hallyday a travers\u00e9 l\u2019Afrique pour une<br \/>\ntourn\u00e9e ambitieuse cens\u00e9e l\u2019emmener de Dakar \u00e0 Fort-Lamy.<br \/>\nL\u2019objectif \u00e9tait alors d\u2019\u00e9tendre son influence internationale \u00e0<br \/>\ntravers une s\u00e9rie de concerts c\u00e9l\u00e9br\u00e9s comme <a href=\"https:\/\/www.nextplz.fr\/people\/520562-johnny-hallyday-des-traces-de-sang-une-scene-maquillee-par-une-entreprise-de-nettoyage-il-ne-voulait-pas-que\" target=\"_blank\" rel=\"noopener\"><br \/>\nde v\u00e9ritables \u00e9v\u00e9nements populaires<\/a>. Mais alors que la France<br \/>\ns\u2019embrasait sous les pav\u00e9s de Mai 68, lui abordait ce voyage avec<br \/>\nun esprit festif, encha\u00eenant les \u00e9tapes et les rencontres. Rien ne<br \/>\nlaissait pr\u00e9sager qu\u2019\u00e0 Yaound\u00e9, au Cameroun, son passage allait<br \/>\nprovoquer une crise diplomatique retentissante. Pourtant, quelques<br \/>\nheures apr\u00e8s son arriv\u00e9e, l\u2019interpr\u00e8te du \u00ab P\u00e9nitencier \u00bb s\u2019est<br \/>\nretrouv\u00e9 au c\u0153ur d\u2019un incident suffisant pour mobiliser les<br \/>\nautorit\u00e9s fran\u00e7aises et camerounaises.<\/p>\n<p>Johnny Hallyday expuls\u00e9 apr\u00e8s une tourn\u00e9e africaine<br \/>\nmouvement\u00e9e<\/p>\n<p>Selon les archives exhum\u00e9es par les auteurs de Kamerun,<br \/>\nun conseiller fran\u00e7ais a adress\u00e9 un rapport s\u00e9v\u00e8re \u00e0 Jacques<br \/>\nFoccart, pilier de la cellule africaine de l\u2019\u00c9lys\u00e9e. On y lit qu\u2019en<br \/>\ndate du 10 mai 1968, \u00ab Monsieur Smet, dit Johnny Hallyday, chanteur<br \/>\nfantaisiste \u00bb, aurait provoqu\u00e9 une violente altercation \u00e0 son<br \/>\narriv\u00e9e \u00e0 l\u2019h\u00f4tel de l\u2019Ind\u00e9pendance. Manifestement sous l\u2019emprise<br \/>\nde l\u2019alcool, selon ce rapport, le rockeur se serait battu et aurait<br \/>\nfrapp\u00e9 un ministre centrafricain pr\u00e9sent sur les lieux. Une version<br \/>\nofficielle, brutale et sans nuances, qui a conduit imm\u00e9diatement \u00e0<br \/>\nl\u2019expulsion du chanteur, sans n\u00e9gociation possible.<\/p>\n<p>\u00ab Il<br \/>\ny avait beaucoup de monde\u2026 \u00bb : la version de Johnny Hallyday<\/p>\n<p>De retour en France, Johnny Hallyday a livr\u00e9 une tout autre<br \/>\nlecture de la sc\u00e8ne dans une d\u00e9claration \u00e0 l\u2019AFP. Il a en effet<br \/>\nracont\u00e9 une bousculade impr\u00e9vue dans le hall d\u2019un h\u00f4tel bond\u00e9,<br \/>\nalors qu\u2019il tentait seulement de r\u00e9cup\u00e9rer la cl\u00e9 de sa chambre. Un<br \/>\ninconnu l\u2019aurait insult\u00e9 en raison de ses cheveux longs, avant de<br \/>\nle saisir violemment, d\u00e9chirant son polo et cassant la cha\u00eene qu\u2019il<br \/>\nportait. Pour lui, aucune intention belliqueuse, uniquement une<br \/>\nr\u00e9action instinctive face \u00e0 une agression inattendue. Malgr\u00e9 son<br \/>\nexpulsion et l\u2019annulation de son concert, il a assur\u00e9 ne ressentir<br \/>\naucune ranc\u0153ur envers \u00ab le peuple camerounais \u00bb.<\/p>\n<p>Ahmadou<br \/>\nAhidjo condamne la culture y\u00e9y\u00e9 un an plus tard<\/p>\n<p>L\u2019affaire a en tout cas rebondi en 1969 lorsque le pr\u00e9sident<br \/>\ncamerounais Ahmadou Ahidjo a publiquement critiqu\u00e9 la culture y\u00e9y\u00e9,<br \/>\nsymbole pour lui d\u2019une jeunesse \u00ab inadapt\u00e9e \u00bb. Sans nommer<br \/>\nexplicitement Johnny Hallyday, il a alors clairement vis\u00e9 les<br \/>\nidoles occidentales jug\u00e9es n\u00e9fastes pour un pays en pleine<br \/>\nconstruction identitaire. Un discours qui a confirm\u00e9 <a href=\"https:\/\/fr.wikipedia.org\/wiki\/Johnny_Hallyday\" target=\"_blank\" rel=\"noopener\">\u00e0<br \/>\nquel point l\u2019\u00e9pisode d\u00e9passait le simple incident de couloir<\/a> :<br \/>\nil illustrait un choc culturel profond entre une star en pleine<br \/>\nascension et un \u00c9tat soucieux d\u2019encadrer ses r\u00e9f\u00e9rences.<\/p>\n<p>Un \u00e9pisode<br \/>\nmarquant de la carri\u00e8re du rockeur<\/p>\n<p>Avec le recul, cet incident reste l\u2019un des plus surprenants de<br \/>\nla carri\u00e8re de Johnny Hallyday. Entre quiproquo, tensions<br \/>\npolitiques et incompr\u00e9hensions culturelles, cette expulsion express<br \/>\na laiss\u00e9 une trace durable dans l\u2019histoire du Cameroun\u2026 et dans la<br \/>\nl\u00e9gende d\u00e9j\u00e0 tumultueuse du rockeur fran\u00e7ais.<\/p>\n","protected":false},"excerpt":{"rendered":"Par Mamy Yves Ratsimbazafy &#8211; Publi\u00e9 le 13 D\u00e9c 2025 \u00e0 20:30 Alors en pleine tourn\u00e9e africaine en&hellip;\n","protected":false},"author":2,"featured_media":597914,"comment_status":"","ping_status":"","sticky":false,"template":"","format":"standard","meta":{"footnotes":""},"categories":[1359],"tags":[21303,58,59,1011,27,973,65861],"class_list":{"0":"post-597913","1":"post","2":"type-post","3":"status-publish","4":"format-standard","5":"has-post-thumbnail","7":"category-people","8":"tag-buzz_nonli","9":"tag-divertissement","10":"tag-entertainment","11":"tag-fr","12":"tag-france","13":"tag-people","14":"tag-trend"},"share_on_mastodon":{"url":"https:\/\/pubeurope.com\/@fr\/115715781710226120","error":""},"_links":{"self":[{"href":"https:\/\/www.europesays.com\/fr\/wp-json\/wp\/v2\/posts\/597913","targetHints":{"allow":["GET"]}}],"collection":[{"href":"https:\/\/www.europesays.com\/fr\/wp-json\/wp\/v2\/posts"}],"about":[{"href":"https:\/\/www.europesays.com\/fr\/wp-json\/wp\/v2\/types\/post"}],"author":[{"embeddable":true,"href":"https:\/\/www.europesays.com\/fr\/wp-json\/wp\/v2\/users\/2"}],"replies":[{"embeddable":true,"href":"https:\/\/www.europesays.com\/fr\/wp-json\/wp\/v2\/comments?post=597913"}],"version-history":[{"count":0,"href":"https:\/\/www.europesays.com\/fr\/wp-json\/wp\/v2\/posts\/597913\/revisions"}],"wp:featuredmedia":[{"embeddable":true,"href":"https:\/\/www.europesays.com\/fr\/wp-json\/wp\/v2\/media\/597914"}],"wp:attachment":[{"href":"https:\/\/www.europesays.com\/fr\/wp-json\/wp\/v2\/media?parent=597913"}],"wp:term":[{"taxonomy":"category","embeddable":true,"href":"https:\/\/www.europesays.com\/fr\/wp-json\/wp\/v2\/categories?post=597913"},{"taxonomy":"post_tag","embeddable":true,"href":"https:\/\/www.europesays.com\/fr\/wp-json\/wp\/v2\/tags?post=597913"}],"curies":[{"name":"wp","href":"https:\/\/api.w.org\/{rel}","templated":true}]}}