{"id":597915,"date":"2025-12-14T03:24:16","date_gmt":"2025-12-14T03:24:16","guid":{"rendered":"https:\/\/www.europesays.com\/fr\/597915\/"},"modified":"2025-12-14T03:24:16","modified_gmt":"2025-12-14T03:24:16","slug":"le-livre-dartiste-le-plus-iconique-du-xxe-siecle-lhistoire-nicoise-derriere-les-oeuvres-dhenri-matisse-volees-au-bresil-nice-matin","status":"publish","type":"post","link":"https:\/\/www.europesays.com\/fr\/597915\/","title":{"rendered":"\u00ab Le livre d\u2019artiste le plus iconique du XXe si\u00e8cle \u00bb : l\u2019histoire ni\u00e7oise derri\u00e8re les \u0153uvres d\u2019Henri Matisse vol\u00e9es au Br\u00e9sil &#8211; Nice-Matin"},"content":{"rendered":"<ol>\n<li><a href=\"https:\/\/news.google.com\/rss\/articles\/CBMi_AFBVV95cUxObmxzUlRjMjRJVzJmN25oYVZOd3dJSEJIZlQ1dnBnbzZmSUlqVDZjbDJZSEFsaUg1Qk5IZE1vYlVsaGllVHVPdjFFTnBpZk1fRzktU0FVNVpXRjF1U05oZDNiLXcyZ0F3MjE2Y3JsZHV1WnV3NFIxZE91UHpyODB3a1NMVEtMck9YVlZ2T2cwelJvRU9iQ0xvY1ZLLVozTGpQR1B1cGVfMnIxdTB0enJ5RFdHX2FFRndFMEtoVEdzZzVXVDVMSUNta0M3NUE5WlItbHlYQlRsckZyMmx5dVlRZWtkUlByRncxS1NtVWlMd0NXSEZJTUpzYWhpdjU?oc=5\" target=\"_blank\" rel=\"noopener\">\u00ab Le livre d\u2019artiste le plus iconique du XXe si\u00e8cle \u00bb : l\u2019histoire ni\u00e7oise derri\u00e8re les \u0153uvres d\u2019Henri Matisse vol\u00e9es au Br\u00e9sil<\/a>&nbsp;&nbsp;Nice-Matin<\/li>\n<li><a href=\"https:\/\/news.google.com\/rss\/articles\/CBMipwJBVV95cUxNVXhxLUlXY1lDQ1hEbFBjQVN5aG1sMnAzaDVFM2F1dV9yWHRNNDBFVkxLUFRtYkpfVV94TDNaazJqcmdXOU5idXM1RUhfQjlwTDJWNmMyb1R1WUJ1TFg1VG1BVHoyT1h5d29ycWI3elctRjB0UHRDY1dXNVYwUEFJZ3FQNHowbW4yeXdHY0Y0QTJTVi1LNkVHN0k1OXRncWttQ2hPbGpIRjdkSTIyVnVUdS14OUhFQ3VNQ2l1dWRPYzdiVHRuYmtaNUtYcTlIYVV2RlNSXzZjX19RVkdHMzJOUzA1dFdUUGZmV2VRSTRvcC1ZamtVMER1bkNCWXU4MWUxLXlRcVFtMlFzUW5TczMxNlN4bWY3c1hUWTE0X2N0MElGU3ZzRDJr?oc=5\" target=\"_blank\" rel=\"noopener\">\u00ab\u00a0Le v\u00e9hicule utilis\u00e9 pour s&rsquo;enfuir a \u00e9t\u00e9 localis\u00e9\u00a0\u00bb: un des suspects du vol des gravures d&rsquo;Henri Matisse au Br\u00e9sil arr\u00eat\u00e9<\/a>&nbsp;&nbsp;BFM<\/li>\n<li><a href=\"https:\/\/news.google.com\/rss\/articles\/CBMi6wFBVV95cUxPcEtUVi1Id0VodkNSSTA3bk9aVGdGZWdRaElzTjZ6cUhrc1hFeFVQZkNXdzFMRy1aTkxpa1pFMGZDNWJtWTkyNzEzVUNFR082emFZMVlncGh0RFRYd1Z2azhnSkdLR2x5S240a0piLUR1YkdkNWhUS01tNExWSnd0My03UjAzbzhacjNBSlJrTFhPNmdlQUxfLVlwZkhhdG9yLXpXT0JyQ1dnclJDTExxejNhVEVEcEhRbUhETlR0alZYNDVjZHVpanpUVGJiYm1BZERSQnNpZTV5aDM2b2dMZDgtOXI2MjQ5bThF?oc=5\" target=\"_blank\" rel=\"noopener\">Au Br\u00e9sil, huit gravures d\u2019Henri Matisse vol\u00e9es dans une biblioth\u00e8que de Sao Paulo<\/a>&nbsp;&nbsp;Le Monde.fr<\/li>\n<li><a href=\"https:\/\/news.google.com\/rss\/articles\/CBMinAFBVV95cUxOQVFYWEpZMkhnM3NhRURkQzVaSFJ5ZU1DVjZ6N2R6REt4Wi11Z2RRMmV0cjNqZmhNWWdwX1g5LWJZTUFWUUVXZTZqNmVLNzVFZk9ZV3BfT25lai1nNjVWelF5WDloSGN0ZlRVZHdBU3FvMk4zTi1LSURRLWM5U1d4RzNNZnBzdE5nQnIwMDdpb0lxbWxXN1lBSF9BRDQ?oc=5\" target=\"_blank\" rel=\"noopener\">Br\u00e9sil : L\u2019un des suspects du vol des \u0153uvres du peintre Matisse a \u00e9t\u00e9 arr\u00eat\u00e9<\/a>&nbsp;&nbsp;20 Minutes<\/li>\n<li><a href=\"https:\/\/news.google.com\/rss\/articles\/CBMipwFBVV95cUxQbTc2Z3RVaFZHdEFyUHBjMWRTRzlDZ0VoV21ROTB6MnV6VTViLV95Rjc4V2Rsb3hnZFJ6NFYtVjI0S25kNEk0TTl1d3VvcWhpTFV5amRWN0lIRkFJTHpXYXB3OFkxS2M2OUJ0R2pVVjk0M2U1NFNaNnVfQ2Rkbm9IdmdYbHVDTWlqUzhFOXBQdTdtZVM5WWJLNHZmWHRicThSR3FUWUFNUQ?oc=5\" target=\"_blank\" rel=\"noopener\">Des estampes de Matisse vol\u00e9es dans un mus\u00e9e br\u00e9silien<\/a>&nbsp;&nbsp;Le Journal Des Arts<\/li>\n<\/ol>\n","protected":false},"excerpt":{"rendered":"\u00ab Le livre d\u2019artiste le plus iconique du XXe si\u00e8cle \u00bb : l\u2019histoire ni\u00e7oise derri\u00e8re les \u0153uvres d\u2019Henri&hellip;\n","protected":false},"author":2,"featured_media":395849,"comment_status":"","ping_status":"","sticky":false,"template":"","format":"standard","meta":{"footnotes":""},"categories":[1358],"tags":[1348,1384,1385,1386,58,59,1011,27],"class_list":{"0":"post-597915","1":"post","2":"type-post","3":"status-publish","4":"format-standard","5":"has-post-thumbnail","7":"category-arts-et-design","8":"tag-arts","9":"tag-arts-and-design","10":"tag-arts-et-design","11":"tag-design","12":"tag-divertissement","13":"tag-entertainment","14":"tag-fr","15":"tag-france"},"share_on_mastodon":{"url":"https:\/\/pubeurope.com\/@fr\/115715785591136148","error":""},"_links":{"self":[{"href":"https:\/\/www.europesays.com\/fr\/wp-json\/wp\/v2\/posts\/597915","targetHints":{"allow":["GET"]}}],"collection":[{"href":"https:\/\/www.europesays.com\/fr\/wp-json\/wp\/v2\/posts"}],"about":[{"href":"https:\/\/www.europesays.com\/fr\/wp-json\/wp\/v2\/types\/post"}],"author":[{"embeddable":true,"href":"https:\/\/www.europesays.com\/fr\/wp-json\/wp\/v2\/users\/2"}],"replies":[{"embeddable":true,"href":"https:\/\/www.europesays.com\/fr\/wp-json\/wp\/v2\/comments?post=597915"}],"version-history":[{"count":0,"href":"https:\/\/www.europesays.com\/fr\/wp-json\/wp\/v2\/posts\/597915\/revisions"}],"wp:featuredmedia":[{"embeddable":true,"href":"https:\/\/www.europesays.com\/fr\/wp-json\/wp\/v2\/media\/395849"}],"wp:attachment":[{"href":"https:\/\/www.europesays.com\/fr\/wp-json\/wp\/v2\/media?parent=597915"}],"wp:term":[{"taxonomy":"category","embeddable":true,"href":"https:\/\/www.europesays.com\/fr\/wp-json\/wp\/v2\/categories?post=597915"},{"taxonomy":"post_tag","embeddable":true,"href":"https:\/\/www.europesays.com\/fr\/wp-json\/wp\/v2\/tags?post=597915"}],"curies":[{"name":"wp","href":"https:\/\/api.w.org\/{rel}","templated":true}]}}