{"id":597918,"date":"2025-12-14T03:27:20","date_gmt":"2025-12-14T03:27:20","guid":{"rendered":"https:\/\/www.europesays.com\/fr\/597918\/"},"modified":"2025-12-14T03:27:20","modified_gmt":"2025-12-14T03:27:20","slug":"zp-theart-ex-dragonforce-skid-row-signe-son-retour-13-ans-plus-tard-avec-dark-to-light","status":"publish","type":"post","link":"https:\/\/www.europesays.com\/fr\/597918\/","title":{"rendered":"ZP Theart (ex-DragonForce, Skid Row) signe son retour 13 ans plus tard avec Dark To Light"},"content":{"rendered":"<p><strong>ZP Theart, ancien chanteur de <a href=\"https:\/\/www.metalzone.fr\/dragonforce\/\" target=\"_blank\" rel=\"noopener\">DragonForce<\/a> et <a href=\"https:\/\/www.metalzone.fr\/skid-row\/\" target=\"_blank\" rel=\"noopener\">Skid Row<\/a>, publie Dark To Light, son tout premier single solo, ouvrant une nouvelle phase dans une carri\u00e8re en constante \u00e9volution.<\/strong><\/p>\n<p>ZP Theart fait son retour avec Dark To Light<\/p>\n<p>Le 12 d\u00e9cembre 2025, ZP Theart a lev\u00e9 le voile sur Dark To Light, son tout premier single solo. Ce morceau marque un tournant pour le chanteur, qui s\u2019exprime ici pour la premi\u00e8re fois en solo. Il a travaill\u00e9 avec le compositeur et producteur suisse Syndrone, pour cr\u00e9er un son qu\u2019il cherchait \u00e0 explorer depuis longtemps. \u201cCe single marque ma premi\u00e8re sortie en solo, et entamer ce nouveau chapitre a \u00e9t\u00e9 incroyablement stimulant\u201d, a-t-il d\u00e9clar\u00e9, avant d\u2019ajouter : \u201cJe suis plus qu\u2019impatient de vous d\u00e9voiler ce que je pr\u00e9pare pour 2026. Joyeux putain de No\u00ebl !\u201d<\/p>\n<p>Un parcours vocal singulier, entre pass\u00e9 culte et projets \u00e0 venir<\/p>\n<p>Chanteur d\u2019exception, Theart s\u2019est d\u2019abord fait conna\u00eetre en tant que voix fondatrice de DragonForce. Il a contribu\u00e9 \u00e0 forger l\u2019identit\u00e9 du groupe \u00e0 travers des albums embl\u00e9matiques comme Valley Of The Damned et Inhuman Rampage. Le succ\u00e8s mondial de Through The Fire And Flames, notamment via Guitar Hero III, a propuls\u00e9 le groupe sur le devant de la sc\u00e8ne.<\/p>\n<p>Une tourn\u00e9e anniversaire est envisag\u00e9e pour 2026, \u00e0 l\u2019occasion des 20 ans de cet album culte. Herman Li a fait savoir qu\u2019il souhaitait r\u00e9unir les anciens membres \u2013 la pr\u00e9sence de Theart, bien que non confirm\u00e9e, reste envisageable.<\/p>\n<p>Apr\u00e8s avoir quitt\u00e9 DragonForce en 2010, Theart a lanc\u00e9 le projet I Am I, avant de rejoindre Tank, puis Skid Row en 2016. Il y est rest\u00e9 jusqu\u2019en f\u00e9vrier 2022, lorsqu\u2019il a \u00e9t\u00e9 \u00e9cart\u00e9 du groupe en raison de divergences musicales. Malgr\u00e9 cette fin abrupte, ses anciens coll\u00e8gues ont salu\u00e9 son professionnalisme et son talent.<\/p>\n<p>\u00c0 48 ans, ZP Theart entame un nouveau chapitre. Fort d\u2019une carri\u00e8re riche, il s\u2019impose une fois encore comme une voix \u00e0 suivre de pr\u00e8s dans le paysage <a href=\"https:\/\/www.metalzone.fr\/heavy-metal\/\" target=\"_blank\" rel=\"noopener\">metal<\/a> international.<\/p>\n<p>Dark To Light de ZP Theart :<\/p>\n","protected":false},"excerpt":{"rendered":"ZP Theart, ancien chanteur de DragonForce et Skid Row, publie Dark To Light, son tout premier single solo,&hellip;\n","protected":false},"author":2,"featured_media":597919,"comment_status":"","ping_status":"","sticky":false,"template":"","format":"standard","meta":{"footnotes":""},"categories":[1355],"tags":[58,59,1011,27,1361,873],"class_list":{"0":"post-597918","1":"post","2":"type-post","3":"status-publish","4":"format-standard","5":"has-post-thumbnail","7":"category-musique","8":"tag-divertissement","9":"tag-entertainment","10":"tag-fr","11":"tag-france","12":"tag-music","13":"tag-musique"},"share_on_mastodon":{"url":"https:\/\/pubeurope.com\/@fr\/115715797460631887","error":""},"_links":{"self":[{"href":"https:\/\/www.europesays.com\/fr\/wp-json\/wp\/v2\/posts\/597918","targetHints":{"allow":["GET"]}}],"collection":[{"href":"https:\/\/www.europesays.com\/fr\/wp-json\/wp\/v2\/posts"}],"about":[{"href":"https:\/\/www.europesays.com\/fr\/wp-json\/wp\/v2\/types\/post"}],"author":[{"embeddable":true,"href":"https:\/\/www.europesays.com\/fr\/wp-json\/wp\/v2\/users\/2"}],"replies":[{"embeddable":true,"href":"https:\/\/www.europesays.com\/fr\/wp-json\/wp\/v2\/comments?post=597918"}],"version-history":[{"count":0,"href":"https:\/\/www.europesays.com\/fr\/wp-json\/wp\/v2\/posts\/597918\/revisions"}],"wp:featuredmedia":[{"embeddable":true,"href":"https:\/\/www.europesays.com\/fr\/wp-json\/wp\/v2\/media\/597919"}],"wp:attachment":[{"href":"https:\/\/www.europesays.com\/fr\/wp-json\/wp\/v2\/media?parent=597918"}],"wp:term":[{"taxonomy":"category","embeddable":true,"href":"https:\/\/www.europesays.com\/fr\/wp-json\/wp\/v2\/categories?post=597918"},{"taxonomy":"post_tag","embeddable":true,"href":"https:\/\/www.europesays.com\/fr\/wp-json\/wp\/v2\/tags?post=597918"}],"curies":[{"name":"wp","href":"https:\/\/api.w.org\/{rel}","templated":true}]}}