{"id":597922,"date":"2025-12-14T03:30:18","date_gmt":"2025-12-14T03:30:18","guid":{"rendered":"https:\/\/www.europesays.com\/fr\/597922\/"},"modified":"2025-12-14T03:30:18","modified_gmt":"2025-12-14T03:30:18","slug":"epidemie-de-bronchiolite-circulation-active-de-la-grippe-lars-martinique-appelle-la-population-a-la-vigilance","status":"publish","type":"post","link":"https:\/\/www.europesays.com\/fr\/597922\/","title":{"rendered":"\u00c9pid\u00e9mie de bronchiolite, circulation active de la grippe&#8230; l\u2019ARS Martinique appelle la population \u00e0 la vigilance"},"content":{"rendered":"<p class=\"svelte-qfpp5o first-paragraph\">Dans un communiqu\u00e9 publi\u00e9 le 12 d\u00e9cembre, l\u2019ARS Martinique indique que \u00ab\u00a0la Martinique conna\u00eet actuellement une augmentation significative des infections respiratoires aigu\u00ebs, marqu\u00e9e par une intensification de la circulation du virus de la grippe (Influenza A) et une \u00e9pid\u00e9mie de bronchiolite\u00a0\u00bb.<\/p>\n<p>Passage en phase \u00e9pid\u00e9mique de bronchiolite<\/p>\n<p class=\"svelte-qfpp5o\">Les donn\u00e9es de surveillance confirment cette tendance. Lors de la derni\u00e8re semaine de novembre, 480 cas cliniquement \u00e9vocateurs ont \u00e9t\u00e9 recens\u00e9s en m\u00e9decine de ville, contre une moyenne de 400 cas les semaines pr\u00e9c\u00e9dentes.<\/p>\n<p class=\"svelte-qfpp5o\">Dans les \u00e9tablissements hospitaliers, le taux de positivit\u00e9 au virus de la grippe atteint 11 %, ce qui t\u00e9moign\u00e9 \u00ab\u00a0d&rsquo;une circulation active du virus Influenza A\u00a0\u00bb, pr\u00e9cise l\u2019Agence de sant\u00e9.<\/p>\n<p class=\"svelte-qfpp5o\">Par ailleurs, avec 28 passages aux urgences et 12 hospitalisations enregistr\u00e9s chez les enfants de moins d\u2019un an, la Martinique est d\u00e9sormais entr\u00e9e en phase \u00e9pid\u00e9mique de bronchiolite.<\/p>\n<p class=\"svelte-qfpp5o\">\u00ab\u00a0Cette maladie tr\u00e8s contagieuse touche principalement les nourrissons et peut entra\u00eener des complications s\u00e9v\u00e8res\u00a0\u00bb, rappelle les professionnels de sant\u00e9.<\/p>\n<p>Comment pr\u00e9venir les infections respiratoires aigu\u00ebs ?<\/p>\n<p class=\"svelte-qfpp5o\">Outre la vaccination, plusieurs gestes barri\u00e8res permettent de limiter la transmission des virus respiratoires : se laver soigneusement les mains, nettoyer r\u00e9guli\u00e8rement les objets et surfaces, porter un masque en cas de sympt\u00f4mes, \u00e9viter les lieux publics confin\u00e9s, a\u00e9rer fr\u00e9quemment les pi\u00e8ces ou limiter les contacts avec les personnes les plus fragiles.<\/p>\n<p class=\"svelte-qfpp5o\">En cas de doute ou d\u2019apparition de sympt\u00f4mes inqui\u00e9tants, il est recommand\u00e9 de consulter son m\u00e9decin traitant ou de contacter le 15 avant de se rendre aux urgences.<\/p>\n","protected":false},"excerpt":{"rendered":"Dans un communiqu\u00e9 publi\u00e9 le 12 d\u00e9cembre, l\u2019ARS Martinique indique que \u00ab\u00a0la Martinique conna\u00eet actuellement une augmentation significative&hellip;\n","protected":false},"author":2,"featured_media":597923,"comment_status":"","ping_status":"","sticky":false,"template":"","format":"standard","meta":{"footnotes":""},"categories":[10],"tags":[1011,27,72,71],"class_list":{"0":"post-597922","1":"post","2":"type-post","3":"status-publish","4":"format-standard","5":"has-post-thumbnail","7":"category-sante","8":"tag-fr","9":"tag-france","10":"tag-health","11":"tag-sante"},"share_on_mastodon":{"url":"https:\/\/pubeurope.com\/@fr\/115715809274848297","error":""},"_links":{"self":[{"href":"https:\/\/www.europesays.com\/fr\/wp-json\/wp\/v2\/posts\/597922","targetHints":{"allow":["GET"]}}],"collection":[{"href":"https:\/\/www.europesays.com\/fr\/wp-json\/wp\/v2\/posts"}],"about":[{"href":"https:\/\/www.europesays.com\/fr\/wp-json\/wp\/v2\/types\/post"}],"author":[{"embeddable":true,"href":"https:\/\/www.europesays.com\/fr\/wp-json\/wp\/v2\/users\/2"}],"replies":[{"embeddable":true,"href":"https:\/\/www.europesays.com\/fr\/wp-json\/wp\/v2\/comments?post=597922"}],"version-history":[{"count":0,"href":"https:\/\/www.europesays.com\/fr\/wp-json\/wp\/v2\/posts\/597922\/revisions"}],"wp:featuredmedia":[{"embeddable":true,"href":"https:\/\/www.europesays.com\/fr\/wp-json\/wp\/v2\/media\/597923"}],"wp:attachment":[{"href":"https:\/\/www.europesays.com\/fr\/wp-json\/wp\/v2\/media?parent=597922"}],"wp:term":[{"taxonomy":"category","embeddable":true,"href":"https:\/\/www.europesays.com\/fr\/wp-json\/wp\/v2\/categories?post=597922"},{"taxonomy":"post_tag","embeddable":true,"href":"https:\/\/www.europesays.com\/fr\/wp-json\/wp\/v2\/tags?post=597922"}],"curies":[{"name":"wp","href":"https:\/\/api.w.org\/{rel}","templated":true}]}}