{"id":597928,"date":"2025-12-14T03:33:22","date_gmt":"2025-12-14T03:33:22","guid":{"rendered":"https:\/\/www.europesays.com\/fr\/597928\/"},"modified":"2025-12-14T03:33:22","modified_gmt":"2025-12-14T03:33:22","slug":"50-sur-ce-kit-2k-chez-boulanger","status":"publish","type":"post","link":"https:\/\/www.europesays.com\/fr\/597928\/","title":{"rendered":"-50% sur ce kit 2K chez Boulanger"},"content":{"rendered":"<p>Si vous pensez \u00e0 opter pour une cam\u00e9ra connect\u00e9e pour surveiller votre domicile pendant les vacances de No\u00ebl, Boulanger propose le kit parfait : une cam\u00e9ra int\u00e9rieure et ext\u00e9rieure de la marque Arlo \u00e0 seulement 79 euros contre 159 euros de base.<\/p>\n<p><a target=\"_blank\" href=\"https:\/\/images.frandroid.com\/wp-content\/uploads\/2025\/12\/pack-arlo.jpg\" class=\"article-content__figure\" rel=\"nofollow noopener\"><img fetchpriority=\"high\" decoding=\"async\" loading=\"eager\" width=\"1200\" height=\"675\" src=\"https:\/\/www.europesays.com\/fr\/wp-content\/uploads\/2025\/12\/pack-arlo.jpg\" alt=\"\" class=\"wp-image-2903091 wp-image wp-image\"  \/><\/a><\/p>\n<p>Dans le cas o\u00f9 vous partirez pendant les f\u00eates de No\u00ebl, et que vous souhaitez surveiller votre domicile, on a l\u2019offre qu\u2019il vous faut : <a href=\"https:\/\/shop.frandroid.com\/gxyyxx9d\" target=\"_blank\" rel=\"noreferrer noopener affiliate nofollow\" data-gtm=\"{&quot;event&quot;:&quot;afficlic&quot;,&quot;nom_marchand&quot;:&quot;boulanger&quot;,&quot;nom_produit&quot;:&quot;inconnu&quot;,&quot;categorie_produit&quot;:&quot;inconnu&quot;,&quot;module_produit&quot;:&quot;editolink&quot;,&quot;position_marchand&quot;:0,&quot;texte&quot;:&quot;ce-pack-arlo-vendu-a-moitie-prix&quot;,&quot;offer_url&quot;:&quot;https:\/\/shop.frandroid.com\/gxyyxx9d&quot;,&quot;zone&quot;:&quot;contenu-page&quot;}\">ce pack Arlo vendu \u00e0 moiti\u00e9 prix<\/a> contient une petite cam\u00e9ra int\u00e9rieure ainsi qu\u2019une cam\u00e9ra ext\u00e9rieure qui filment toutes deux en 2K pour couvrir l\u2019int\u00e9gralit\u00e9 de votre logement. Aucun d\u00e9tail ne pourra vous \u00e9chapper, que vous soyez chez vous ou non, avec des alertes en temps r\u00e9el et un audio bidirectionnel qui permet de communiquer \u00e0 tout moment. <\/p>\n<p>Les atouts de ce pack Arlo <\/p>\n<ul class=\"wp-block-list\">\n<li>Une cam\u00e9ra int\u00e9rieure et ext\u00e9rieure simple \u00e0 installer<\/li>\n<li>Une image 2K, une sir\u00e8ne et un projecteur int\u00e9gr\u00e9s<\/li>\n<li>La d\u00e9tection de mouvement est tr\u00e8s efficace<\/li>\n<\/ul>\n<p>De base, \u00e0 159,99 euros, le pack Arlo incluant l\u2019Essential 2 Outdoor 2K et l\u2019Indoor 2K se n\u00e9gocie aujourd\u2019hui <a href=\"https:\/\/shop.frandroid.com\/gxyyxx9d\" target=\"_blank\" rel=\"noreferrer noopener affiliate nofollow\" data-gtm=\"{&quot;event&quot;:&quot;afficlic&quot;,&quot;nom_marchand&quot;:&quot;boulanger&quot;,&quot;nom_produit&quot;:&quot;inconnu&quot;,&quot;categorie_produit&quot;:&quot;inconnu&quot;,&quot;module_produit&quot;:&quot;editolink&quot;,&quot;position_marchand&quot;:0,&quot;texte&quot;:&quot;en-promotion-a-79-99-euros-sur-le-site-boulanger&quot;,&quot;offer_url&quot;:&quot;https:\/\/shop.frandroid.com\/gxyyxx9d&quot;,&quot;zone&quot;:&quot;contenu-page&quot;}\">en promotion \u00e0 79,99 euros sur le site Boulanger.<\/a><\/p>\n<p>                <img decoding=\"async\" width=\"1200\" height=\"446\" loading=\"lazy\" alt=\"E8173 1325\u00d7492\" title=\"E8173 1325\u00d7492\" class=\"is-radiusless placeholder-default wp-image\" src=\"https:\/\/www.europesays.com\/fr\/wp-content\/uploads\/2025\/12\/e8173-1325x492-1-1200x446.jpg\" \/>            <\/p>\n<p>\n                    La tranquillit\u00e9 de la s\u00e9curit\u00e9 \u00e0 prix cass\u00e9                <\/p>\n<p class=\"has-text-weight-medium is-size-6 is-line-height-normal\">\n                    S\u00e9curit\u00e9 connect\u00e9e, vision nocturne et stockage local inclus. Prot\u00e9gez votre domicile avec ce kit de 2 SoloCam E42 en ce moment \u00e0 un prix jamais vu !                <\/p>\n<p>Une cam\u00e9ra d\u00e9di\u00e9e pour l\u2019ext\u00e9rieur, bourr\u00e9e de fonctionnalit\u00e9s<\/p>\n<p>Dans ce pack, on trouve l\u2019Arlo Essential 2 Outdoor. Une cam\u00e9ra capable de filmer en 2K, de jour comme de nuit. Vous avez donc une excellente qualit\u00e9 d\u2019image, qui permet d\u2019identifier toute personne qui passe devant l\u2019objectif. Et pour \u00e9viter les fausses alertes ou les notifications inutiles, il est possible de d\u00e9finir des zones de d\u00e9tection afin de recevoir des notifications uniquement lorsque des mouvements sont rep\u00e9r\u00e9s dans des emplacements pr\u00e9cis devant le capteur. Le r\u00e9glage se fait tr\u00e8s simplement, avec une interface \u00e0 la fois intuitive et rapide \u00e0 utiliser.<\/p>\n<p>Elle a l\u2019avantage de proposer des fonctionnalit\u00e9s bien pratiques : une sir\u00e8ne et un spot. Vous pouvez les d\u00e9clencher \u00e0 distance, l\u2019un, l\u2019autre ou les deux en m\u00eame temps, ce qui peut servir \u00e0 dissuader les intrus ou \u00e0 alerter le voisinage. Pour parachever le tout, il y a l\u2019audio bidirectionnel qui permet de parler via la cam\u00e9ra, en plus d\u2019entendre ce qu\u2019il se passe.<\/p>\n<p>Un autre alli\u00e9 pour l\u2019int\u00e9rieur <\/p>\n<p>On trouve aussi dans ce kit une cam\u00e9ra int\u00e9rieure, la Essential Indoor 2K. Ce mod\u00e8le compact et filaire, mont\u00e9 sur un support, peut \u00eatre install\u00e9 sur n\u2019importe quel meuble ou fix\u00e9e au mur. Il faut toutefois noter que son module optique n\u2019est pas motoris\u00e9 et ne permet donc pas une couverture panoramique de la pi\u00e8ce. <\/p>\n<p>Elle propose tout de m\u00eame un champ de vision de 130\u00b0 et enregistre des vid\u00e9os en 2K avec une bonne qualit\u00e9 vid\u00e9o et un mode de vision nocturne net. En cas de mouvement d\u00e9tect\u00e9, elle est capable de vous alerter en temps r\u00e9el sur votre\u00a0<a href=\"https:\/\/www.frandroid.com\/guide-dachat\/smartphones\/332196_10-smartphones-attendus-debut-2016\" rel=\"nofollow noopener\" target=\"_blank\">smartphone<\/a>\u00a0via une notification. Elle est aussi \u00e9quip\u00e9e d\u2019une sir\u00e8ne que vous pouvez d\u00e9clencher manuellement \u00e0 distance si vous rep\u00e9rez des intrus depuis votre flux vid\u00e9o.\u00a0<a href=\"https:\/\/shop.frandroid.com\/09rbesr1\" target=\"_blank\" rel=\"noreferrer noopener nofollow\"><\/p>\n<p>Vous pouvez en apprendre plus sur la cam\u00e9ra de s\u00e9curit\u00e9\u00a0<a href=\"https:\/\/www.frandroid.com\/produits-android\/maison-connectee\/securite-connectee\/camera-connectee\/2572825_test-de-la-arlo-essential-2k-interieure-enfin-une-vraie-camera-indoor-chez-arlo\" target=\"_blank\" rel=\"noreferrer noopener nofollow\">Arlo 2K Indoor<\/a>\u00a0ainsi que le mod\u00e8le\u00a0<a href=\"https:\/\/www.frandroid.com\/produits-android\/maison-connectee\/securite-connectee\/camera-connectee\/2572823_test-de-la-arlo-essential-2k-exterieure-compacte-efficace-et-surtout-accessible\" target=\"_blank\" rel=\"noreferrer noopener nofollow\">Arlo 2K Outdoor<\/a>\u00a0en lisant leurs tests respectifs.<\/p>\n<p>Envie de d\u00e9couvrir d\u2019autres mod\u00e8les que nous recommandons ? Retrouvez\u00a0<a href=\"https:\/\/www.frandroid.com\/guide-dachat\/guide-objets-connectes\/718936_guide-cameras-de-securite\" rel=\"nofollow noopener\" target=\"_blank\">notre guide des meilleures cam\u00e9ras de s\u00e9curit\u00e9 connect\u00e9es du moment.<\/a><\/p>\n","protected":false},"excerpt":{"rendered":"Si vous pensez \u00e0 opter pour une cam\u00e9ra connect\u00e9e pour surveiller votre domicile pendant les vacances de No\u00ebl,&hellip;\n","protected":false},"author":2,"featured_media":597929,"comment_status":"","ping_status":"","sticky":false,"template":"","format":"standard","meta":{"footnotes":""},"categories":[7],"tags":[8987,3042,1011,27,43,40,41,39,42,44],"class_list":{"0":"post-597928","1":"post","2":"type-post","3":"status-publish","4":"format-standard","5":"has-post-thumbnail","7":"category-sciences-et-technologies","8":"tag-arlo","9":"tag-bons-plans-boulanger","10":"tag-fr","11":"tag-france","12":"tag-science","13":"tag-science-and-technology","14":"tag-sciences","15":"tag-sciences-et-technologies","16":"tag-technologies","17":"tag-technology"},"share_on_mastodon":{"url":"https:\/\/pubeurope.com\/@fr\/115715821315488432","error":""},"_links":{"self":[{"href":"https:\/\/www.europesays.com\/fr\/wp-json\/wp\/v2\/posts\/597928","targetHints":{"allow":["GET"]}}],"collection":[{"href":"https:\/\/www.europesays.com\/fr\/wp-json\/wp\/v2\/posts"}],"about":[{"href":"https:\/\/www.europesays.com\/fr\/wp-json\/wp\/v2\/types\/post"}],"author":[{"embeddable":true,"href":"https:\/\/www.europesays.com\/fr\/wp-json\/wp\/v2\/users\/2"}],"replies":[{"embeddable":true,"href":"https:\/\/www.europesays.com\/fr\/wp-json\/wp\/v2\/comments?post=597928"}],"version-history":[{"count":0,"href":"https:\/\/www.europesays.com\/fr\/wp-json\/wp\/v2\/posts\/597928\/revisions"}],"wp:featuredmedia":[{"embeddable":true,"href":"https:\/\/www.europesays.com\/fr\/wp-json\/wp\/v2\/media\/597929"}],"wp:attachment":[{"href":"https:\/\/www.europesays.com\/fr\/wp-json\/wp\/v2\/media?parent=597928"}],"wp:term":[{"taxonomy":"category","embeddable":true,"href":"https:\/\/www.europesays.com\/fr\/wp-json\/wp\/v2\/categories?post=597928"},{"taxonomy":"post_tag","embeddable":true,"href":"https:\/\/www.europesays.com\/fr\/wp-json\/wp\/v2\/tags?post=597928"}],"curies":[{"name":"wp","href":"https:\/\/api.w.org\/{rel}","templated":true}]}}