{"id":597932,"date":"2025-12-14T03:35:14","date_gmt":"2025-12-14T03:35:14","guid":{"rendered":"https:\/\/www.europesays.com\/fr\/597932\/"},"modified":"2025-12-14T03:35:14","modified_gmt":"2025-12-14T03:35:14","slug":"israel-dit-avoir-tue-un-responsable-militaire-du-hamas-lors-dune-frappe-sur-lenclave","status":"publish","type":"post","link":"https:\/\/www.europesays.com\/fr\/597932\/","title":{"rendered":"Isra\u00ebl dit avoir tu\u00e9 un responsable militaire du Hamas lors d\u2019une frappe sur l\u2019enclave"},"content":{"rendered":"<p>\n    Dans un communiqu\u00e9 publi\u00e9 samedi 13 d\u00e9cembre, Benyamin Netanyahou et le ministre de la D\u00e9fense isra\u00e9lien ont salu\u00e9 la mort de l\u2019un des \u00abarchitectes\u00bb du 7 octobre.<\/p>\n<p class=\"fig-paragraph\">Samedi 13 d\u00e9cembre,\u00a0<a href=\"http:\/\/www.lefigaro.fr\/international\/une-rencontre-entre-benyamin-netanyahou-et-donald-trump-prevue-le-29-decembre-aux-etats-unis-selon-israel-20251209\" data-fig-type=\"NewsFlash\" data-gtm-custom-categorie=\"navigation\" data-gtm-custom-action=\"crossclick\" data-gtm-custom-label=\"Contextuel\" data-gtm-event=\"customEventSPE\" data-fig-domain=\"LEFIGARO\" target=\"_blank\" rel=\"noopener\">Isra\u00ebl<\/a>\u00a0a annonc\u00e9 avoir tu\u00e9 un responsable militaire du mouvement islamiste palestinien Hamas lors d&rsquo;une frappe dans la bande de Gaza, o\u00f9 la D\u00e9fense civile a fait \u00e9tat de cinq morts dans un bombardement isra\u00e9lien.<\/p>\n<p class=\"fig-paragraph\">\u00abEn r\u00e9ponse \u00e0 l&rsquo;activation d&rsquo;un engin explosif du Hamas qui a bless\u00e9 nos forces aujourd&rsquo;hui (&#8230;), le Premier ministre\u00a0<a href=\"http:\/\/www.lefigaro.fr\/international\/avec-sa-demande-de-grace-benyamin-netanyahou-fustige-l-etat-profond-et-lance-sa-campagne-electorale-20251205\" data-fig-type=\"Article\" data-gtm-custom-categorie=\"navigation\" data-gtm-custom-action=\"crossclick\" data-gtm-custom-label=\"Contextuel\" data-gtm-event=\"customEventSPE\" data-fig-domain=\"LEFIGARO\" target=\"_blank\" rel=\"noopener\">Benyamin Netanyahou<\/a> \u00a0et le ministre de la D\u00e9fense\u00a0<a href=\"http:\/\/www.lefigaro.fr\/vox\/monde\/israel-katz-qui-veut-la-paix-se-doit-de-combattre-le-terrorisme-20241007\" data-fig-type=\"Article\" data-gtm-custom-categorie=\"navigation\" data-gtm-custom-action=\"crossclick\" data-gtm-custom-label=\"Contextuel\" data-gtm-event=\"customEventSPE\" data-fig-domain=\"LEFIGARO\" target=\"_blank\" rel=\"noopener\">Isra\u00ebl Katz<\/a> \u00a0ont ordonn\u00e9 l&rsquo;\u00e9limination du terroriste Raad Saad\u00bb, ont-ils d\u00e9clar\u00e9 dans un communiqu\u00e9 conjoint. Plus t\u00f4t samedi, l&rsquo;arm\u00e9e isra\u00e9lienne avait indiqu\u00e9 que deux soldats r\u00e9servistes avaient \u00e9t\u00e9 l\u00e9g\u00e8rement bless\u00e9s \u00ab\u00e0 la suite de la d\u00e9tonation d&rsquo;un engin explosif lors d&rsquo;une op\u00e9ration visant \u00e0 neutraliser des infrastructures terroristes dans le sud de Gaza\u00bb.<\/p>\n<p>                                            <a class=\"fig-a11y-skip\" href=\"#fig-a11y-skip-main-inarticle\" data-module=\"a11y-skip\" data-context=\"was @visible\"><br \/>\n    Passer la publicit\u00e9<br \/>\n<\/a>            <\/p>\n<p class=\"fig-paragraph\">Dans leur communiqu\u00e9, Benyamin Netanyahou et Isra\u00ebl Katz ont d\u00e9crit Raad Saad comme \u00abl&rsquo;un des architectes\u00bb de l&rsquo;attaque du\u00a0<a href=\"http:\/\/www.lefigaro.fr\/international\/bombardements-crise-humanitaire-negociations-incertaines-a-gaza-plus-de-600-jours-depuis-le-7-octobre-2023-20250529\" data-fig-type=\"Article\" data-gtm-custom-categorie=\"navigation\" data-gtm-custom-action=\"crossclick\" data-gtm-custom-label=\"Contextuel\" data-gtm-event=\"customEventSPE\" data-fig-domain=\"LEFIGARO\" target=\"_blank\" rel=\"noopener\">7 octobre 2023<\/a>\u00a0contre Isra\u00ebl, qui a d\u00e9clench\u00e9 la guerre \u00e0 Gaza. L&rsquo;arm\u00e9e isra\u00e9lienne a pr\u00e9cis\u00e9 qu&rsquo;il dirigeait le quartier g\u00e9n\u00e9ral de la production d&rsquo;armes de la branche militaire du Hamas et supervisait le \u00abrenforcement des capacit\u00e9s\u00bb du mouvement islamiste. Des proches de Saad ont confirm\u00e9 son d\u00e9c\u00e8s \u00e0 l&rsquo;AFP et indiqu\u00e9 que ses fun\u00e9railles auraient lieu dimanche.<\/p>\n<p>                                            Un v\u00e9hicule vis\u00e9 par des missiles<\/p>\n<p class=\"fig-paragraph\">Peu avant cette annonce, la D\u00e9fense civile et des sources m\u00e9dicales avaient fait \u00e9tat de la mort de cinq Palestiniens dans une frappe a\u00e9rienne isra\u00e9lienne dans le quartier de Tal al-Hawa, dans le sud-ouest de la ville de Gaza. Sollicit\u00e9e par l&rsquo;AFP, l&rsquo;arm\u00e9e n&rsquo;a pas dit si cette frappe correspondait \u00e0 l&rsquo;op\u00e9ration mentionn\u00e9e dans son communiqu\u00e9. Selon Mahmoud Bassal, le porte-parole de la D\u00e9fense civile, qui dispense des premiers secours et op\u00e8re sous l&rsquo;autorit\u00e9 du Hamas, cinq personnes ont \u00e9t\u00e9 tu\u00e9es \u00abapr\u00e8s qu&rsquo;un v\u00e9hicule de type jeep civile a \u00e9t\u00e9 cibl\u00e9 pr\u00e8s du rond-point de Naboulsi dans la zone de Tal al-Hawa\u00bb. Mahmoud Bassal a pr\u00e9cis\u00e9 que les corps, transf\u00e9r\u00e9s \u00e0 l&rsquo;h\u00f4pital al-Chifa, \u00e9taient gravement br\u00fbl\u00e9s, expliquant que \u00abl&rsquo;aviation militaire isra\u00e9lienne avait vis\u00e9 le v\u00e9hicule avec trois missiles, provoquant son incendie et sa destruction\u00bb. Le service des urgences de l&rsquo;h\u00f4pital al-Chifa a confirm\u00e9 \u00e0 l&rsquo;AFP l&rsquo;arriv\u00e9e des cinq corps et indiqu\u00e9 que plus de 25 personnes avaient \u00e9t\u00e9 bless\u00e9es dans la frappe.<\/p>\n<p class=\"fig-paragraph\">Plusieurs t\u00e9moins ont rapport\u00e9 \u00e0 l&rsquo;AFP que quatre drones isra\u00e9liens volaient \u00e0 basse altitude au moment de la frappe. \u00abL&rsquo;aviation militaire a tir\u00e9 plusieurs missiles sur la voiture, qui a pris feu, les habitants ont couru pour \u00e9teindre l&rsquo;incendie, et des morceaux de chair br\u00fbl\u00e9e jonchaient le sol\u00bb, a racont\u00e9 \u00e0 l&rsquo;AFP un habitant de Tal al-Hawa, qui n&rsquo;a pas souhait\u00e9 donner son nom pour des raisons de s\u00e9curit\u00e9. Un autre t\u00e9moin, \u00e2g\u00e9 de 34 ans et vivant sous une tente dans le m\u00eame quartier, a ajout\u00e9 que les corps avaient \u00e9t\u00e9 transport\u00e9s vers l&rsquo;h\u00f4pital d&rsquo;al-Chifa. Il a pr\u00e9cis\u00e9 avoir vu \u00abplusieurs membres du Hamas arriver sur les lieux de la frappe\u00bb, sans plus de d\u00e9tails.<\/p>\n<p class=\"fig-paragraph\">Le porte-parole de la D\u00e9fense civile a par ailleurs indiqu\u00e9 qu&rsquo;un adolescent de 17 ans et un autre de 18 ans avaient \u00e9t\u00e9 tu\u00e9s par des tirs isra\u00e9liens lors de deux incidents distincts dans la bande de Gaza.\u00a0<a href=\"http:\/\/www.lefigaro.fr\/international\/des-massacres-du-7-octobre-au-cessez-le-feu-quinze-mois-de-cauchemar-pour-israel-et-gaza-20250116\" data-fig-type=\"Article\" data-gtm-custom-categorie=\"navigation\" data-gtm-custom-action=\"crossclick\" data-gtm-custom-label=\"Contextuel\" data-gtm-event=\"customEventSPE\" data-fig-domain=\"LEFIGARO\" target=\"_blank\" rel=\"noopener\">Un cessez-le-feu est entr\u00e9 en vigueur en octobre<\/a>\u00a0apr\u00e8s deux ans de guerre entre Isra\u00ebl et le Hamas, mais demeure fragile, les deux camps s&rsquo;accusant mutuellement d&rsquo;en violer les termes.<\/p>\n","protected":false},"excerpt":{"rendered":"Dans un communiqu\u00e9 publi\u00e9 samedi 13 d\u00e9cembre, Benyamin Netanyahou et le ministre de la D\u00e9fense isra\u00e9lien ont salu\u00e9&hellip;\n","protected":false},"author":2,"featured_media":597933,"comment_status":"","ping_status":"","sticky":false,"template":"","format":"standard","meta":{"footnotes":""},"categories":[5],"tags":[11,4628,1011,27,3519,14,12,28],"class_list":{"0":"post-597932","1":"post","2":"type-post","3":"status-publish","4":"format-standard","5":"has-post-thumbnail","7":"category-international","8":"tag-actualites","9":"tag-bande-de-gaza","10":"tag-fr","11":"tag-france","12":"tag-hamas","13":"tag-international","14":"tag-news","15":"tag-world"},"share_on_mastodon":{"url":"https:\/\/pubeurope.com\/@fr\/115715829095185179","error":""},"_links":{"self":[{"href":"https:\/\/www.europesays.com\/fr\/wp-json\/wp\/v2\/posts\/597932","targetHints":{"allow":["GET"]}}],"collection":[{"href":"https:\/\/www.europesays.com\/fr\/wp-json\/wp\/v2\/posts"}],"about":[{"href":"https:\/\/www.europesays.com\/fr\/wp-json\/wp\/v2\/types\/post"}],"author":[{"embeddable":true,"href":"https:\/\/www.europesays.com\/fr\/wp-json\/wp\/v2\/users\/2"}],"replies":[{"embeddable":true,"href":"https:\/\/www.europesays.com\/fr\/wp-json\/wp\/v2\/comments?post=597932"}],"version-history":[{"count":0,"href":"https:\/\/www.europesays.com\/fr\/wp-json\/wp\/v2\/posts\/597932\/revisions"}],"wp:featuredmedia":[{"embeddable":true,"href":"https:\/\/www.europesays.com\/fr\/wp-json\/wp\/v2\/media\/597933"}],"wp:attachment":[{"href":"https:\/\/www.europesays.com\/fr\/wp-json\/wp\/v2\/media?parent=597932"}],"wp:term":[{"taxonomy":"category","embeddable":true,"href":"https:\/\/www.europesays.com\/fr\/wp-json\/wp\/v2\/categories?post=597932"},{"taxonomy":"post_tag","embeddable":true,"href":"https:\/\/www.europesays.com\/fr\/wp-json\/wp\/v2\/tags?post=597932"}],"curies":[{"name":"wp","href":"https:\/\/api.w.org\/{rel}","templated":true}]}}