{"id":597936,"date":"2025-12-14T03:37:18","date_gmt":"2025-12-14T03:37:18","guid":{"rendered":"https:\/\/www.europesays.com\/fr\/597936\/"},"modified":"2025-12-14T03:37:18","modified_gmt":"2025-12-14T03:37:18","slug":"dermatose-nodulaire-les-animaux-ont-ete-nourris-la-derniere-des-207-vaches-aurait-ete-abattue-ce-samedi-apres-midi-une-cagnotte-lancee","status":"publish","type":"post","link":"https:\/\/www.europesays.com\/fr\/597936\/","title":{"rendered":"Dermatose nodulaire\u00a0: \u00ab\u00a0Les animaux ont \u00e9t\u00e9 nourris\u00a0\u00bb\u2026 La derni\u00e8re des 207 vaches aurait \u00e9t\u00e9 abattue ce samedi apr\u00e8s-midi, une cagnotte lanc\u00e9e"},"content":{"rendered":"<p>\n                                                                    l&rsquo;essentiel<br \/>\n                                                                Ce samedi 13\u00a0d\u00e9cembre 2025, la derni\u00e8re des 207 vaches du Gaec Mouriscou aurait \u00e9t\u00e9 abattue, suscitant des tensions et des rumeurs. Une cagnotte solidaire a \u00e9t\u00e9 lanc\u00e9e pour soutenir la famille.\n                            <\/p>\n<p>La derni\u00e8re vache du cheptel du Gaec de Mouriscou, aux Bordes-sur-Arize (Ari\u00e8ge), aurait \u00e9t\u00e9 abattue ce samedi vers 17\u00a0heures. Au total, il aura fallu pr\u00e8s de deux jours pour venir \u00e0 bout des 207 blondes d\u2019Aquitaine de l\u2019exploitation familiale de Bordes-sur-Arize, frapp\u00e9e par les mesures sanitaires apr\u00e8s la d\u00e9couverte d\u2019un cas de dermatose nodulaire contagieuse ce mardi 9\u00a0d\u00e9cembre 2025.<\/p>\n<p>Pourtant, selon nos informations, la famille aurait affirm\u00e9 avoir \u00e9t\u00e9 inform\u00e9e vendredi par les services de l\u2019\u00c9tat que toutes les vaches avaient \u00e9t\u00e9 euthanasi\u00e9es dans la journ\u00e9e. Contact\u00e9e la pr\u00e9fecture de l\u2019Ari\u00e8ge explique\u00a0qu\u2019elle ne \u00ab\u00a0communique\u00a0pas sur le d\u00e9roul\u00e9 de l\u2019op\u00e9ration au nom du bien-\u00eatre animal\u00a0\u00bb.<\/p>\n<p class=\"std-elt__inline\">\n        <strong>\u00c0 lire aussi :<\/strong><br \/>\n        <a href=\"https:\/\/www.ladepeche.fr\/2025\/12\/13\/dermatose-nodulaire-ca-fait-48-heures-quelles-nont-pas-mange-une-centaine-de-vaches-seraient-toujours-en-attente-detre-abattues-13108808.php\" target=\"_blank\" rel=\"noopener\">VRAI OU FAUX. Dermatose nodulaire\u00a0: \u00ab\u00a0\u00c7a fait 48\u00a0heures qu\u2019elles n\u2019ont pas mang\u00e9\u00a0\u00bb, une centaine de vaches seraient toujours en attente d\u2019\u00eatre abattues\u00a0?<\/a>\n    <\/p>\n<p>Autre point de tension\u00a0: la famille n\u2019aurait pas eu acc\u00e8s \u00e0 l\u2019\u00e9table o\u00f9 se trouvaient les animaux pendant toute la dur\u00e9e de l\u2019op\u00e9ration. Une situation v\u00e9cue comme une mise \u00e0 l\u2019\u00e9cart, alors que des rumeurs circulaient sur le sort des b\u00eates, notamment selon lesquelles elles n\u2019auraient pas \u00e9t\u00e9 nourries depuis 48\u00a0heures. Des affirmations formellement d\u00e9menties par la pr\u00e9fecture ce samedi 13\u00a0d\u00e9cembre 2025. \u00ab\u00a0Les animaux ont \u00e9t\u00e9 nourris par les services de l\u2019\u00c9tat et nous n\u2019avons pas interdit l\u2019acc\u00e8s \u00e0 la famille, c\u2019est faux\u00a0\u00bb, fait savoir la pr\u00e9fecture.<\/p>\n<p>Une cagnotte<\/p>\n<p>Face au choc humain et \u00e9conomique qui a touch\u00e9 la famille ari\u00e9geoise, un \u00e9lan de solidarit\u00e9 s\u2019organise. <a href=\"https:\/\/www.onparticipe.fr\/c\/9Jlddodr?fbclid=IwY2xjawOqevlleHRuA2FlbQIxMQBicmlkETAyZnNScGhGWGxqV3I0TWZyc3J0YwZhcHBfaWQQMjIyMDM5MTc4ODIwMDg5MgABHqzM_f9tOtar5KrzSCQrWoWEquvPFAKrL6_ZegoPi4ALwD9nsfJkvxT0M8B1_aem_qTdyMzUCalKJUvsr9ADYpQ\" target=\"_blank\" rel=\"noopener\">Le club de rugby VAL XV a lanc\u00e9 une cagnotte<\/a>. \u00ab\u00a0Jonathan, jeune joueur junior du club, et sa famille traversent une p\u00e9riode tr\u00e8s difficile apr\u00e8s la perte de leur cheptel. Nous partageons cette cagnotte pour leur apporter un soutien, aussi minime soit-il, afin de les aider \u00e0 tenir et relancer leur exploitation. Merci \u00e0 celles et ceux qui pourront aider ou partager. Force et courage \u00e0 toi Jo et ta famille bien s\u00fbr. Je crois qu\u2019il y a des copains qui vont jouer pour toi cet apr\u00e8s-midi\u00a0\u00bb, \u00e9crit le club dans son message de soutien.<\/p>\n<p>Alors que les carcasses ont \u00e9t\u00e9 \u00e9vacu\u00e9es et que le silence est retomb\u00e9 sur l\u2019exploitation, la famille, elle, doit d\u00e9sormais faire face \u00e0 l\u2019apr\u00e8s.<\/p>\n","protected":false},"excerpt":{"rendered":"l&rsquo;essentiel Ce samedi 13\u00a0d\u00e9cembre 2025, la derni\u00e8re des 207 vaches du Gaec Mouriscou aurait \u00e9t\u00e9 abattue, suscitant des&hellip;\n","protected":false},"author":2,"featured_media":597937,"comment_status":"","ping_status":"","sticky":false,"template":"","format":"standard","meta":{"footnotes":""},"categories":[2],"tags":[11,327,2720,70814,33,1011,27,70240,12],"class_list":{"0":"post-597936","1":"post","2":"type-post","3":"status-publish","4":"format-standard","5":"has-post-thumbnail","7":"category-actualites","8":"tag-actualites","9":"tag-agriculture","10":"tag-ariege","11":"tag-dermatose-nodulaire","12":"tag-economie","13":"tag-fr","14":"tag-france","15":"tag-lesbordessurarize","16":"tag-news"},"share_on_mastodon":{"url":"https:\/\/pubeurope.com\/@fr\/115715836654544437","error":""},"_links":{"self":[{"href":"https:\/\/www.europesays.com\/fr\/wp-json\/wp\/v2\/posts\/597936","targetHints":{"allow":["GET"]}}],"collection":[{"href":"https:\/\/www.europesays.com\/fr\/wp-json\/wp\/v2\/posts"}],"about":[{"href":"https:\/\/www.europesays.com\/fr\/wp-json\/wp\/v2\/types\/post"}],"author":[{"embeddable":true,"href":"https:\/\/www.europesays.com\/fr\/wp-json\/wp\/v2\/users\/2"}],"replies":[{"embeddable":true,"href":"https:\/\/www.europesays.com\/fr\/wp-json\/wp\/v2\/comments?post=597936"}],"version-history":[{"count":0,"href":"https:\/\/www.europesays.com\/fr\/wp-json\/wp\/v2\/posts\/597936\/revisions"}],"wp:featuredmedia":[{"embeddable":true,"href":"https:\/\/www.europesays.com\/fr\/wp-json\/wp\/v2\/media\/597937"}],"wp:attachment":[{"href":"https:\/\/www.europesays.com\/fr\/wp-json\/wp\/v2\/media?parent=597936"}],"wp:term":[{"taxonomy":"category","embeddable":true,"href":"https:\/\/www.europesays.com\/fr\/wp-json\/wp\/v2\/categories?post=597936"},{"taxonomy":"post_tag","embeddable":true,"href":"https:\/\/www.europesays.com\/fr\/wp-json\/wp\/v2\/tags?post=597936"}],"curies":[{"name":"wp","href":"https:\/\/api.w.org\/{rel}","templated":true}]}}