{"id":597938,"date":"2025-12-14T03:39:24","date_gmt":"2025-12-14T03:39:24","guid":{"rendered":"https:\/\/www.europesays.com\/fr\/597938\/"},"modified":"2025-12-14T03:39:24","modified_gmt":"2025-12-14T03:39:24","slug":"saint-etienne-laisse-de-precieux-points-contre-la-lanterne-rouge-bastia","status":"publish","type":"post","link":"https:\/\/www.europesays.com\/fr\/597938\/","title":{"rendered":"Saint-\u00c9tienne laisse de pr\u00e9cieux points contre la lanterne rouge Bastia"},"content":{"rendered":"<p>\n    Saint-\u00c9tienne avait l\u2019occasion de revenir au classement face \u00e0 la lanterne rouge Bastia. Mais malgr\u00e9 un doubl\u00e9 de Davitashvili, l\u2019ASSE a d\u00fb se contenter d\u2019un nul (2-2).<\/p>\n<p class=\"fig-paragraph\">Ils peuvent s\u2019en mordre les doigts. Saint-\u00c9tienne a \u00e9t\u00e9 tenu en \u00e9chec par la lanterne rouge de\u00a0<a href=\"http:\/\/www.lefigaro.fr\/sports\/football\/ligue-2-le-red-star-et-reims-se-neutralisent-20251213\" target=\"_blank\" data-fig-type=\"NewsFlash\" rel=\"noopener nofollow\" data-gtm-custom-categorie=\"navigation\" data-gtm-custom-action=\"crossclick\" data-gtm-custom-label=\"Contextuel\" data-gtm-event=\"customEventSPE\" data-fig-domain=\"LEFIGARO\">Ligue 2\u00a0<\/a>Bastia (2-2), samedi \u00e0 Geoffroy-Guichard, lors de la 17e journ\u00e9e.<\/p>\n<p class=\"fig-paragraph\">Les St\u00e9phanois ont longtemps \u00e9t\u00e9 men\u00e9s contre le cours du jeu avec des buts avant la pause de J\u00e9r\u00e9my Sebas (19e) et Felix Tomi (34e), sur les deux seuls tirs cadr\u00e9s bastiais, s&rsquo;attirant les sifflets de leurs supporters sur le chemin des vestiaires.<\/p>\n<p>                                            <a class=\"fig-a11y-skip\" href=\"#fig-a11y-skip-main-inarticle\" data-module=\"a11y-skip\" data-context=\"was @visible\"><br \/>\n    Passer la publicit\u00e9<br \/>\n<\/a>            <\/p>\n<p class=\"fig-paragraph\">Mais un doubl\u00e9 du G\u00e9orgien Zuriko Davitashvili (24e et 81e) a remis les deux \u00e9quipes \u00e0 \u00e9galit\u00e9 et les St\u00e9phanois auraient pu l&#8217;emporter si Florian Tardieu n&rsquo;avait pas vu son p\u00e9nalty repouss\u00e9 par Johny Placide, imp\u00e9rial dans les buts corses (87e).<\/p>\n<p class=\"fig-paragraph\">Battue \u00e0 Dunkerque la semaine derni\u00e8re, l&rsquo;ASSE reste 2e, avec 30 points, \u00e0 deux longueurs du leader Troyes qui jouera lundi \u00e0 Boulogne-sur-Mer en cl\u00f4ture de la journ\u00e9e.<\/p>\n<p class=\"fig-paragraph\">Dans les autres matches de samedi, le Red Star et Reims, qui lorgnent l&rsquo;accession, se sont neutralis\u00e9s (0-0), et Montpellier a \u00e9t\u00e9 rejoint en fin de match \u00e0 Grenoble (1-1).<\/p>\n<p class=\"fig-paragraph\">Le Mans, s\u00e9duisant promu vainqueur \u00e0 Annecy 2 \u00e0 1 vendredi, s&rsquo;est hiss\u00e9 sur le podium (3e, 30 pts). Gr\u00e2ce \u00e0 ce succ\u00e8s, les Sarthois portent leur s\u00e9rie d&rsquo;invincibilit\u00e9 \u00e0 douze matchs.<\/p>\n","protected":false},"excerpt":{"rendered":"Saint-\u00c9tienne avait l\u2019occasion de revenir au classement face \u00e0 la lanterne rouge Bastia. Mais malgr\u00e9 un doubl\u00e9 de&hellip;\n","protected":false},"author":2,"featured_media":597939,"comment_status":"","ping_status":"","sticky":false,"template":"","format":"standard","meta":{"footnotes":""},"categories":[9653],"tags":[1111,11,444,2430,5621,1777,674,1011,27,446,12,25,4001],"class_list":{"0":"post-597938","1":"post","2":"type-post","3":"status-publish","4":"format-standard","5":"has-post-thumbnail","7":"category-saint-etienne","8":"tag-actu","9":"tag-actualites","10":"tag-as-saint-etienne","11":"tag-auvergne-rhone-alpes","12":"tag-bastia","13":"tag-eu","14":"tag-europe","15":"tag-fr","16":"tag-france","17":"tag-ligue-2","18":"tag-news","19":"tag-republique-francaise","20":"tag-saint-etienne"},"share_on_mastodon":{"url":"https:\/\/pubeurope.com\/@fr\/115715844463646435","error":""},"_links":{"self":[{"href":"https:\/\/www.europesays.com\/fr\/wp-json\/wp\/v2\/posts\/597938","targetHints":{"allow":["GET"]}}],"collection":[{"href":"https:\/\/www.europesays.com\/fr\/wp-json\/wp\/v2\/posts"}],"about":[{"href":"https:\/\/www.europesays.com\/fr\/wp-json\/wp\/v2\/types\/post"}],"author":[{"embeddable":true,"href":"https:\/\/www.europesays.com\/fr\/wp-json\/wp\/v2\/users\/2"}],"replies":[{"embeddable":true,"href":"https:\/\/www.europesays.com\/fr\/wp-json\/wp\/v2\/comments?post=597938"}],"version-history":[{"count":0,"href":"https:\/\/www.europesays.com\/fr\/wp-json\/wp\/v2\/posts\/597938\/revisions"}],"wp:featuredmedia":[{"embeddable":true,"href":"https:\/\/www.europesays.com\/fr\/wp-json\/wp\/v2\/media\/597939"}],"wp:attachment":[{"href":"https:\/\/www.europesays.com\/fr\/wp-json\/wp\/v2\/media?parent=597938"}],"wp:term":[{"taxonomy":"category","embeddable":true,"href":"https:\/\/www.europesays.com\/fr\/wp-json\/wp\/v2\/categories?post=597938"},{"taxonomy":"post_tag","embeddable":true,"href":"https:\/\/www.europesays.com\/fr\/wp-json\/wp\/v2\/tags?post=597938"}],"curies":[{"name":"wp","href":"https:\/\/api.w.org\/{rel}","templated":true}]}}