{"id":597947,"date":"2025-12-14T03:48:05","date_gmt":"2025-12-14T03:48:05","guid":{"rendered":"https:\/\/www.europesays.com\/fr\/597947\/"},"modified":"2025-12-14T03:48:05","modified_gmt":"2025-12-14T03:48:05","slug":"national-rouen-remporte-le-derby-et-prend-la-tete-dijon-accroche-par-chateauroux-national-j16-resume","status":"publish","type":"post","link":"https:\/\/www.europesays.com\/fr\/597947\/","title":{"rendered":"National : Rouen remporte le derby et prend la t\u00eate, Dijon accroch\u00e9 par Ch\u00e2teauroux &#8211; National &#8211; J16 &#8211; R\u00e9sum\u00e9"},"content":{"rendered":"<p>Qui arr\u00eatera Rouen ?<\/p>\n<p>Tout le championnat de National se pose la question depuis plusieurs semaines et ce n\u2019est pas ce week-end qu\u2019on aura un d\u00e9but de r\u00e9ponse. Et pour cause, Rouen a encha\u00een\u00e9 un dixi\u00e8me match sans d\u00e9faite de rang ce vendredi soir \u00e0 la maison. Mieux que de ne pas perdre, les Rouennais se sont m\u00eame adjug\u00e9 le derby face \u00e0 Quevilly-Rouen <strong>(1-0)<\/strong> gr\u00e2ce \u00e0 une r\u00e9alisation de Kenny Rocha Santos. Les voil\u00e0 en t\u00eate du classement, aussi en partie gr\u00e2ce \u00e0 Dijon, emb\u00eat\u00e9 sur la pelouse de Ch\u00e2teauroux, dans une rencontre sans pion <strong>(0-0)<\/strong>.<\/p>\n<p>Belle op\u00e9ration r\u00e9alis\u00e9e par Aubagne avec une victoire importante sur la pelouse du Stade briochin <strong>(1-3)<\/strong>, ce qui permet aux Aubagnais de doubler Versailles, qui encha\u00eene une deuxi\u00e8me d\u00e9faite de suite \u00e0 Orl\u00e9ans <strong>(2-0)<\/strong>, et Concarneau, tenu en \u00e9chec par le Paris 13 Atletico <strong>(0-0)<\/strong>. Le Puy continue d\u2019impressionner avec un quatri\u00e8me succ\u00e8s de rang devant Fleury-M\u00e9rogis <strong>(2-1)<\/strong> apr\u00e8s un d\u00e9but d\u2019exercice pourtant compliqu\u00e9, ce qui lui permet de se positionner \u00e0 trois points d\u2019Orl\u00e9ans, troisi\u00e8me et actuel barragiste.<\/p>\n<p>Jusque-l\u00e0 rel\u00e9gable, Bourg-en-Bresse a relev\u00e9 la t\u00eate avec un succ\u00e8s tr\u00e8s important \u00e0 Villefranche, concurrent direct au maintien <strong>(0-1)<\/strong>. \u00c0 Valenciennes, la partie \u00e9tait proche d\u2019\u00eatre termin\u00e9e lorsqu\u2019un supporter a vis\u00e9 un stadier avec un fumig\u00e8ne, ce qui a contraint l\u2019arbitre \u00e0 interrompre les d\u00e9bats\u2026 Sochaux menait alors 0-1.<\/p>\n<p>Encore un intelligent dans nos tribunes.<\/p>\n<p>\u00a0<img decoding=\"async\" loading=\"lazy\" class=\"blason blason-petit\" src=\"https:\/\/www.sofoot.com\/convert\/LzIwMjMvMDIvMTEwMDI1MTcvMTIwMHB4LUxvZ29fQmVycmljaG9ubmVfQ2hhJUNDJTgydGVhdXJvdXhfMjAxNy5zdmcucG5n\/grande\/1200px-logo_berrichonne_cha%cc%82teauroux_2017.jpg\"\/> Ch\u00e2teauroux 0-0 Dijon <img decoding=\"async\" loading=\"lazy\" class=\"blason blason-petit\" src=\"https:\/\/www.europesays.com\/fr\/wp-content\/uploads\/2025\/12\/dijon.jpg\"\/><br \/>\n\u00a0<img decoding=\"async\" loading=\"lazy\" class=\"blason blason-petit\" src=\"https:\/\/www.europesays.com\/fr\/wp-content\/uploads\/2025\/12\/1200px-logo_puy_foot_43_auvergne_2017.jpg\"\/> Le Puy 2-1 Fleury-M\u00e9rogis <img decoding=\"async\" loading=\"lazy\" class=\"blason blason-petit\" src=\"https:\/\/www.europesays.com\/fr\/wp-content\/uploads\/2025\/12\/logo_fc_fleury_91_-_2019.jpg\"\/><\/p>\n<p>Buts : Rodrigues (72e, SP) et Adela\u00efde (82e) pour Le Puy \/\/ Hervieu (62e) pour Fleury<\/p>\n<p>\u00a0<img decoding=\"async\" loading=\"lazy\" class=\"blason blason-petit\" src=\"https:\/\/www.europesays.com\/fr\/wp-content\/uploads\/2025\/12\/orleans.jpg\"\/> Orl\u00e9ans 2-0 Versailles <img decoding=\"async\" loading=\"lazy\" class=\"blason blason-petit\" src=\"https:\/\/www.europesays.com\/fr\/wp-content\/uploads\/2025\/12\/logo_fc_versailles_-_2022.jpg\"\/><\/p>\n<p>Buts : Ba (30e) et Lallias (58e) pour Orl\u00e9ans<\/p>\n<p>\u00a0<img decoding=\"async\" loading=\"lazy\" class=\"blason blason-petit\" src=\"https:\/\/www.sofoot.com\/convert\/LzIwMjMvMDIvMTEwMDIzMjgvMTIwMHB4LUxvZ29fUGFyaXNfMTNfQXRsw6l0aWNvXzIwMjAuc3ZnLnBuZw\/grande\/1200px-logo_paris_13_atletico_2020.jpg\"\/> Paris 13 Atletico 0-0 Concarneau <img decoding=\"async\" loading=\"lazy\" class=\"blason blason-petit\" src=\"https:\/\/www.europesays.com\/fr\/wp-content\/uploads\/2025\/12\/1200px-logo_us_concarneau.jpg\"\/><br \/>\n\u00a0<img decoding=\"async\" loading=\"lazy\" class=\"blason blason-petit\" src=\"https:\/\/www.europesays.com\/fr\/wp-content\/uploads\/2025\/12\/stade-briochin.jpg\"\/> Stade briochin 1-3 Aubagne <img decoding=\"async\" loading=\"lazy\" class=\"blason blason-petit\" src=\"https:\/\/www.europesays.com\/fr\/wp-content\/uploads\/2025\/12\/7-88z_ei_400x400.jpg\"\/><\/p>\n<p>Buts : Ndiaye (29e) pour le Stade Briochin \/\/ Chaban (8e), Berrabha (22e) et Bentoumi (77e) pour Aubagne<\/p>\n<p>\u00a0<img decoding=\"async\" loading=\"lazy\" class=\"blason blason-petit\" src=\"https:\/\/www.europesays.com\/fr\/wp-content\/uploads\/2025\/12\/valenciennes.jpg\"\/> Valenciennes 0-1 Sochaux <img decoding=\"async\" loading=\"lazy\" class=\"blason blason-petit\" src=\"https:\/\/www.europesays.com\/fr\/wp-content\/uploads\/2025\/12\/sochaux.jpg\"\/><\/p>\n<p>But : Boutoutaou (5e) pour Sochaux<\/p>\n<p>\u00a0<img decoding=\"async\" loading=\"lazy\" class=\"blason blason-petit\" src=\"https:\/\/www.europesays.com\/fr\/wp-content\/uploads\/2025\/12\/950px-logo_fc_villefranche_beaujolais_2015.jpg\"\/> Villefranche 0-1 Bourg-en-Bresse <img decoding=\"async\" loading=\"lazy\" class=\"blason blason-petit\" src=\"https:\/\/www.europesays.com\/fr\/wp-content\/uploads\/2025\/12\/bourg-en-bresse.jpg\"\/><\/p>\n<p>But : Boumaaoui (67e) pour Bourg<\/p>\n<p>\u00a0<img decoding=\"async\" loading=\"lazy\" class=\"blason blason-petit\" src=\"https:\/\/www.europesays.com\/fr\/wp-content\/uploads\/2025\/12\/logo_fc_rouen_1899_-_2022.jpg\"\/> Rouen 1-0 Quevilly-Rouen <img decoding=\"async\" loading=\"lazy\" class=\"blason blason-petit\" src=\"https:\/\/www.europesays.com\/fr\/wp-content\/uploads\/2025\/12\/quevilly-rouen.jpg\"\/><\/p>\n<p>But : Rocha Santos (40e) pour Rouen<\/p>\n<p>\t\t\t\t\t\t\t\t\t\t<a class=\"lien-connexe\" href=\"https:\/\/www.sofoot.com\/breves\/en-national-le-fc-rouen-reste-leader-le-fc-versailles-laisse-le-podium-a-dijon-et-chateauroux-renverse-caen\" target=\"_blank\" rel=\"noopener\">Rouen reste leader, Versailles laisse le podium \u00e0 Dijon, Caen patine<\/a>\t\t\t\t\t<\/p>\n","protected":false},"excerpt":{"rendered":"Qui arr\u00eatera Rouen ? Tout le championnat de National se pose la question depuis plusieurs semaines et ce&hellip;\n","protected":false},"author":2,"featured_media":597948,"comment_status":"","ping_status":"","sticky":false,"template":"","format":"standard","meta":{"footnotes":""},"categories":[9587],"tags":[1111,47,11,61,69,65,64,1777,674,63,1011,27,68,66,12,62,5161,70,25,9590,67],"class_list":{"0":"post-597947","1":"post","2":"type-post","3":"status-publish","4":"format-standard","5":"has-post-thumbnail","7":"category-rouen","8":"tag-actu","9":"tag-actualite","10":"tag-actualites","11":"tag-actus-football","12":"tag-bundesliga","13":"tag-championnats-europeens","14":"tag-equipe-de-france","15":"tag-eu","16":"tag-europe","17":"tag-football","18":"tag-fr","19":"tag-france","20":"tag-ligua","21":"tag-ligue-1","22":"tag-news","23":"tag-news-foot","24":"tag-normandie","25":"tag-premier-league","26":"tag-republique-francaise","27":"tag-rouen","28":"tag-serie-a"},"share_on_mastodon":{"url":"https:\/\/pubeurope.com\/@fr\/115715883071581096","error":""},"_links":{"self":[{"href":"https:\/\/www.europesays.com\/fr\/wp-json\/wp\/v2\/posts\/597947","targetHints":{"allow":["GET"]}}],"collection":[{"href":"https:\/\/www.europesays.com\/fr\/wp-json\/wp\/v2\/posts"}],"about":[{"href":"https:\/\/www.europesays.com\/fr\/wp-json\/wp\/v2\/types\/post"}],"author":[{"embeddable":true,"href":"https:\/\/www.europesays.com\/fr\/wp-json\/wp\/v2\/users\/2"}],"replies":[{"embeddable":true,"href":"https:\/\/www.europesays.com\/fr\/wp-json\/wp\/v2\/comments?post=597947"}],"version-history":[{"count":0,"href":"https:\/\/www.europesays.com\/fr\/wp-json\/wp\/v2\/posts\/597947\/revisions"}],"wp:featuredmedia":[{"embeddable":true,"href":"https:\/\/www.europesays.com\/fr\/wp-json\/wp\/v2\/media\/597948"}],"wp:attachment":[{"href":"https:\/\/www.europesays.com\/fr\/wp-json\/wp\/v2\/media?parent=597947"}],"wp:term":[{"taxonomy":"category","embeddable":true,"href":"https:\/\/www.europesays.com\/fr\/wp-json\/wp\/v2\/categories?post=597947"},{"taxonomy":"post_tag","embeddable":true,"href":"https:\/\/www.europesays.com\/fr\/wp-json\/wp\/v2\/tags?post=597947"}],"curies":[{"name":"wp","href":"https:\/\/api.w.org\/{rel}","templated":true}]}}