{"id":597958,"date":"2025-12-14T03:58:19","date_gmt":"2025-12-14T03:58:19","guid":{"rendered":"https:\/\/www.europesays.com\/fr\/597958\/"},"modified":"2025-12-14T03:58:19","modified_gmt":"2025-12-14T03:58:19","slug":"alpes-maritimes-le-chu-nicois-setoffe","status":"publish","type":"post","link":"https:\/\/www.europesays.com\/fr\/597958\/","title":{"rendered":"Alpes-Maritimes. Le CHU ni\u00e7ois s\u2019\u00e9toffe\u2026"},"content":{"rendered":"<p style=\"text-align: center;\"><img decoding=\"async\" alt=\"\" src=\"https:\/\/www.europesays.com\/fr\/wp-content\/uploads\/2025\/12\/pasteur-photo-ville-de-nice.jpg\" title=\"\"\/><br \/>&#8211; photo (c) ville de Nice &#8211;<\/p>\n<p>Le projet Pasteur 2 s\u2019inscrit dans l\u2019une des plus vastes restructurations hospitali\u00e8res de France. D\u00e8s 2001, le CHU de Nice &#8211; deuxi\u00e8me employeur du d\u00e9partement, r\u00e9parti sur plusieurs sites historiques de la ville (Archet, Cimiez, Pasteur, Saint-Roch&#8230;) &#8211; engage une r\u00e9flexion strat\u00e9gique ambitieuse afin de moderniser son parc hospitalier et de r\u00e9pondre aux contraintes d\u2019un \u00e9tablissement \u00e9clat\u00e9, vieillissant et co\u00fbteux \u00e0 exploiter.<\/p>\n<p>Sous l\u2019impulsion de la direction g\u00e9n\u00e9rale, en concertation avec l\u2019Agence r\u00e9gionale de l\u2019hospitalisation, na\u00eet alors un sch\u00e9ma bipolaire structurant\u00a0: un grand h\u00f4pital d\u2019urgence et de court s\u00e9jour \u00e0 l\u2019est, sur le site Pasteur, et un p\u00f4le structurant \u00e0 l\u2019ouest autour de l\u2019Archet. Cette strat\u00e9gie conduit, en 2002, au lancement d\u2019un concours international pour la construction d\u2019un nouvel h\u00f4pital universitaire de pr\u00e8s de 100 000 m2, compl\u00e9t\u00e9 par 30 000 m2 de stationnement. En 2003, le projet est confi\u00e9 aux architectes Bernard Reichen et Philippe Robert, associ\u00e9s au bureau d\u2019\u00e9tudes Ingerop. L\u2019ambition est claire\u00a0: regrouper Pasteur et Saint-Roch sur un site unique, cr\u00e9er un h\u00f4pital moderne de 650 lits et d\u00e9finir une nouvelle organisation des soins, adapt\u00e9e aux \u00e9volutions m\u00e9dicales et technologiques.<\/p>\n<p><img decoding=\"async\" alt=\"\" src=\"https:\/\/www.europesays.com\/fr\/wp-content\/uploads\/2025\/12\/pasteur-vue-generale.jpg\" title=\"\"\/><br \/>&#8211; une ville dans la ville&#8230;<\/p>\n<p>Pour le maire de Nice, Christian Estrosi\u00a0: \u00ab\u00a0L\u2019inauguration de la phase 2 de Pasteur 2 marque la cl\u00f4ture d\u2019un chantier gigantesque. En 2008, alors que le chantier accusait un d\u00e9ficit, le projet aurait pu s\u2019arr\u00eater. Mais je n\u2019ai pas baiss\u00e9 les bras. J\u2019ai imm\u00e9diatement sollicit\u00e9 la ministre de la Sant\u00e9 de l\u2019\u00e9poque, pour obtenir les moyens n\u00e9cessaires et permettre \u00e0 ce projet essentiel d\u2019aboutir. Rien n\u2019aurait \u00e9t\u00e9 possible sans un combat collectif, men\u00e9 avec les directeurs g\u00e9n\u00e9raux successifs, ainsi que les \u00e9quipes m\u00e9dicales, administratives et techniques, qui ont \u0153uvr\u00e9 sur ce chantier depuis plus de vingt-cinq ans\u2026. Avec cet h\u00f4pital, le CHU de Nice confirme aujourd\u2019hui son r\u00f4le de p\u00f4le hospitalier de r\u00e9f\u00e9rence, au\u00a0niveau r\u00e9gional, national et europ\u00e9en.\u00a0\u00bb<\/p>\n<p>L\u2019\u00e9tablissement compte d\u00e9sormais 30 salles de bloc op\u00e9ratoire, une salle hybride de derni\u00e8re g\u00e9n\u00e9ration, trois salles de cardiologie interventionnelle, trois salles d\u2019endoscopie, 537 lits, 81 places d\u2019ambulatoire et 36 places de chirurgie ambulatoire. Il dispose d\u00e9sormais de cinq IRM, dont quatre install\u00e9es \u00e0 Pasteur 2, couvrant tous les besoins diagnostiques. La derni\u00e8re arriv\u00e9e, une IRM 1,5 Tesla haut de gamme, a \u00e9t\u00e9 mise en service le 23 Mai 2025.\u00a0<\/p>\n<p>La transformation de Pasteur 2 r\u00e9pond avant tout \u00e0 un enjeu de sant\u00e9 publique pour les Ni\u00e7ois et pour les Maralpins. En regroupant sur un m\u00eame site les fili\u00e8res, les plateaux techniques majeurs et les \u00e9quipes expertes venues de Pasteur 1 et de Saint-Roch, le CHU de Nice offre aujourd\u2019hui une r\u00e9ponse optimale, coh\u00e9rente et lisible aux besoins de la population. CQFD\u00a0!<\/p>\n<p><img decoding=\"async\" alt=\"\" src=\"https:\/\/www.europesays.com\/fr\/wp-content\/uploads\/2025\/12\/pasteur-salle-hybride.jpg\" title=\"\"\/><br \/>&#8211; salle hybride &#8211;\u00a0<\/p>\n","protected":false},"excerpt":{"rendered":"&#8211; photo (c) ville de Nice &#8211; Le projet Pasteur 2 s\u2019inscrit dans l\u2019une des plus vastes restructurations&hellip;\n","protected":false},"author":2,"featured_media":597959,"comment_status":"","ping_status":"","sticky":false,"template":"","format":"standard","meta":{"footnotes":""},"categories":[2819],"tags":[1111,47,11,1777,674,1011,27,1110,1031,12,2401,882,25],"class_list":{"0":"post-597958","1":"post","2":"type-post","3":"status-publish","4":"format-standard","5":"has-post-thumbnail","7":"category-nice","8":"tag-actu","9":"tag-actualite","10":"tag-actualites","11":"tag-eu","12":"tag-europe","13":"tag-fr","14":"tag-france","15":"tag-informations","16":"tag-magazine","17":"tag-news","18":"tag-nice","19":"tag-provence-alpes-cote-dazur","20":"tag-republique-francaise"},"share_on_mastodon":{"url":"https:\/\/pubeurope.com\/@fr\/115715921436850000","error":""},"_links":{"self":[{"href":"https:\/\/www.europesays.com\/fr\/wp-json\/wp\/v2\/posts\/597958","targetHints":{"allow":["GET"]}}],"collection":[{"href":"https:\/\/www.europesays.com\/fr\/wp-json\/wp\/v2\/posts"}],"about":[{"href":"https:\/\/www.europesays.com\/fr\/wp-json\/wp\/v2\/types\/post"}],"author":[{"embeddable":true,"href":"https:\/\/www.europesays.com\/fr\/wp-json\/wp\/v2\/users\/2"}],"replies":[{"embeddable":true,"href":"https:\/\/www.europesays.com\/fr\/wp-json\/wp\/v2\/comments?post=597958"}],"version-history":[{"count":0,"href":"https:\/\/www.europesays.com\/fr\/wp-json\/wp\/v2\/posts\/597958\/revisions"}],"wp:featuredmedia":[{"embeddable":true,"href":"https:\/\/www.europesays.com\/fr\/wp-json\/wp\/v2\/media\/597959"}],"wp:attachment":[{"href":"https:\/\/www.europesays.com\/fr\/wp-json\/wp\/v2\/media?parent=597958"}],"wp:term":[{"taxonomy":"category","embeddable":true,"href":"https:\/\/www.europesays.com\/fr\/wp-json\/wp\/v2\/categories?post=597958"},{"taxonomy":"post_tag","embeddable":true,"href":"https:\/\/www.europesays.com\/fr\/wp-json\/wp\/v2\/tags?post=597958"}],"curies":[{"name":"wp","href":"https:\/\/api.w.org\/{rel}","templated":true}]}}