{"id":597961,"date":"2025-12-14T04:00:36","date_gmt":"2025-12-14T04:00:36","guid":{"rendered":"https:\/\/www.europesays.com\/fr\/597961\/"},"modified":"2025-12-14T04:00:36","modified_gmt":"2025-12-14T04:00:36","slug":"les-habitants-de-doulon-gohards-organisent-une-reunion-publique-dimanche","status":"publish","type":"post","link":"https:\/\/www.europesays.com\/fr\/597961\/","title":{"rendered":"Les habitants de Doulon-Gohards organisent une r\u00e9union publique dimanche"},"content":{"rendered":"<p>Le collectif Sauvons les Gohards et l\u2019association Roata, qui accompagne des familles roumaines migrantes habitant depuis 2012 dans un bidonville, quartier du Vieux Doulon \u00e0 Nantes, organisent une r\u00e9union publique dimanche 14\u00a0d\u00e9cembre 2025, en pr\u00e9sence d\u2019habitants du quartier, d\u2019habitants des bidonvilles menac\u00e9s d\u2019expulsion et de membres du collectif Zor qui se mobilise contre les discriminations structurelles que subissent les Roms et les voyageurs. L\u2019objectif\u00a0:\u00a0discuter ensemble des moyens de construire sans d\u00e9truire, pour un quartier fa\u00e7onn\u00e9\u00a0par et pour tous ses habitants\u00a0\u00bb.<\/p>\n<p><strong>Dimanche 14\u00a0d\u00e9cembre, <\/strong>\u00e0 15\u00a0h, maison de quartier de Doulon, 1, rue de la Basse-Ch\u00eanaie, \u00e0 Nantes.<\/p>\n<p>\u00a0<\/p>\n","protected":false},"excerpt":{"rendered":"Le collectif Sauvons les Gohards et l\u2019association Roata, qui accompagne des familles roumaines migrantes habitant depuis 2012 dans&hellip;\n","protected":false},"author":2,"featured_media":597962,"comment_status":"","ping_status":"","sticky":false,"template":"","format":"standard","meta":{"footnotes":""},"categories":[2818],"tags":[1111,11,6664,58370,1777,674,1011,27,4021,766,12,64331,2636,12299,25,24577],"class_list":{"0":"post-597961","1":"post","2":"type-post","3":"status-publish","4":"format-standard","5":"has-post-thumbnail","7":"category-nantes","8":"tag-actu","9":"tag-actualites","10":"tag-dimanche","11":"tag-doulon-gohards","12":"tag-eu","13":"tag-europe","14":"tag-fr","15":"tag-france","16":"tag-habitants","17":"tag-nantes","18":"tag-news","19":"tag-organisent","20":"tag-pays-de-la-loire","21":"tag-publique","22":"tag-republique-francaise","23":"tag-reunion"},"share_on_mastodon":{"url":"https:\/\/pubeurope.com\/@fr\/115715927222227816","error":""},"_links":{"self":[{"href":"https:\/\/www.europesays.com\/fr\/wp-json\/wp\/v2\/posts\/597961","targetHints":{"allow":["GET"]}}],"collection":[{"href":"https:\/\/www.europesays.com\/fr\/wp-json\/wp\/v2\/posts"}],"about":[{"href":"https:\/\/www.europesays.com\/fr\/wp-json\/wp\/v2\/types\/post"}],"author":[{"embeddable":true,"href":"https:\/\/www.europesays.com\/fr\/wp-json\/wp\/v2\/users\/2"}],"replies":[{"embeddable":true,"href":"https:\/\/www.europesays.com\/fr\/wp-json\/wp\/v2\/comments?post=597961"}],"version-history":[{"count":0,"href":"https:\/\/www.europesays.com\/fr\/wp-json\/wp\/v2\/posts\/597961\/revisions"}],"wp:featuredmedia":[{"embeddable":true,"href":"https:\/\/www.europesays.com\/fr\/wp-json\/wp\/v2\/media\/597962"}],"wp:attachment":[{"href":"https:\/\/www.europesays.com\/fr\/wp-json\/wp\/v2\/media?parent=597961"}],"wp:term":[{"taxonomy":"category","embeddable":true,"href":"https:\/\/www.europesays.com\/fr\/wp-json\/wp\/v2\/categories?post=597961"},{"taxonomy":"post_tag","embeddable":true,"href":"https:\/\/www.europesays.com\/fr\/wp-json\/wp\/v2\/tags?post=597961"}],"curies":[{"name":"wp","href":"https:\/\/api.w.org\/{rel}","templated":true}]}}