{"id":597975,"date":"2025-12-14T04:09:18","date_gmt":"2025-12-14T04:09:18","guid":{"rendered":"https:\/\/www.europesays.com\/fr\/597975\/"},"modified":"2025-12-14T04:09:18","modified_gmt":"2025-12-14T04:09:18","slug":"abderrahim-un-enfant-comme-les-autres","status":"publish","type":"post","link":"https:\/\/www.europesays.com\/fr\/597975\/","title":{"rendered":"Abderrahim, \u00ab\u00a0un enfant comme les autres\u00a0\u00bb"},"content":{"rendered":"<p>Dans le foyer du <a href=\"https:\/\/www.laprovence.com\/article\/region\/4506238831276614\/marseille-a-la-belle-de-mai-plus-de-moyens-dans-leducation-pour-favoriser-la-reussite\" target=\"_blank\" rel=\"noopener\">coll\u00e8ge Belle-de-Mai<\/a> (3e), un bouquet de fleurs et deux photos d\u2019un m\u00eame gar\u00e7on flanqu\u00e9 d&rsquo;un sweat fluo un peu large. Un visage d\u2019enfant, des cheveux boucl\u00e9s, des traits fins et un sourire franc qui gonfle des pommettes surplomb\u00e9es par des yeux rieurs. \u00ab\u00a0Un b\u00e9b\u00e9\u00a0\u00bb, disent les profs.<\/p>\n<p>Fixer l\u2019image plus de trois secondes bouleverse, \u00ab\u00a0arrache le c\u0153ur\u00a0\u00bb.\u00a0 Cette photo est celle d\u2019Abderrahim. Il venait de f\u00eater ses 15 ans, avait fait sa rentr\u00e9e de septembre en classe de 3e dans l\u2019\u00e9tablissement. Il n&rsquo;avait pas d&rsquo;ant\u00e9c\u00e9dents judiciaire. Vendredi 28 novembre, au petit matin, sa d\u00e9pouille calcin\u00e9e <a href=\"https:\/\/www.laprovence.com\/article\/faits-divers-justice\/14668098887352\/le-corps-dun-homme-carbonise-decouvert-dans-le-14e-arrondissement-de-marseille\" target=\"_blank\" rel=\"noopener\">\u00e9tait retrouv\u00e9e aux Arnavaux<\/a> (14e).<\/p>\n<p>Il rejoint le d\u00e9compte des victimes anonymes des r\u00e8glements de comptes, la liste des quartiers et les num\u00e9ros d\u2019arrondissement, th\u00e9\u00e2tre de fusillades. Les jeunes Marseillais morts \u00ab\u00a0sur fond de trafic de drogue\u00a0\u00bb dont on ne conna\u00eet rien. Depuis 2012, \u00ab\u00a0la ville a perdu plus de 350 Marseillais, comptait <a href=\"https:\/\/www.laprovence.com\/article\/elections\/11167672000935\/lutte-contre-le-narcotrafic-une-prime-pour-les-policiers-lorsquils-font-des-saisies-estime-samia-ghali\" target=\"_blank\" rel=\"noopener\">Samia Ghali, maire adjointe (DVG)<\/a>, apr\u00e8s <a href=\"https:\/\/www.laprovence.com\/article\/region\/1307248803484414\/a-marseille-mehdi-kessaci-un-beau-garcon-elance-et-souriant-qui-s-est-toujours-tenu-en-dehors-des-histoires\" target=\"_blank\" rel=\"noopener\">l\u2019assassinat de Mehdi Kessaci<\/a>. L\u2019\u00e9quivalent du nombre d\u2019\u00e9l\u00e8ves d\u2019une \u00e9cole enti\u00e8re.\u00a0\u00bb<\/p>\n<p>\u00ab\u00a0Il n&rsquo;a pas de probl\u00e8me, ne fait pas de b\u00eatise\u00a0\u00bb<\/p>\n<p>Dans son \u00e9cole, son quartier, dans sa famille, Abderrahim n\u2019\u00e9tait pas un anonyme. Ceux qui le pleurent non plus. \u00c0 peine rentr\u00e9 d\u2019Alg\u00e9rie, o\u00f9 son gar\u00e7on est d\u00e9sormais inhum\u00e9, Lyes peine \u00e0 parler de son fils au pass\u00e9. \u00ab\u00a0C&rsquo;est un petit, qui n\u2019a pas de probl\u00e8me, qui ne fait pas de b\u00eatise, livre-t-il, en cherchant encore \u00e0 comprendre ce qu\u2019il s\u2019est pass\u00e9. On le suit depuis toujours. Sa m\u00e8re le d\u00e9pose \u00e0 l\u2019\u00e9cole le matin et je vais le r\u00e9cup\u00e9rer le soir. Je travaille pour qu\u2019il ne manque de rien\u2026 Il n\u2019est pas scolaire mais n\u2019a jamais caus\u00e9 de souci.\u00a0\u00bb<\/p>\n<p>Lyes a repris son travail de chauffeur VTC et doit \u00ab\u00a0tenir\u00a0\u00bb pour les deux fr\u00e8res et la s\u0153ur d\u2019Abderrahim. Tenir aussi pour sa m\u00e8re \u00e0 laquelle il a un temps fallu cacher les circonstances du drame.<\/p>\n<p>Le bref portrait dress\u00e9 par le p\u00e8re n\u2019est pas empreint de d\u00e9ni. Il est fid\u00e8le \u00e0 celui bross\u00e9 par les professeurs et les \u00e9l\u00e8ves du coll\u00e8ge Belle-de-Mai. Si Abderrahim avait d\u00e9m\u00e9nag\u00e9 aux Micocouliers (14e) et int\u00e9gr\u00e9 le microcoll\u00e8ge d\u2019<a href=\"https:\/\/www.laprovence.com\/article\/societe\/7278581241726214\/amiante-au-college-dumas-a-marseille-les-profs-veulent-faire-jurisprudence-en-saisissant-la-justice\" target=\"_blank\" rel=\"noopener\">Alexandre-Dumas (14e)<\/a> il y a quelques semaines, c\u2019est ici que l\u2019adolescent gardait ses plus solides attaches. Ici aussi que \u00ab\u00a0le choc\u00a0\u00bb a \u00e9t\u00e9 le plus immense. Le lundi qui a suivi le d\u00e9c\u00e8s d\u2019Abderrahim, apr\u00e8s un week-end durant lequel des vid\u00e9os de l\u2019horreur ont circul\u00e9 sur les r\u00e9seaux sociaux, la cellule psychologique mise en place par le rectorat a accueilli plus de 60 \u00e9l\u00e8ves. \u00ab\u00a0Je n\u2019arrive toujours pas \u00e0 y croire. Aujourd\u2019hui encore, pour moi, il n\u2019est pas mort, dit Youssef, 15 ans, qui a pass\u00e9 trois jours aupr\u00e8s de la famille \u00ab\u00a0d\u2019Abd\u00e9\u00a0\u00bb. C\u2019\u00e9tait un gar\u00e7on dr\u00f4le, tr\u00e8s sociable. Tr\u00e8s g\u00e9n\u00e9reux aussi, il partageait tout. Tout le monde l\u2019aimait. Il n\u2019a jamais parl\u00e9 de trafic. Il n\u2019\u00e9tait pas dans \u00e7a.\u00a0\u00bb<\/p>\n<p>\u00ab\u00a0Je n&rsquo;arrive pas \u00e0 me dire qu&rsquo;il n&rsquo;est plus l\u00e0\u00a0\u00bb<\/p>\n<p>Certains gardent un selfie d\u2019Abderrahim en fond d\u2019\u00e9cran sur leur t\u00e9l\u00e9phone. D\u2019autres conservent \u00ab\u00a0les beaux dessins qu\u2019il avait griffonn\u00e9s sur (leur) cahier pendant le cours d\u2019allemand\u00a0\u00bb. Yanis et Pha\u00ebl se souviennent des jeux d\u2019enfants dans la cour, \u00ab\u00a0des batailles avec des pistolets \u00e0 eau en 5e\u00a0\u00bb ou \u00ab\u00a0des fringues qu\u2019on se pr\u00eatait pour avoir l\u2019air frais\u00a0\u00bb. \u00ab\u00a0Il aimait le foot, les scooters, il courait vite\u2026 Et il faisait des blagues tout le temps, sur les profs ou sur ses coll\u00e8gues mais c\u2019\u00e9tait jamais m\u00e9chant, raconte Pha\u00ebl, li\u00e9 d\u2019amiti\u00e9 avec Abderrahim depuis la 5e. J\u2019ai le c\u0153ur bris\u00e9. Il ne m\u2019a jamais parl\u00e9 de trafic\u2026 C\u2019\u00e9tait une bonne personne, il \u00e9tait content de son microcoll\u00e8ge. Il avait des projets : un apr\u00e8s-midi, on s\u2019\u00e9tait retrouv\u00e9 pour chercher un stage. Il avait trouv\u00e9 une place dans un garage moto vers le Prado. Il \u00e9tait trop content de faire de la m\u00e9canique. Je n\u2019arrive pas \u00e0 me dire qu\u2019il n&rsquo;est plus l\u00e0. Je ne suis pas en col\u00e8re, je suis juste tr\u00e8s triste.\u00a0\u00bb<\/p>\n<p>Dans un quartier pourtant rompu \u00e0 la violence, la mort d\u2019un gar\u00e7on de 15 ans frappe les esprits. Repousse encore les limites. \u00ab\u00a0Quoiqu\u2019il ait fait, c\u2019est une victime collat\u00e9rale de ce qu\u2019il se passe dans cette partie de la ville, dit un p\u00e8re de famille. Un enfant est toujours une victime.\u00a0\u00bb<\/p>\n<p>Car Abderrahim \u00e9tait \u00ab\u00a0avant tout un enfant, comme les autres, dit Kerem Aouni, son ancien prof de technologie. Il avait surtout besoin d\u2019attention. Si on passait du temps avec lui, il \u00e9tait capable de se mettre au travail.\u00a0\u00bb<\/p>\n<p>\u00ab\u00a0Vous allez \u00eatre fier de moi\u00a0\u00bb<\/p>\n<p>Une attention que lui avait largement accord\u00e9e l\u2019un des professeurs de maths les plus exigeants de l\u2019\u00e9tablissement. \u00ab\u00a0Son apparente distraction \u00e0 la rentr\u00e9e pouvait laisser croire qu\u2019il n\u2019avait pas d\u2019app\u00e9tence pour les apprentissages. Mais il avait simplement besoin d\u2019\u00eatre soutenu. Je ne l\u2019ai pas l\u00e2ch\u00e9, avec de premi\u00e8res r\u00e9ussites, il \u00e9tait m\u00eame demandeur d\u2019explications et de cl\u00e9s de compr\u00e9hension, se souvient Kamel Rahmani, la gorge serr\u00e9e. Lors de la derni\u00e8re \u00e9valuation que je lui ai propos\u00e9e, il s\u2019est accroch\u00e9 et m\u2019a dit en me rendant sa copie : \u00ab\u00a0Vous allez \u00eatre fier de moi.\u00a0\u00bb\u00a0Je n&rsquo;avais pas besoin de sa copie pour \u00e7a, je savais qu\u2019il avait fait de son mieux. Malgr\u00e9 tout ce qui est dit ou \u00e9crit sur lui aujourd\u2019hui, c\u2019est l\u2019image que je vais conserver de lui. Quand il a quitt\u00e9 la Belle-de-Mai il y a quelques semaines pour int\u00e9grer son microcoll\u00e8ge, il est venu me dire au revoir et m\u2019a serr\u00e9 la main. J\u2019esp\u00e9rais le recroiser dans le quartier et je lui ai dit que ma porte lui serait toujours ouverte.\u00a0\u00bb\u00a0<\/p>\n","protected":false},"excerpt":{"rendered":"Dans le foyer du coll\u00e8ge Belle-de-Mai (3e), un bouquet de fleurs et deux photos d\u2019un m\u00eame gar\u00e7on flanqu\u00e9&hellip;\n","protected":false},"author":2,"featured_media":597976,"comment_status":"","ping_status":"","sticky":false,"template":"","format":"standard","meta":{"footnotes":""},"categories":[2814],"tags":[17,71064,1111,11,71063,847,1777,674,5729,1011,27,884,12,24649,882,16,25,9066],"class_list":{"0":"post-597975","1":"post","2":"type-post","3":"status-publish","4":"format-standard","5":"has-post-thumbnail","7":"category-marseille","8":"tag-17","9":"tag-abderrahim","10":"tag-actu","11":"tag-actualites","12":"tag-assassine","13":"tag-enfant","14":"tag-eu","15":"tag-europe","16":"tag-fin","17":"tag-fr","18":"tag-france","19":"tag-marseille","20":"tag-news","21":"tag-novembre","22":"tag-provence-alpes-cote-dazur","23":"tag-region","24":"tag-republique-francaise","25":"tag-un"},"share_on_mastodon":{"url":"https:\/\/pubeurope.com\/@fr\/115715962666896212","error":""},"_links":{"self":[{"href":"https:\/\/www.europesays.com\/fr\/wp-json\/wp\/v2\/posts\/597975","targetHints":{"allow":["GET"]}}],"collection":[{"href":"https:\/\/www.europesays.com\/fr\/wp-json\/wp\/v2\/posts"}],"about":[{"href":"https:\/\/www.europesays.com\/fr\/wp-json\/wp\/v2\/types\/post"}],"author":[{"embeddable":true,"href":"https:\/\/www.europesays.com\/fr\/wp-json\/wp\/v2\/users\/2"}],"replies":[{"embeddable":true,"href":"https:\/\/www.europesays.com\/fr\/wp-json\/wp\/v2\/comments?post=597975"}],"version-history":[{"count":0,"href":"https:\/\/www.europesays.com\/fr\/wp-json\/wp\/v2\/posts\/597975\/revisions"}],"wp:featuredmedia":[{"embeddable":true,"href":"https:\/\/www.europesays.com\/fr\/wp-json\/wp\/v2\/media\/597976"}],"wp:attachment":[{"href":"https:\/\/www.europesays.com\/fr\/wp-json\/wp\/v2\/media?parent=597975"}],"wp:term":[{"taxonomy":"category","embeddable":true,"href":"https:\/\/www.europesays.com\/fr\/wp-json\/wp\/v2\/categories?post=597975"},{"taxonomy":"post_tag","embeddable":true,"href":"https:\/\/www.europesays.com\/fr\/wp-json\/wp\/v2\/tags?post=597975"}],"curies":[{"name":"wp","href":"https:\/\/api.w.org\/{rel}","templated":true}]}}