{"id":597981,"date":"2025-12-14T04:12:30","date_gmt":"2025-12-14T04:12:30","guid":{"rendered":"https:\/\/www.europesays.com\/fr\/597981\/"},"modified":"2025-12-14T04:12:30","modified_gmt":"2025-12-14T04:12:30","slug":"face-a-la-polemique-de-son-espace-100-girls-dans-son-restaurant-il-va-porter-plainte","status":"publish","type":"post","link":"https:\/\/www.europesays.com\/fr\/597981\/","title":{"rendered":"face \u00e0 la pol\u00e9mique de son espace \u00ab\u00a0100\u00a0% girls\u00a0\u00bb dans son restaurant, il va porter plainte"},"content":{"rendered":"<p> \u00ab  \u00a0Le restaurant Lyonseventimes \u00e0 Vaulx-en-Velin semble pratiquer un s\u00e9paratisme inadmissible et ill\u00e9gal en isolant dans une salle \u00e0 part les femmes. Les clients sont donc tri\u00e9s par sexe. Trouvez-vous ceci normal pr\u00e9f\u00e8te du Rh\u00f4ne \u00a0?\u00a0C\u2019est de la discrimination inacceptable en France\u00a0\u00a0\u00bb , \u00e9crit <a href=\"https:\/\/www.leprogres.fr\/p\/jerome-buisson\" target=\"_blank\" rel=\"noopener\">J\u00e9r\u00f4me Buisson<\/a>, le d\u00e9put\u00e9 RN de l\u2019Ain, ce\u00a0jeudi 11\u00a0d\u00e9cembre, sur son compte X.<\/p>\n<p>Nous nous sommes rendus sur place, samedi \u00e0 l\u2019heure du d\u00e9jeuner, afin de v\u00e9rifier les propos de l\u2019\u00e9lu d\u2019extr\u00eame droite.\u00a0La d\u00e9coration du restaurant Seven Times est soign\u00e9e, moderne et m\u00eame&#8230;<\/p>\n","protected":false},"excerpt":{"rendered":"\u00ab \u00a0Le restaurant Lyonseventimes \u00e0 Vaulx-en-Velin semble pratiquer un s\u00e9paratisme inadmissible et ill\u00e9gal en isolant dans une salle&hellip;\n","protected":false},"author":2,"featured_media":597982,"comment_status":"","ping_status":"","sticky":false,"template":"","format":"standard","meta":{"footnotes":""},"categories":[1889],"tags":[1111,11,2430,4406,130,33,3152,1777,674,107,1011,27,2428,12,5889,25,2429,104,5070,5449],"class_list":{"0":"post-597981","1":"post","2":"type-post","3":"status-publish","4":"format-standard","5":"has-post-thumbnail","7":"category-lyon","8":"tag-actu","9":"tag-actualites","10":"tag-auvergne-rhone-alpes","11":"tag-commerce-et-services","12":"tag-consommation","13":"tag-economie","14":"tag-edition-est-lyonnais","15":"tag-eu","16":"tag-europe","17":"tag-fil-info","18":"tag-fr","19":"tag-france","20":"tag-lyon","21":"tag-news","22":"tag-religion-croyance","23":"tag-republique-francaise","24":"tag-rhone","25":"tag-societe","26":"tag-vaulx-en-velin","27":"tag-vaulx-ville"},"share_on_mastodon":{"url":"https:\/\/pubeurope.com\/@fr\/115715974330719369","error":""},"_links":{"self":[{"href":"https:\/\/www.europesays.com\/fr\/wp-json\/wp\/v2\/posts\/597981","targetHints":{"allow":["GET"]}}],"collection":[{"href":"https:\/\/www.europesays.com\/fr\/wp-json\/wp\/v2\/posts"}],"about":[{"href":"https:\/\/www.europesays.com\/fr\/wp-json\/wp\/v2\/types\/post"}],"author":[{"embeddable":true,"href":"https:\/\/www.europesays.com\/fr\/wp-json\/wp\/v2\/users\/2"}],"replies":[{"embeddable":true,"href":"https:\/\/www.europesays.com\/fr\/wp-json\/wp\/v2\/comments?post=597981"}],"version-history":[{"count":0,"href":"https:\/\/www.europesays.com\/fr\/wp-json\/wp\/v2\/posts\/597981\/revisions"}],"wp:featuredmedia":[{"embeddable":true,"href":"https:\/\/www.europesays.com\/fr\/wp-json\/wp\/v2\/media\/597982"}],"wp:attachment":[{"href":"https:\/\/www.europesays.com\/fr\/wp-json\/wp\/v2\/media?parent=597981"}],"wp:term":[{"taxonomy":"category","embeddable":true,"href":"https:\/\/www.europesays.com\/fr\/wp-json\/wp\/v2\/categories?post=597981"},{"taxonomy":"post_tag","embeddable":true,"href":"https:\/\/www.europesays.com\/fr\/wp-json\/wp\/v2\/tags?post=597981"}],"curies":[{"name":"wp","href":"https:\/\/api.w.org\/{rel}","templated":true}]}}