{"id":597995,"date":"2025-12-14T04:21:25","date_gmt":"2025-12-14T04:21:25","guid":{"rendered":"https:\/\/www.europesays.com\/fr\/597995\/"},"modified":"2025-12-14T04:21:25","modified_gmt":"2025-12-14T04:21:25","slug":"kiev-et-moscou-se-frappent-mutuellement-la-mise-en-garde-derdogan","status":"publish","type":"post","link":"https:\/\/www.europesays.com\/fr\/597995\/","title":{"rendered":"Kiev et Moscou se frappent mutuellement, la mise en garde d\u2019Erdogan"},"content":{"rendered":"<p>Vous avez rat\u00e9 les derniers \u00e9v\u00e9nements sur la <a href=\"https:\/\/www.20minutes.fr\/monde\/ukraine\/\" class=\"c-link c-link--is-underlined\" target=\"_blank\" rel=\"noopener\">guerre en Ukraine<\/a>\u00a0? 20 Minutes fait le point pour vous tous les soirs. Voici l\u2019essentiel de ce samedi 13\u00a0d\u00e9cembre, au 1.389e jour du conflit.<\/p>\n<p>Le fait du jour<\/p>\n<p>Le r\u00e9pit n\u2019est pas pour tout de suite\u00a0: la <a href=\"https:\/\/www.20minutes.fr\/monde\/russie\/\" class=\"c-link c-link--is-underlined\" target=\"_blank\" rel=\"noopener\">Russie <\/a>et l\u2019Ukraine ont poursuivi les hostilit\u00e9s dans la nuit. Moscou a affirm\u00e9 ce samedi avoir frapp\u00e9 des installations industrielles et \u00e9nerg\u00e9tiques ukrainiennes avec des missiles hypersoniques. Le pr\u00e9sident ukrainien <a href=\"https:\/\/www.20minutes.fr\/monde\/volodymyr-zelensky\/\" class=\"c-link c-link--is-underlined\" target=\"_blank\" rel=\"noopener\">Volodymyr Zelensky<\/a> a fait \u00e9tat de frappes russes ayant endommag\u00e9 plus d\u2019une douzaine d\u2019installations civiles et priv\u00e9 des milliers de personnes d\u2019\u00e9lectricit\u00e9 dans sept r\u00e9gions. Une femme de 80 ans a \u00e9t\u00e9 tu\u00e9e dans la r\u00e9gion de Soumy (nord-est), selon le gouverneur r\u00e9gional.<\/p>\n<p>Ces frappes ont \u00e9t\u00e9 qualifi\u00e9es de repr\u00e9sailles \u00e0 des frappes ukrainiennes contre des \u00ab\u00a0cibles civiles\u00a0\u00bb en Russie. Ce samedi, deux personnes ont \u00e9t\u00e9 tu\u00e9es dans le centre du pays \u00e0 la suite d\u2019une attaque de drones ukrainiens contre un immeuble r\u00e9sidentiel \u00e0 Saratov, d\u2019apr\u00e8s les autorit\u00e9s russes.<\/p>\n<p>La d\u00e9claration du jour<\/p>\n<blockquote class=\"mx-m@xs mx-xxl@md color-ultramarine c-citation\">\n<p class=\"font-weight-regular@xs text-italic font-source-serif-pro text-l@xs c-citation__content\">\u00ab\u00a0La mer Noire ne doit pas \u00eatre consid\u00e9r\u00e9e comme une zone de confrontation. Cela ne profiterait ni \u00e0 la Russie, ni \u00e0 l\u2019Ukraine. Tout le monde a besoin d\u2019une navigation s\u00e9curis\u00e9e en mer Noire.\u00a0\u00bb<\/p>\n<\/blockquote>\n<p>Ce sont les mots du pr\u00e9sident turc <a href=\"https:\/\/www.20minutes.fr\/monde\/recep_tayyip_erdogan\/\" class=\"c-link c-link--is-underlined\" target=\"_blank\" rel=\"noopener\">Recep Tayyip Erdogan<\/a>, qui a mis en garde les deux pays apr\u00e8s plusieurs frappes en mer Noire ces derni\u00e8res semaines. Un navire turc a notamment \u00e9t\u00e9 endommag\u00e9 vendredi dans une frappe a\u00e9rienne russe pr\u00e8s de la ville portuaire ukrainienne d\u2019Odessa, avaient annonc\u00e9 son armateur et Kiev.<\/p>\n<p>L\u2019attaque est survenue quelques heures apr\u00e8s que le pr\u00e9sident turc a \u00e9voqu\u00e9 la question d\u2019un \u00ab\u00a0<a href=\"https:\/\/www.20minutes.fr\/monde\/cessez_le_feu\/\" class=\"c-link c-link--is-underlined\" target=\"_blank\" rel=\"noopener\">cessez-le-feu<\/a> limit\u00e9, sur les installations \u00e9nerg\u00e9tiques et des ports\u00a0\u00bb, avec son homologue russe <a href=\"https:\/\/www.20minutes.fr\/monde\/vladimir_poutine\/\" class=\"c-link c-link--is-underlined\" target=\"_blank\" rel=\"noopener\">Vladimir Poutine<\/a> en marge d\u2019un sommet au Turkm\u00e9nistan.<\/p>\n<p>La <a href=\"https:\/\/www.20minutes.fr\/monde\/turquie\/\" class=\"c-link c-link--is-underlined\" target=\"_blank\" rel=\"noopener\">Turquie <\/a>a mis en garde ces derni\u00e8res semaines contre une \u00ab\u00a0escalade inqui\u00e9tante\u00a0\u00bb en mer Noire, apr\u00e8s que l\u2019Ukraine a revendiqu\u00e9 des attaques de drones navals contre des p\u00e9troliers li\u00e9s \u00e0 la Russie dans la r\u00e9gion.<\/p>\n<\/p>\n<p>La tendance<\/p>\n<p>L\u2019Europe fait bloc. L\u2019<a href=\"https:\/\/www.20minutes.fr\/dossier\/allemagne\" class=\"c-link c-link--is-underlined\" target=\"_blank\" rel=\"noopener\">Allemagne<\/a> a annonc\u00e9 ce samedi qu\u2019elle allait envoyer un groupe de soldats en <a href=\"https:\/\/www.20minutes.fr\/dossier\/pologne\" class=\"c-link c-link--is-underlined\" target=\"_blank\" rel=\"noopener\">Pologne <\/a>pour aider \u00e0 la mise en place d\u2019un projet visant \u00e0 fortifier la fronti\u00e8re orientale du pays, alors que les inqui\u00e9tudes grandissent quant \u00e0 la menace russe. La Pologne, fervente partisane de l\u2019Ukraine dans sa lutte contre Moscou, a annonc\u00e9 en mai dernier son intention de renforcer une longue partie de sa fronti\u00e8re, qui comprend la <a href=\"https:\/\/www.20minutes.fr\/monde\/bielorussie\/\" class=\"c-link c-link--is-underlined\" target=\"_blank\" rel=\"noopener\">Bi\u00e9lorussie <\/a>et l\u2019enclave russe de Kaliningrad.<\/p>\n<p>La t\u00e2che principale des soldats allemands en Pologne consistera en des \u00ab\u00a0activit\u00e9s du g\u00e9nie\u00a0\u00bb, a d\u00e9clar\u00e9 vendredi soir un porte-parole du minist\u00e8re allemand de la D\u00e9fense. Cela pourrait inclure \u00ab\u00a0la construction de fortifications, le creusement de tranch\u00e9es, la pose de barbel\u00e9s ou l\u2019\u00e9rection de barri\u00e8res antichars\u00a0\u00bb, a-t-il pr\u00e9cis\u00e9. La participation des <a href=\"https:\/\/www.20minutes.fr\/dossier\/militaire\" class=\"c-link c-link--is-underlined\" target=\"_blank\" rel=\"noopener\">militaires <\/a>allemands \u00e0 un \u00ab\u00a0nombre moyen \u00e0 deux chiffres\u00a0\u00bb, soit une cinquantaine.<\/p>\n<p><a href=\"https:\/\/www.20minutes.fr\/monde\/ukraine\/\" class=\"c-link c-btn c-btn--primary\" target=\"_blank\" rel=\"noopener\">Les derni\u00e8res informations sur la guerre en Ukraine<\/a><\/p>\n<p>La mission est pr\u00e9vue \u00e0 partir du deuxi\u00e8me trimestre\u00a02026 jusqu\u2019\u00e0 la fin\u00a02027. Depuis l\u2019invasion \u00e0 grande \u00e9chelle de l\u2019Ukraine par la Russie en\u00a02022, Varsovie a fermement soutenu Kiev et a servi de voie de transit pour les armes fournies par les alli\u00e9s occidentaux de l\u2019Ukraine. La Pologne modernise \u00e9galement son arm\u00e9e et a augment\u00e9 les d\u00e9penses pour renforcer sa <a href=\"https:\/\/www.20minutes.fr\/dossier\/defense\" class=\"c-link c-link--is-underlined\" target=\"_blank\" rel=\"noopener\">d\u00e9fense<\/a>.<\/p>\n","protected":false},"excerpt":{"rendered":"Vous avez rat\u00e9 les derniers \u00e9v\u00e9nements sur la guerre en Ukraine\u00a0? 20 Minutes fait le point pour vous&hellip;\n","protected":false},"author":2,"featured_media":597996,"comment_status":"","ping_status":"","sticky":false,"template":"","format":"standard","meta":{"footnotes":""},"categories":[1590],"tags":[47,11,672,554,1777,674,131,3579,74,1916,12,2437,3497,132,3496,220,135,134],"class_list":{"0":"post-597995","1":"post","2":"type-post","3":"status-publish","4":"format-standard","5":"has-post-thumbnail","7":"category-ukraine","8":"tag-actualite","9":"tag-actualites","10":"tag-allemagne","11":"tag-defense","12":"tag-eu","13":"tag-europe","14":"tag-guerre-en-ukraine","15":"tag-militaire","16":"tag-monde","17":"tag-moscou","18":"tag-news","19":"tag-pologne","20":"tag-recep-tayyip-erdogan","21":"tag-russie","22":"tag-turquie","23":"tag-ukraine","24":"tag-vladimir-poutine","25":"tag-volodymyr-zelensky"},"share_on_mastodon":{"url":"https:\/\/pubeurope.com\/@fr\/115716009735462239","error":""},"_links":{"self":[{"href":"https:\/\/www.europesays.com\/fr\/wp-json\/wp\/v2\/posts\/597995","targetHints":{"allow":["GET"]}}],"collection":[{"href":"https:\/\/www.europesays.com\/fr\/wp-json\/wp\/v2\/posts"}],"about":[{"href":"https:\/\/www.europesays.com\/fr\/wp-json\/wp\/v2\/types\/post"}],"author":[{"embeddable":true,"href":"https:\/\/www.europesays.com\/fr\/wp-json\/wp\/v2\/users\/2"}],"replies":[{"embeddable":true,"href":"https:\/\/www.europesays.com\/fr\/wp-json\/wp\/v2\/comments?post=597995"}],"version-history":[{"count":0,"href":"https:\/\/www.europesays.com\/fr\/wp-json\/wp\/v2\/posts\/597995\/revisions"}],"wp:featuredmedia":[{"embeddable":true,"href":"https:\/\/www.europesays.com\/fr\/wp-json\/wp\/v2\/media\/597996"}],"wp:attachment":[{"href":"https:\/\/www.europesays.com\/fr\/wp-json\/wp\/v2\/media?parent=597995"}],"wp:term":[{"taxonomy":"category","embeddable":true,"href":"https:\/\/www.europesays.com\/fr\/wp-json\/wp\/v2\/categories?post=597995"},{"taxonomy":"post_tag","embeddable":true,"href":"https:\/\/www.europesays.com\/fr\/wp-json\/wp\/v2\/tags?post=597995"}],"curies":[{"name":"wp","href":"https:\/\/api.w.org\/{rel}","templated":true}]}}