{"id":597997,"date":"2025-12-14T04:22:16","date_gmt":"2025-12-14T04:22:16","guid":{"rendered":"https:\/\/www.europesays.com\/fr\/597997\/"},"modified":"2025-12-14T04:22:16","modified_gmt":"2025-12-14T04:22:16","slug":"usa-deux-morts-et-neuf-blesses-apres-une-fusillade-a-luniversite-de-brown","status":"publish","type":"post","link":"https:\/\/www.europesays.com\/fr\/597997\/","title":{"rendered":"USA-Deux morts et neuf bless\u00e9s apr\u00e8s une fusillade \u00e0 l&rsquo;universit\u00e9 de Brown"},"content":{"rendered":"<p>13 d\u00e9cembre (Reuters) &#8211; Deux \u00e9tudiants ont \u00e9t\u00e9 tu\u00e9s et neuf autres bless\u00e9s samedi lors d&rsquo;une fusillade survenue \u00e0 l&rsquo;universit\u00e9 de Brown \u00e0 Providence, dans l&rsquo;Etat de Rhode Island, a d\u00e9clar\u00e9 Brett Smiley, le maire de la ville.<\/p>\n<p>\n              Les rues autour du campus de l&rsquo;universit\u00e9 restaient bloqu\u00e9es plusieurs heures apr\u00e8s la fusillade et la s\u00e9curit\u00e9 a \u00e9t\u00e9 renforc\u00e9e dans la ville alors que la police recherche encore le suspect.<\/p>\n<p>\n              \u00ab\u00a0L&rsquo;individu responsable (de la fusillade) est toujours en fuite\u00a0\u00bb, a dit Brett Smiley, lors d&rsquo;une conf\u00e9rence de presse organis\u00e9e \u00e0 21h30 (02h30 GMT). Le chef adjoint de la police, Timothy O&rsquo;Hara, a d\u00e9clar\u00e9 que le suspect n&rsquo;avait pas \u00e9t\u00e9 identifi\u00e9.<\/p>\n<p>\n              Les responsables ont indiqu\u00e9 qu&rsquo;un homme v\u00eatu de noir \u00e9tait recherch\u00e9 et qu&rsquo;ils allaient rendre publique une vid\u00e9o dans laquelle on peut voir le suspect.<\/p>\n<p>\n              Des agents f\u00e9d\u00e9raux et des policiers venus de villes voisines participent aux recherches, ont-ils fait savoir.<\/p>\n<p>\n              Timothy O&rsquo;Hara a dit que des douilles avaient \u00e9t\u00e9 retrouv\u00e9es sur les lieux de la fusillade, mais que la police n&rsquo;\u00e9tait pas pr\u00eate \u00e0 d\u00e9voiler davantage de d\u00e9tails.<\/p>\n<p>\n              \u00ab\u00a0Nous sommes \u00e0 une semaine et demie de No\u00ebl. Deux personnes sont mortes aujourd&rsquo;hui et huit autres sont \u00e0 l&rsquo;h\u00f4pital\u00a0\u00bb, a dit Brett Smiley dans la soir\u00e9e. \u00ab\u00a0S&rsquo;il vous pla\u00eet, joignez-vous \u00e0 nos pri\u00e8res pour ces familles.\u00a0\u00bb<\/p>\n<p>\n              Huit \u00e9tudiants ont \u00e9t\u00e9 gri\u00e8vement bless\u00e9s lors de la fusillade, survenue dans un b\u00e2timent de l&rsquo;universit\u00e9 alors que se d\u00e9roulaient des examens, ont dit les responsables. Un neuvi\u00e8me \u00e9tudiant a \u00e9t\u00e9 bless\u00e9 par des \u00e9clats de balle, a dit Brett Smiley.<\/p>\n<p>\n              \u00ab\u00a0Il s&rsquo;agit du jour dont on esp\u00e8re qu&rsquo;on ne le verra jamais\u00a0\u00bb, a d\u00e9clar\u00e9 la pr\u00e9sidente de l&rsquo;universit\u00e9, Christina Paxson, lors d&rsquo;une conf\u00e9rence de presse.<\/p>\n<p>\n              L&rsquo;universit\u00e9 de Brown, qui fait partie de la tr\u00e8s ferm\u00e9e \u00ab\u00a0Ivy League\u00a0\u00bb rassemblant les \u00e9tablissements sup\u00e9rieurs d&rsquo;\u00e9lite am\u00e9ricains, compte des centaines de b\u00e2timents. L&rsquo;institution a demand\u00e9 aux \u00e9tudiants de rester \u00e0 l&rsquo;abri.<\/p>\n<p>\n              \u00ab\u00a0Nous allons faire en sorte d&rsquo;arr\u00eater la personne qui a fait tant de mal \u00e0 tant de monde\u00a0\u00bb, a dit le gouverneur de l&rsquo;Etat de Rhode Island, Daniel McKee.<\/p>\n<p>\n              Les recherches ont \u00e9t\u00e9 compliqu\u00e9es par l&rsquo;affluence dans le centre-ville de Providence, alors que des milliers de personnes s&rsquo;y massaient pour assister \u00e0 des concerts ou y effectuer leurs achats de No\u00ebl, ont rapport\u00e9 les m\u00e9dias locaux.<\/p>\n<p>\n              Le pr\u00e9sident am\u00e9ricain Donald Trump a dit aux journalistes avoir \u00e9t\u00e9 inform\u00e9 de la situation qu&rsquo;il a qualifi\u00e9e de \u00ab\u00a0terrible\u00a0\u00bb.<\/p>\n<p>\n              \u00ab\u00a0Nous ne pouvons que prier pour les victimes et ceux qui ont \u00e9t\u00e9 gravement bless\u00e9s\u00a0\u00bb, a-t-il d\u00e9clar\u00e9.<\/p>\n<p>\n               (Chris Prentice, Jason Lange in New York, et Svea Herbst, r\u00e9dig\u00e9 par Raphael Satter,; version fran\u00e7aise Camille Raynaud)<\/p>\n","protected":false},"excerpt":{"rendered":"13 d\u00e9cembre (Reuters) &#8211; Deux \u00e9tudiants ont \u00e9t\u00e9 tu\u00e9s et neuf autres bless\u00e9s samedi lors d&rsquo;une fusillade survenue&hellip;\n","protected":false},"author":2,"featured_media":597998,"comment_status":"","ping_status":"","sticky":false,"template":"","format":"standard","meta":{"footnotes":""},"categories":[1589],"tags":[11,340,73,1866,12,1864,1865,1863,308],"class_list":{"0":"post-597997","1":"post","2":"type-post","3":"status-publish","4":"format-standard","5":"has-post-thumbnail","7":"category-etats-unis","8":"tag-actualites","9":"tag-bourse","10":"tag-etats-unis","11":"tag-etats-unis-damerique","12":"tag-news","13":"tag-united-states","14":"tag-united-states-of-america","15":"tag-us","16":"tag-usa"},"share_on_mastodon":{"url":"https:\/\/pubeurope.com\/@fr\/115716013784044419","error":""},"_links":{"self":[{"href":"https:\/\/www.europesays.com\/fr\/wp-json\/wp\/v2\/posts\/597997","targetHints":{"allow":["GET"]}}],"collection":[{"href":"https:\/\/www.europesays.com\/fr\/wp-json\/wp\/v2\/posts"}],"about":[{"href":"https:\/\/www.europesays.com\/fr\/wp-json\/wp\/v2\/types\/post"}],"author":[{"embeddable":true,"href":"https:\/\/www.europesays.com\/fr\/wp-json\/wp\/v2\/users\/2"}],"replies":[{"embeddable":true,"href":"https:\/\/www.europesays.com\/fr\/wp-json\/wp\/v2\/comments?post=597997"}],"version-history":[{"count":0,"href":"https:\/\/www.europesays.com\/fr\/wp-json\/wp\/v2\/posts\/597997\/revisions"}],"wp:featuredmedia":[{"embeddable":true,"href":"https:\/\/www.europesays.com\/fr\/wp-json\/wp\/v2\/media\/597998"}],"wp:attachment":[{"href":"https:\/\/www.europesays.com\/fr\/wp-json\/wp\/v2\/media?parent=597997"}],"wp:term":[{"taxonomy":"category","embeddable":true,"href":"https:\/\/www.europesays.com\/fr\/wp-json\/wp\/v2\/categories?post=597997"},{"taxonomy":"post_tag","embeddable":true,"href":"https:\/\/www.europesays.com\/fr\/wp-json\/wp\/v2\/tags?post=597997"}],"curies":[{"name":"wp","href":"https:\/\/api.w.org\/{rel}","templated":true}]}}