{"id":598001,"date":"2025-12-14T04:24:19","date_gmt":"2025-12-14T04:24:19","guid":{"rendered":"https:\/\/www.europesays.com\/fr\/598001\/"},"modified":"2025-12-14T04:24:19","modified_gmt":"2025-12-14T04:24:19","slug":"un-projet-dattentat-dejoue-cinq-hommes-arretes","status":"publish","type":"post","link":"https:\/\/www.europesays.com\/fr\/598001\/","title":{"rendered":"un projet d\u2019attentat d\u00e9jou\u00e9, cinq hommes arr\u00eat\u00e9s"},"content":{"rendered":"\n<p class=\"article__paragraph  \">Cinq hommes soup\u00e7onn\u00e9s de pr\u00e9parer un attentat \u00e0 la voiture-b\u00e9lier visant un march\u00e9 de No\u00ebl en Allemagne ont \u00e9t\u00e9 arr\u00eat\u00e9s, ont annonc\u00e9, samedi 13\u00a0d\u00e9cembre, la police et le parquet dans un communiqu\u00e9. Les suspects ont \u00e9t\u00e9 plac\u00e9s en d\u00e9tention, vendredi, puis pr\u00e9sent\u00e9s \u00e0 un juge, samedi, concernant ce projet cens\u00e9 \u00eatre mis en \u0153uvre en Bavi\u00e8re, dans le sud du pays. Les enqu\u00eateurs ont pr\u00e9cis\u00e9 soup\u00e7onner \u00ab\u00a0une motivation islamiste\u00a0\u00bb pour ce projet.<\/p>\n<p class=\"article__paragraph  \">L\u2019un des suspects est un Egyptien, \u00e2g\u00e9 de 56\u00a0ans, imam dans une mosqu\u00e9e dans les environs de la ville de Dingolfing-Landau, pr\u00e8s de Munich, d\u2019apr\u00e8s le tablo\u00efd Bild. Selon les autorit\u00e9s, il est soup\u00e7onn\u00e9 d\u2019avoir appel\u00e9 \u00e0 viser un march\u00e9 en \u00ab\u00a0utilisant un v\u00e9hicule pour tuer ou blesser autant de personnes que possible\u00a0\u00bb. Trois Marocains, \u00e2g\u00e9s de 22, 28 et 30\u00a0ans, auraient accept\u00e9 de perp\u00e9trer l\u2019attentat tandis qu\u2019un Syrien, \u00e2g\u00e9 de 37\u00a0ans, les aurait encourag\u00e9s.<\/p>\n<p class=\"article__paragraph  \">Cit\u00e9 par Bild, le ministre de l\u2019int\u00e9rieur de la Bavi\u00e8re, Joachim Herrmann, a soulign\u00e9 \u00ab\u00a0l\u2019excellente coop\u00e9ration entre les services de s\u00e9curit\u00e9\u00a0\u00bb qui a permis d\u2019emp\u00eacher la tenue d\u2019une \u00ab\u00a0attaque potentiellement motiv\u00e9e par l\u2019islamisme\u00a0\u00bb. Les autorit\u00e9s n\u2019ont pas pr\u00e9cis\u00e9 o\u00f9 les suspects avaient \u00e9t\u00e9 arr\u00eat\u00e9s, ni o\u00f9 et quand l\u2019attentat devait avoir lieu.<\/p>\n<p>                    Le traumatisme de l\u2019attentat de 2024\u00a0\u00e0\u00a0Magdebourg                    <\/p>\n<p class=\"article__paragraph  \">Les march\u00e9s traditionnels typiques de l\u2019Allemagne qui attirent les foules en fin d\u2019ann\u00e9e ne cessent de se barricader depuis un attentat islamiste \u00e0 Berlin qui avait fait 13 morts en\u00a02016.<\/p>\n<p class=\"article__paragraph  \">En d\u00e9cembre\u00a02024, un attentat \u00e0 la voiture-b\u00e9lier avait fait six morts et plus de 300 bless\u00e9s au march\u00e9 de No\u00ebl \u00e0 Magdebourg, capitale r\u00e9gionale de l\u2019est de l\u2019Allemagne. Taleb Al-Abdulmohsen, un Saoudien islamophobe qui a reconnu avoir conduit le v\u00e9hicule fon\u00e7ant sur la foule, est actuellement jug\u00e9 pour cette attaque. A l\u2019ouverture de son proc\u00e8s d\u00e9but novembre, ce psychiatre, qui affichait en ligne son hostilit\u00e9 envers l\u2019islam et le gouvernement allemand, avait avanc\u00e9 des consid\u00e9rations politiques et religieuses confuses.<\/p>\n<p>                                       Lire aussi |  <a href=\"https:\/\/www.lemonde.fr\/international\/article\/2024\/12\/30\/attaque-de-magdebourg-le-gouvernement-allemand-met-en-avant-les-troubles-psychiatriques-de-l-auteur-presume_6474354_3210.html\" class=\"js-article-read-also catcher--favoris__link\" data-premium=\"\" id=\"article-title-3404048\" target=\"_blank\" rel=\"noopener\">Attaque de Magdebourg\u00a0: le\u00a0gouvernement allemand met en\u00a0avant les troubles psychiatriques de\u00a0l\u2019auteur pr\u00e9sum\u00e9<\/a>    <\/p>\n<p>   Lire plus tard  <\/p>\n<p class=\"article__paragraph  \">Son acte avait remis les questions de s\u00e9curit\u00e9 au premier plan, enflammant le d\u00e9bat autour de l\u2019immigration et la s\u00e9curit\u00e9, alors que l\u2019Allemagne \u00e9tait en pleine campagne des l\u00e9gislatives et apr\u00e8s plusieurs attaques au couteau, dont certaines commises par des \u00e9trangers. Lors des \u00e9lections l\u00e9gislatives en f\u00e9vrier, le parti d\u2019extr\u00eame droite AfD a d\u00e9croch\u00e9 une deuxi\u00e8me place historique.<\/p>\n<p class=\"article__paragraph  \">Apr\u00e8s une p\u00e9riode d\u2019incertitude, le march\u00e9 de No\u00ebl de Magdebourg a finalement rouvert fin novembre, sous forte protection polici\u00e8re et entour\u00e9 de blocs de b\u00e9ton, peints de vert et rouge pour leur donner un aspect festif. Mais quelques villes, dont Overath pr\u00e8s de Cologne, ont d\u00e9cid\u00e9 d\u2019annuler ce march\u00e9 cette ann\u00e9e en raison du co\u00fbt des mesures de s\u00e9curit\u00e9.<\/p>\n<p class=\"article__paragraph  \">L\u2019an dernier, plus de 7\u00a0000 march\u00e9s de No\u00ebl \u00e0 travers le pays ont attir\u00e9 170\u00a0millions de visiteurs, pour des recettes s\u2019\u00e9levant \u00e0 4,2\u00a0milliards d\u2019euros.<\/p>\n<p>                                       Lire aussi |  Article r\u00e9serv\u00e9 \u00e0 nos abonn\u00e9s  <a href=\"https:\/\/www.lemonde.fr\/international\/article\/2025\/09\/15\/dans-l-ouest-de-l-allemagne-l-extreme-droite-fait-une-percee-aux-elections-municipales_6641197_3210.html\" class=\"js-article-read-also catcher--favoris__link\" data-premium=\"1\" id=\"article-title-3438010\" target=\"_blank\" rel=\"noopener\">Dans l\u2019ouest de l\u2019Allemagne, l\u2019extr\u00eame droite fait une perc\u00e9e aux \u00e9lections municipales<\/a>    <\/p>\n<p>   Lire plus tard  <\/p>\n<p class=\"author__detail\">  Le Monde avec AFP  <\/p>\n<p>                <a href=\"https:\/\/www.lemonde.fr\/syndication\/\" class=\"reuse__content\" title=\"R\u00e9utiliser ce contenu\" target=\"_blank\" rel=\"noopener\">R\u00e9utiliser ce contenu<\/a>      <\/p>\n","protected":false},"excerpt":{"rendered":"Cinq hommes soup\u00e7onn\u00e9s de pr\u00e9parer un attentat \u00e0 la voiture-b\u00e9lier visant un march\u00e9 de No\u00ebl en Allemagne ont&hellip;\n","protected":false},"author":2,"featured_media":598002,"comment_status":"","ping_status":"","sticky":false,"template":"","format":"standard","meta":{"footnotes":""},"categories":[1587],"tags":[11,672,1804,1805,1803,1777,674,1801,12,1802],"class_list":{"0":"post-598001","1":"post","2":"type-post","3":"status-publish","4":"format-standard","5":"has-post-thumbnail","7":"category-allemagne","8":"tag-actualites","9":"tag-allemagne","10":"tag-bundesrepublik-deutschland","11":"tag-de","12":"tag-deutschland","13":"tag-eu","14":"tag-europe","15":"tag-germany","16":"tag-news","17":"tag-republique-federale-dallemagne"},"share_on_mastodon":{"url":"https:\/\/pubeurope.com\/@fr\/115716021566638635","error":""},"_links":{"self":[{"href":"https:\/\/www.europesays.com\/fr\/wp-json\/wp\/v2\/posts\/598001","targetHints":{"allow":["GET"]}}],"collection":[{"href":"https:\/\/www.europesays.com\/fr\/wp-json\/wp\/v2\/posts"}],"about":[{"href":"https:\/\/www.europesays.com\/fr\/wp-json\/wp\/v2\/types\/post"}],"author":[{"embeddable":true,"href":"https:\/\/www.europesays.com\/fr\/wp-json\/wp\/v2\/users\/2"}],"replies":[{"embeddable":true,"href":"https:\/\/www.europesays.com\/fr\/wp-json\/wp\/v2\/comments?post=598001"}],"version-history":[{"count":0,"href":"https:\/\/www.europesays.com\/fr\/wp-json\/wp\/v2\/posts\/598001\/revisions"}],"wp:featuredmedia":[{"embeddable":true,"href":"https:\/\/www.europesays.com\/fr\/wp-json\/wp\/v2\/media\/598002"}],"wp:attachment":[{"href":"https:\/\/www.europesays.com\/fr\/wp-json\/wp\/v2\/media?parent=598001"}],"wp:term":[{"taxonomy":"category","embeddable":true,"href":"https:\/\/www.europesays.com\/fr\/wp-json\/wp\/v2\/categories?post=598001"},{"taxonomy":"post_tag","embeddable":true,"href":"https:\/\/www.europesays.com\/fr\/wp-json\/wp\/v2\/tags?post=598001"}],"curies":[{"name":"wp","href":"https:\/\/api.w.org\/{rel}","templated":true}]}}