{"id":598003,"date":"2025-12-14T04:25:31","date_gmt":"2025-12-14T04:25:31","guid":{"rendered":"https:\/\/www.europesays.com\/fr\/598003\/"},"modified":"2025-12-14T04:25:31","modified_gmt":"2025-12-14T04:25:31","slug":"cross-country-championnat-deurope-2025-live-les-resultats-sports-infos-ski","status":"publish","type":"post","link":"https:\/\/www.europesays.com\/fr\/598003\/","title":{"rendered":"Cross country &#8211; Championnat d&rsquo;Europe 2025 &#8211; LIVE &#8211; Les r\u00e9sultats &#8211; Sports Infos &#8211; Ski"},"content":{"rendered":"<p>Cross Country \u2013 Championnat d&rsquo;Europe 2025<\/p>\n<p>Les Championnats d&rsquo;Europe de Cross-Country\u00a0reviennent sur le sol portugais avec l&rsquo;\u00e9dition de cette ann\u00e9e qui se tiendra dans la station m\u00e9diterran\u00e9enne de Lagoa.<\/p>\n<p>Ce sera la quatri\u00e8me fois que le Portugal accueillera les championnats apr\u00e8s les \u00e9ditions pr\u00e9c\u00e9dentes \u00e0 Oeiras (1997), Albufeira (2010) et Lisbonne (2019).<\/p>\n<p>\u00a0<\/p>\n<p><strong>A SUIVRE<\/strong><\/p>\n<p><a href=\"https:\/\/qaa.ultrapremiumdirect.com\/?P4FCFD4851A2691\" target=\"_blank\" rel=\"noopener sponsored\"><img decoding=\"async\" src=\"https:\/\/www.europesays.com\/fr\/wp-content\/uploads\/2025\/12\/1765498758_738_\" border=\"0\" alt=\"\"\/><\/a><\/p>\n","protected":false},"excerpt":{"rendered":"Cross Country \u2013 Championnat d&rsquo;Europe 2025 Les Championnats d&rsquo;Europe de Cross-Country\u00a0reviennent sur le sol portugais avec l&rsquo;\u00e9dition de&hellip;\n","protected":false},"author":2,"featured_media":598004,"comment_status":"","ping_status":"","sticky":false,"template":"","format":"standard","meta":{"footnotes":""},"categories":[1586],"tags":[11,3477,3234,45760,19566,12082,49832,1777,674,1011,27,1114,71065,820,12,8975,6996,9622,25,1980,8974,128,9620,3387],"class_list":{"0":"post-598003","1":"post","2":"type-post","3":"status-publish","4":"format-standard","5":"has-post-thumbnail","7":"category-europe","8":"tag-actualites","9":"tag-cette","10":"tag-championnats","11":"tag-country","12":"tag-cross","13":"tag-deurope","14":"tag-decembre","15":"tag-eu","16":"tag-europe","17":"tag-fr","18":"tag-france","19":"tag-infos","20":"tag-lagoa","21":"tag-live","22":"tag-news","23":"tag-page","24":"tag-portugal","25":"tag-prevu","26":"tag-republique-francaise","27":"tag-resultats","28":"tag-retrouvez","29":"tag-streaming","30":"tag-suivi","31":"tag-tous"},"share_on_mastodon":{"url":"https:\/\/pubeurope.com\/@fr\/115716026236303183","error":""},"_links":{"self":[{"href":"https:\/\/www.europesays.com\/fr\/wp-json\/wp\/v2\/posts\/598003","targetHints":{"allow":["GET"]}}],"collection":[{"href":"https:\/\/www.europesays.com\/fr\/wp-json\/wp\/v2\/posts"}],"about":[{"href":"https:\/\/www.europesays.com\/fr\/wp-json\/wp\/v2\/types\/post"}],"author":[{"embeddable":true,"href":"https:\/\/www.europesays.com\/fr\/wp-json\/wp\/v2\/users\/2"}],"replies":[{"embeddable":true,"href":"https:\/\/www.europesays.com\/fr\/wp-json\/wp\/v2\/comments?post=598003"}],"version-history":[{"count":0,"href":"https:\/\/www.europesays.com\/fr\/wp-json\/wp\/v2\/posts\/598003\/revisions"}],"wp:featuredmedia":[{"embeddable":true,"href":"https:\/\/www.europesays.com\/fr\/wp-json\/wp\/v2\/media\/598004"}],"wp:attachment":[{"href":"https:\/\/www.europesays.com\/fr\/wp-json\/wp\/v2\/media?parent=598003"}],"wp:term":[{"taxonomy":"category","embeddable":true,"href":"https:\/\/www.europesays.com\/fr\/wp-json\/wp\/v2\/categories?post=598003"},{"taxonomy":"post_tag","embeddable":true,"href":"https:\/\/www.europesays.com\/fr\/wp-json\/wp\/v2\/tags?post=598003"}],"curies":[{"name":"wp","href":"https:\/\/api.w.org\/{rel}","templated":true}]}}