{"id":598013,"date":"2025-12-14T04:30:22","date_gmt":"2025-12-14T04:30:22","guid":{"rendered":"https:\/\/www.europesays.com\/fr\/598013\/"},"modified":"2025-12-14T04:30:22","modified_gmt":"2025-12-14T04:30:22","slug":"les-francais-seloignent-du-pga-tour-malgre-la-belle-carte-de-debove","status":"publish","type":"post","link":"https:\/\/www.europesays.com\/fr\/598013\/","title":{"rendered":"Les Fran\u00e7ais s&rsquo;\u00e9loignent du PGA Tour malgr\u00e9 la belle carte de Debove"},"content":{"rendered":"<p>\t\t\t\t\t\t<img width=\"770\" height=\"556\" src=\"https:\/\/www.europesays.com\/fr\/wp-content\/uploads\/2025\/10\/quentin-debove-raffaele-canepa-alps-tour-770x556.jpg\" class=\"img-responsive wp-post-image\" alt=\"\" decoding=\"async\" fetchpriority=\"high\"  \/>\t\t\t\t\t<\/p>\n<p>\t\t\t\t\t\t Partager cet article <\/p>\n<p class=\"screen-reader-text juiz_sps_maybe_hidden_text\">Partager la publication \u00ab\u00a0Les Fran\u00e7ais s\u2019\u00e9loignent du PGA Tour malgr\u00e9 la belle carte de Debove\u00a0\u00bb<\/p>\n<p><strong>En d\u00e9pit d\u2019un joli troisi\u00e8me tour de Quentin Debove (photo), les trois Fran\u00e7ais en lice dans la Final Stage Q-School ne devraient pas accrocher l\u2019une des cinq premi\u00e8res places qualificatives pour le PGA Tour. Il leur reste toutefois un tour pour gagner leur ticket pour le Korn Ferry Tour en 2026. L\u2019Am\u00e9ricain Ben Kholes, 35 ans, un ancien pensionnaire du PGA Tour, et le Colombien Marcelo Rozo, 36 ans, m\u00e8nent la danse.<\/strong><\/p>\n<p>Pour le top 5, ce sera dur. Voir impossible.<strong> Quentin Debove<\/strong> (photo), <strong>J\u00e9r\u00e9my Gandon<\/strong> et <strong>Bastien Amat<\/strong> ne devraient pas jouer sur le <strong>PGA Tour<\/strong> en 2026, selon toute vraisemblance. M\u00eame s\u2019il reste un tour. Accrocher l\u2019une des cinq premi\u00e8res places semble trop utopique.\u00a0<\/p>\n<p>Avant et apr\u00e8s le \u2018moving day\u2019, le mieux plac\u00e9 du trio est J\u00e9r\u00e9my Gandon, mais pour la deuxi\u00e8me fois de suite, il a jou\u00e9 71, au-dessus du par donc (+1). Rejet\u00e9 au-del\u00e0 du top 70, il visera plut\u00f4t dimanche le top 45 du tournoi qui permettra \u00e0 ceux class\u00e9s entre la 6e et la 45e place d\u2019obtenir un ticket pour le <strong>Korn Ferry Tour<\/strong>, l\u2019antichambre du PGA Tour, avec des exemptions et une meilleure priorit\u00e9 dans les \u2018reshuffles\u2019.<\/p>\n<p>Quentin Debove est juste derri\u00e8re lui -1 total, soit \u00e0 trois coups des places pour le KFT. Mais il semble avoir un meilleur \u00e9lan que son compatriote puisqu\u2019il a jou\u00e9 ce samedi un tr\u00e8s joli 67 (-3) \u00e0 Ponte Vedra Beach. Et ce malgr\u00e9 un bogey sur son dernier trou.<\/p>\n<p>Bastien Amat peut quant \u00e0 lui \u00eatre fier de sa r\u00e9action, pour l\u2019honneur. Apr\u00e8s deux cartes assez lourdes, il a jou\u00e9 cette fois nettement en dessous du par (-5) mais il est trop loin au classement pour esp\u00e9rer.<\/p>\n<p>Villegas recule, Rozo au relais<\/p>\n<p>Pour les cinq places qui feront prendre aux heureux \u00e9lus la direction du PGA Tour, le suspense reste entier. Les leaders, l\u2019Am\u00e9ricain <strong>Ben Kholes <\/strong>et le Colombien<strong> Marcelo Rozo<\/strong>, ne sont \u00e0 l\u2019abri de rien. Tout peut aller tr\u00e8s vite puisque les 6e du classement sont \u00e0 deux coups de la t\u00eate.\u00a0<\/p>\n<p>A noter qu\u2019un playoff d\u00e9partagera les 5e ex aequo le cas \u00e9ch\u00e9ant.<\/p>\n<p>Il faudra \u00eatre tr\u00e8s fort dans le sprint final. Depuis le d\u00e9but de la semaine, les joueurs connaissent des hauts et des bas, \u00e0 l\u2019image de <strong>Camilo Villegas<\/strong>. Le Colombien, quintuple vainqueur sur le PGA Tour, s\u2019\u00e9tait relanc\u00e9 vendredi \u00e0 la faveur d\u2019un 65. Mais son 70 du jour (par) le rejette au-del\u00e0 de la 20e place. A noter aussi que les cinq leaders de vendredi soir ont tous recul\u00e9 au classement ce samedi\u2026<\/p>\n<p>&#13;<br \/>\nLe leaderboard<\/p>\n<p><img loading=\"lazy\" decoding=\"async\" class=\"alignnone wp-image-194116 size-large\" src=\"data:image\/svg+xml,%3Csvg%20xmlns=\" http:=\"\" alt=\"\" width=\"770\" height=\"569\" data-lazy- data-lazy- data-lazy-src=\"https:\/\/www.europesays.com\/fr\/wp-content\/uploads\/2025\/12\/capture-decran-2025-12-13-a-23.01.34-770x569.png\"\/><\/p>\n","protected":false},"excerpt":{"rendered":"Partager cet article Partager la publication \u00ab\u00a0Les Fran\u00e7ais s\u2019\u00e9loignent du PGA Tour malgr\u00e9 la belle carte de Debove\u00a0\u00bb&hellip;\n","protected":false},"author":2,"featured_media":492882,"comment_status":"","ping_status":"","sticky":false,"template":"","format":"standard","meta":{"footnotes":""},"categories":[1418],"tags":[1011,27,1472,60],"class_list":{"0":"post-598013","1":"post","2":"type-post","3":"status-publish","4":"format-standard","5":"has-post-thumbnail","7":"category-golf","8":"tag-fr","9":"tag-france","10":"tag-golf","11":"tag-sports"},"share_on_mastodon":{"url":"https:\/\/pubeurope.com\/@fr\/115716045597886052","error":""},"_links":{"self":[{"href":"https:\/\/www.europesays.com\/fr\/wp-json\/wp\/v2\/posts\/598013","targetHints":{"allow":["GET"]}}],"collection":[{"href":"https:\/\/www.europesays.com\/fr\/wp-json\/wp\/v2\/posts"}],"about":[{"href":"https:\/\/www.europesays.com\/fr\/wp-json\/wp\/v2\/types\/post"}],"author":[{"embeddable":true,"href":"https:\/\/www.europesays.com\/fr\/wp-json\/wp\/v2\/users\/2"}],"replies":[{"embeddable":true,"href":"https:\/\/www.europesays.com\/fr\/wp-json\/wp\/v2\/comments?post=598013"}],"version-history":[{"count":0,"href":"https:\/\/www.europesays.com\/fr\/wp-json\/wp\/v2\/posts\/598013\/revisions"}],"wp:featuredmedia":[{"embeddable":true,"href":"https:\/\/www.europesays.com\/fr\/wp-json\/wp\/v2\/media\/492882"}],"wp:attachment":[{"href":"https:\/\/www.europesays.com\/fr\/wp-json\/wp\/v2\/media?parent=598013"}],"wp:term":[{"taxonomy":"category","embeddable":true,"href":"https:\/\/www.europesays.com\/fr\/wp-json\/wp\/v2\/categories?post=598013"},{"taxonomy":"post_tag","embeddable":true,"href":"https:\/\/www.europesays.com\/fr\/wp-json\/wp\/v2\/tags?post=598013"}],"curies":[{"name":"wp","href":"https:\/\/api.w.org\/{rel}","templated":true}]}}