{"id":598018,"date":"2025-12-14T04:38:17","date_gmt":"2025-12-14T04:38:17","guid":{"rendered":"https:\/\/www.europesays.com\/fr\/598018\/"},"modified":"2025-12-14T04:38:17","modified_gmt":"2025-12-14T04:38:17","slug":"que-ce-soit-avec-moi-ou-quelquun-dautre-horneland-resigne-sur-son-avenir","status":"publish","type":"post","link":"https:\/\/www.europesays.com\/fr\/598018\/","title":{"rendered":"\u00ab\u00a0Que ce soit avec moi ou quelqu\u2019un d\u2019autre\u00a0\u00bb &#8230; Horneland r\u00e9sign\u00e9 sur son avenir ?"},"content":{"rendered":"<p>L&rsquo;ASSE a r\u00e9alis\u00e9 une bien mauvaise op\u00e9ration ce samedi soir en conc\u00e9dant le nul contre Bastia (2-2). Deux points laiss\u00e9s en route face \u00e0 la lanterne rouge qui ont emp\u00each\u00e9 les Verts de s&#8217;emparer provisoirement de la t\u00eate de la Ligue 2. Apr\u00e8s la rencontre, Eirik Horneland n&rsquo;a pas manqu\u00e9 de l\u00e2cher un discours o\u00f9 il se sent tr\u00e8s clairement menac\u00e9.<\/p>\n<p>\u00ab\u00a0Je suis en col\u00e8re. J\u2019ai vraiment le sentiment que l\u2019on est mis \u00e0 l\u2019\u00e9preuve. Les vingt premi\u00e8res minutes \u00e9taient bonnes, jusqu\u2019\u00e0 ce que l\u2019on encaisse ce but. \u00c0 partir de l\u00e0, on a perdu du rythme. On parvient \u00e0 revenir avec un tr\u00e8s beau but de David A\u00efdaoui, sur une belle passe, mais juste avant la mi-temps, on encaisse de nouveau et on perd confiance\u00a0\u00bb a-t-il d\u00e9plor\u00e9 dans des propos rapport\u00e9s par Peuple Vert.<\/p>\n<p>Horneland \u00ab\u00a0en col\u00e8re\u00a0\u00bb apr\u00e8s le nul contre Bastia<\/p>\n<p>Il a ensuite poursuivi : \u00ab\u00a0En deuxi\u00e8me p\u00e9riode, jusqu\u2019\u00e0 la 75e minute, on a surtout lutt\u00e9 contre nous-m\u00eames. Il y avait un manque de confiance \u00e9vident et on avait du mal \u00e0 retrouver le bon rythme. Ce n\u2019est que sur la fin du match, quand El Jamali a apport\u00e9 plus d\u2019intensit\u00e9, que l\u2019on a mieux jou\u00e9. On obtient le penalty, on a l\u2019opportunit\u00e9 de faire basculer le match, mais on ne la saisit pas. C\u2019est pour \u00e7a que je dis que cette \u00e9quipe est mise \u00e0 l&rsquo;\u00e9preuve.\u00a0\u00bb<\/p>\n<p>Son constat a \u00e9t\u00e9 cash : \u00ab\u00a0On avait pourtant bien d\u00e9marr\u00e9, avec un bon rythme, une bonne circulation du ballon, la capacit\u00e9 \u00e0 changer le jeu et \u00e0 trouver des espaces pour attaquer. Si on avait poursuivi dans cette voie, on aurait pu \u00eatre dangereux. Mais \u00e0 chaque but encaiss\u00e9, on a souffert mentalement. Il a fallu sans cesse repartir de z\u00e9ro, retrouver un rythme plus calme, plus stable, et ce n\u2019est pas simple.\u00a0\u00bb<\/p>\n<p>Une porte ouverte \u00e0 un d\u00e9part ?<\/p>\n<p>Le tout avant de dresser un bilan clair : \u00ab\u00a0Si on fait le bilan, Saint-\u00c9tienne est une \u00e9quipe capable de marquer beaucoup de buts, mais aussi d\u2019en encaisser beaucoup trop. Quand on analyse les buts conc\u00e9d\u00e9s, il y a souvent des situations \u00e9tranges, des moments qui cassent compl\u00e8tement le rythme. Tout au long de la saison, d\u00e8s que l\u2019on essaie d\u2019encha\u00eener, on subit un revers. C\u2019est pour cela que je parle d\u2019une \u00e9quipe test\u00e9e en permanence.\u00a0\u00bb<\/p>\n<p>Enfin, il a conclu en jetant un froid sur son avenir : \u00ab\u00a0On devrait avoir de meilleures performances et plus de points. On doit gagner des marges. On ne peut pas se permettre de donner des buts comme sur le premier et le deuxi\u00e8me, sur des situations a\u00e9riennes ou au sol que l\u2019on doit mieux g\u00e9rer. Il faut gagner ces moments, pas les perdre. Le d\u00e9fi est clair : encha\u00eener des matchs sans encaisser de but pour cr\u00e9er de la confiance. On marque suffisamment, mais on encaisse trop. Tous nos matchs deviennent \u00e9quilibr\u00e9s parce qu\u2019on ne trouve pas le bon compromis. Il faut marquer, oui, mais surtout arr\u00eater de souffrir autant d\u00e9fensivement. Et sur ce point, peu importe la personne : que ce soit avec moi ou quelqu\u2019un d\u2019autre, il faudra trouver cet \u00e9quilibre. La cl\u00e9 est l\u00e0.\u00a0\u00bb<\/p>\n<p>\u00a0<\/p>\n<p>   Partagez cette info avec vos amis et vos proches en cliquant ici<br \/> Pour r\u00e9sumer<\/p>\n<p>Apr\u00e8s le nul frustrant contre Bastia (2-2), Eirik Horneland a affich\u00e9 sa col\u00e8re. Le coach de l\u2019ASSE pointe un manque de confiance, trop de buts encaiss\u00e9s et \u00e9voque un avenir incertain, appelant \u00e0 un urgent r\u00e9\u00e9quilibrage d\u00e9fensif.<\/p>\n<p>R\u00e9dacteur<\/p>\n<p><img decoding=\"async\" width=\"76\" height=\"76\" loading=\"lazy\" src=\"https:\/\/www.europesays.com\/fr\/wp-content\/uploads\/2025\/04\/avatar-onze.webp.webp\" alt=\"Nathan Bricout\"\/><\/p>\n","protected":false},"excerpt":{"rendered":"L&rsquo;ASSE a r\u00e9alis\u00e9 une bien mauvaise op\u00e9ration ce samedi soir en conc\u00e9dant le nul contre Bastia (2-2). Deux&hellip;\n","protected":false},"author":2,"featured_media":598019,"comment_status":"","ping_status":"","sticky":false,"template":"","format":"standard","meta":{"footnotes":""},"categories":[1410],"tags":[63,1011,27,446,60],"class_list":{"0":"post-598018","1":"post","2":"type-post","3":"status-publish","4":"format-standard","5":"has-post-thumbnail","7":"category-football","8":"tag-football","9":"tag-fr","10":"tag-france","11":"tag-ligue-2","12":"tag-sports"},"share_on_mastodon":{"url":"https:\/\/pubeurope.com\/@fr\/115716077665602703","error":""},"_links":{"self":[{"href":"https:\/\/www.europesays.com\/fr\/wp-json\/wp\/v2\/posts\/598018","targetHints":{"allow":["GET"]}}],"collection":[{"href":"https:\/\/www.europesays.com\/fr\/wp-json\/wp\/v2\/posts"}],"about":[{"href":"https:\/\/www.europesays.com\/fr\/wp-json\/wp\/v2\/types\/post"}],"author":[{"embeddable":true,"href":"https:\/\/www.europesays.com\/fr\/wp-json\/wp\/v2\/users\/2"}],"replies":[{"embeddable":true,"href":"https:\/\/www.europesays.com\/fr\/wp-json\/wp\/v2\/comments?post=598018"}],"version-history":[{"count":0,"href":"https:\/\/www.europesays.com\/fr\/wp-json\/wp\/v2\/posts\/598018\/revisions"}],"wp:featuredmedia":[{"embeddable":true,"href":"https:\/\/www.europesays.com\/fr\/wp-json\/wp\/v2\/media\/598019"}],"wp:attachment":[{"href":"https:\/\/www.europesays.com\/fr\/wp-json\/wp\/v2\/media?parent=598018"}],"wp:term":[{"taxonomy":"category","embeddable":true,"href":"https:\/\/www.europesays.com\/fr\/wp-json\/wp\/v2\/categories?post=598018"},{"taxonomy":"post_tag","embeddable":true,"href":"https:\/\/www.europesays.com\/fr\/wp-json\/wp\/v2\/tags?post=598018"}],"curies":[{"name":"wp","href":"https:\/\/api.w.org\/{rel}","templated":true}]}}