{"id":598020,"date":"2025-12-14T04:39:11","date_gmt":"2025-12-14T04:39:11","guid":{"rendered":"https:\/\/www.europesays.com\/fr\/598020\/"},"modified":"2025-12-14T04:39:11","modified_gmt":"2025-12-14T04:39:11","slug":"mon-secret-pas-de","status":"publish","type":"post","link":"https:\/\/www.europesays.com\/fr\/598020\/","title":{"rendered":"Mon secret ? Pas de&#8230;"},"content":{"rendered":"<p>Hugues Aufray a toujours sembl\u00e9 avancer dans la vie avec une<br \/>\nlongueur d\u2019avance. Auteur-compositeur-interpr\u00e8te, guitariste,<br \/>\nsculpteur, amoureux des chevaux, pionnier des adaptations<br \/>\nfran\u00e7aises de Bob Dylan\u2026 l\u2019homme a <strong>plusieurs vies dans une<br \/>\nseule<\/strong>. Ses chansons Santiano, Stewball,<br \/>\nC\u00e9line, ou encore Adieu monsieur le professeur<br \/>\nappartiennent d\u00e9sormais au patrimoine musical fran\u00e7ais. \u00c0 96 ans,<br \/>\ncelui qui fut longtemps <a href=\"https:\/\/www.melty.fr\/people\/sans-retenue-hugues-aufray-regle-ses-comptes-avec-johnny-hallyday-il-etait-jaloux-de-moi-2257495.html\" rel=\"nofollow noopener\" target=\"_blank\"><br \/>\nle voisin de Johnny Hallyday<\/a> \u00e0 Marnes-la-Coquette n\u2019a pourtant<br \/>\nrien d\u2019un monument fig\u00e9. Il bouge, il cr\u00e9e, il tourne, il s\u2019amuse.<br \/>\nEn 2024, l\u00a0\u00bbartiste remplissait encore l\u2019Olympia \u00e0 guichets ferm\u00e9s,<br \/>\net en 2025, il demeure l\u2019artiste masculin le plus \u00e2g\u00e9 de la chanson<br \/>\nfran\u00e7aise \u00e0 se produire r\u00e9guli\u00e8rement en concert. Un privil\u00e8ge<br \/>\nrare\u2026 et m\u00e9rit\u00e9. Derri\u00e8re ce dynamisme intact se cache une vie<br \/>\nmarqu\u00e9e par la discipline, la passion et quelques choix clairs qui<br \/>\nl\u2019ont \u00e9loign\u00e9 de bien des exc\u00e8s. Dans une interview au<br \/>\nParisien, ce dernier livrait r\u00e9cemment ce qu\u2019il appelle<br \/>\nlui-m\u00eame, non sans humour, \u00ab\u00a0la m\u00e9thode Aufray\u00a0\u00bb.<\/p>\n<p>Hugues Aufray, une vie fa\u00e7onn\u00e9e par les voyages et les<br \/>\nrencontres<\/p>\n<p>Issu d\u2019une famille d\u2019artistes et d\u2019intellectuels, Hugues<br \/>\nJean-Marie Auffray grandit entre Paris, Sor\u00e8ze et Madrid. De ce<br \/>\nparcours g\u00e9ographique et familial na\u00eet tr\u00e8s t\u00f4t une sensibilit\u00e9<br \/>\npour les cultures, les langues, les r\u00e9cits. C\u2019est elle qui guidera<br \/>\nsa carri\u00e8re. En 1961, Santiano propulse le jeune chanteur sur le<br \/>\ndevant de la sc\u00e8ne. La m\u00eame ann\u00e9e, Maurice Chevalier l\u2019invite \u00e0 New<br \/>\nYork. Ce s\u00e9jour changera tout : il y rencontre Peter, Paul and<br \/>\nMary, d\u00e9couvre <strong>la sc\u00e8ne folk am\u00e9ricaine et surtout Bob<br \/>\nDylan<\/strong>, avec qui il se lie durablement. Hugues Aufray sera<br \/>\nle premier \u00e0 faire d\u00e9couvrir Dylan au public francophone.<\/p>\n<p>Cette carri\u00e8re dense, jalonn\u00e9e de 39 albums et de dizaines de<br \/>\ntitres devenus cultes, ne s\u2019essouffle jamais vraiment. M\u00eame apr\u00e8s<br \/>\nsept d\u00e9cennies, l&rsquo;artiste fran\u00e7ais continue de travailler, de<br \/>\nr\u00e9p\u00e9ter, d\u2019\u00e9crire, de jouer. \u00ab\u00a0<strong>Je joue de la guitare<br \/>\ntous les jours<\/strong>\u00ab\u00a0, expliquait-il encore r\u00e9cemment. Pour<br \/>\nlui, la musique n\u2019est pas un m\u00e9tier : c\u2019est une hygi\u00e8ne de vie.<\/p>\n<p>Un chanteur hors des cadres<\/p>\n<p>Si Hugues Aufray se raconte sans d\u00e9tour sur sc\u00e8ne, il le fait<br \/>\naussi dans sa vie priv\u00e9e. Mari\u00e9 en 1951 \u00e0 H\u00e9l\u00e8ne Faure, danseuse<br \/>\ndisparue en 2022, le chanteur a toujours <strong>refus\u00e9 de se<br \/>\nconformer aux cases<\/strong> dans lesquelles on aurait voulu le<br \/>\nranger. Depuis 2005, l&rsquo;interpr\u00e8te de Debout les gars<br \/>\n<a href=\"https:\/\/www.melty.fr\/people\/malgre-45-ans-decart-hugues-aufray-leve-le-voile-sur-lintimite-avec-sa-femme-on-est-libres-on-peut-2260637.html\" rel=\"nofollow noopener\" target=\"_blank\"><br \/>\npartage sa vie avec Murielle M\u00e9gevand<\/a>, qu\u2019il \u00e9pouse finalement<br \/>\nen 2023 \u00e0 Marly-le-Roi.<\/p>\n<p>\u00c0 ceux qui s\u2019\u00e9tonnent de cette organisation sentimentale, il<br \/>\nr\u00e9pond avec le sourire coutumier qui d\u00e9samorce tout dans le<br \/>\nquotidien suisse Le Matin, en 2015 : \u00ab\u00a0<strong>Le<br \/>\nviagra, je ne connais pas !<\/strong> Je suis toujours mari\u00e9 avec la<br \/>\nfemme que j\u2019ai connue \u00e0 20 ans. Elle ne peut pas me suivre. Je suis<br \/>\nun homme normal avec une activit\u00e9 professionnelle importante, donc,<br \/>\nc\u2019est vrai, j\u2019ai une compagne aussi. Je ne mens ni \u00e0 l\u2019une ni \u00e0<br \/>\nl\u2019autre. J\u2019ai la conscience tranquille.\u00a0\u00bb<\/p>\n<p>La r\u00e8gle d\u2019or d\u2019Hugues Aufray pour<br \/>\nrester en forme \u00e0 96 ans<\/p>\n<p>On pourrait imaginer que la long\u00e9vit\u00e9 d\u2019Hugues Aufray tient \u00e0 un<br \/>\nquelconque secret exotique. Il n\u2019en est rien. Lorsqu\u2019on lui demande<br \/>\ncomment il fait pour afficher une telle \u00e9nergie \u00e0 presque 97 ans,<br \/>\nce dernier \u00e9voque au contraire une discipline d\u2019une simplicit\u00e9<br \/>\nabsolue. C\u2019est dans Le Parisien qu\u2019il a l\u00e2ch\u00e9 la phrase<br \/>\ndevenue presque un aphorisme : \u00ab\u00a0Un secret ? <strong>Pas de<br \/>\ncigarettes et pas d\u2019alcool.<\/strong>\u00ab\u00a0<\/p>\n<p>Le chanteur pr\u00e9cise toutefois, avec humour, qu\u2019il sait faire<br \/>\nquelques exceptions : \u00ab\u00a0Mais attention. <strong>Je ne suis pas<br \/>\nun extr\u00e9miste : pour une f\u00eate ou un anniversaire, je prends un fond<br \/>\nde verre<\/strong>. Il faut avoir une vie saine, \u00e9viter l\u2019alcool et<br \/>\nle tabac. Ce sont les deux choses les plus dangereuses pour la<br \/>\nsant\u00e9.\u00a0\u00bb \u00c0 cela s\u2019ajoutent des repas plus l\u00e9gers qu\u2019autrefois,<br \/>\npeu de viande, et un rapport au sport d\u00e9licieusement ironique :<br \/>\n\u00ab\u00a0Je dis comme Churchill : &lsquo;Never sport&rsquo; ! Un peu de marche \u00e0<br \/>\npied quand je suis les enterrements de mes camarades\u2026\u00a0\u00bb<br \/>\nRigueur, lucidit\u00e9\u2026 et un humour inoxydable. \u00c0 son \u00e2ge, la meilleure<br \/>\nrecette semble \u00eatre la sienne : ne jamais cesser de cr\u00e9er, garder<br \/>\nl\u2019esprit clair et s\u2019entourer de ce qui fait vibrer.<\/p>\n","protected":false},"excerpt":{"rendered":"Hugues Aufray a toujours sembl\u00e9 avancer dans la vie avec une longueur d\u2019avance. Auteur-compositeur-interpr\u00e8te, guitariste, sculpteur, amoureux des&hellip;\n","protected":false},"author":2,"featured_media":598021,"comment_status":"","ping_status":"","sticky":false,"template":"","format":"standard","meta":{"footnotes":""},"categories":[1359],"tags":[58,59,1011,27,973],"class_list":{"0":"post-598020","1":"post","2":"type-post","3":"status-publish","4":"format-standard","5":"has-post-thumbnail","7":"category-people","8":"tag-divertissement","9":"tag-entertainment","10":"tag-fr","11":"tag-france","12":"tag-people"},"share_on_mastodon":{"url":"https:\/\/pubeurope.com\/@fr\/115716080687432936","error":""},"_links":{"self":[{"href":"https:\/\/www.europesays.com\/fr\/wp-json\/wp\/v2\/posts\/598020","targetHints":{"allow":["GET"]}}],"collection":[{"href":"https:\/\/www.europesays.com\/fr\/wp-json\/wp\/v2\/posts"}],"about":[{"href":"https:\/\/www.europesays.com\/fr\/wp-json\/wp\/v2\/types\/post"}],"author":[{"embeddable":true,"href":"https:\/\/www.europesays.com\/fr\/wp-json\/wp\/v2\/users\/2"}],"replies":[{"embeddable":true,"href":"https:\/\/www.europesays.com\/fr\/wp-json\/wp\/v2\/comments?post=598020"}],"version-history":[{"count":0,"href":"https:\/\/www.europesays.com\/fr\/wp-json\/wp\/v2\/posts\/598020\/revisions"}],"wp:featuredmedia":[{"embeddable":true,"href":"https:\/\/www.europesays.com\/fr\/wp-json\/wp\/v2\/media\/598021"}],"wp:attachment":[{"href":"https:\/\/www.europesays.com\/fr\/wp-json\/wp\/v2\/media?parent=598020"}],"wp:term":[{"taxonomy":"category","embeddable":true,"href":"https:\/\/www.europesays.com\/fr\/wp-json\/wp\/v2\/categories?post=598020"},{"taxonomy":"post_tag","embeddable":true,"href":"https:\/\/www.europesays.com\/fr\/wp-json\/wp\/v2\/tags?post=598020"}],"curies":[{"name":"wp","href":"https:\/\/api.w.org\/{rel}","templated":true}]}}