{"id":598026,"date":"2025-12-14T04:43:26","date_gmt":"2025-12-14T04:43:26","guid":{"rendered":"https:\/\/www.europesays.com\/fr\/598026\/"},"modified":"2025-12-14T04:43:26","modified_gmt":"2025-12-14T04:43:26","slug":"ses-propres-mots-expliquent-pourquoi","status":"publish","type":"post","link":"https:\/\/www.europesays.com\/fr\/598026\/","title":{"rendered":"ses propres mots expliquent pourquoi"},"content":{"rendered":"<p>Alors que les rumeurs de couple impliquant Jungkook (BTS) et Winter (aespa) continuent de se propager en ligne, les d\u00e9clarations du chanteur au sujet de ses tatouages sont revenues sur le devant de la sc\u00e8ne.<\/p>\n<p>La controverse a d\u00e9but\u00e9 lorsque des internautes et fans cor\u00e9ens ont affirm\u00e9 que Jungkook et Winter porteraient un tatouage quasi identique repr\u00e9sentant trois chiots, situ\u00e9s au m\u00eame endroit au-dessus du coude.<\/p>\n<p><img loading=\"lazy\" decoding=\"async\" width=\"610\" height=\"633\" src=\"https:\/\/www.europesays.com\/fr\/wp-content\/uploads\/2025\/12\/imjunkook.jpeg\" alt=\"Jungkook de BTS n\u2019effacera pas ses tatouages : ses propres mots expliquent pourquoi\" class=\"wp-image-283881\" title=\"Jungkook de BTS n\u2019effacera pas ses tatouages : ses propres mots expliquent pourquoi\"\/><img loading=\"lazy\" decoding=\"async\" width=\"1170\" height=\"1630\" src=\"https:\/\/www.europesays.com\/fr\/wp-content\/uploads\/2025\/12\/winter-jungkook.jpeg\" alt=\"Jungkook de BTS n\u2019effacera pas ses tatouages : ses propres mots expliquent pourquoi\" class=\"wp-image-283882\" title=\"Jungkook de BTS n\u2019effacera pas ses tatouages : ses propres mots expliquent pourquoi\"  \/><\/p>\n<p>Les sp\u00e9culations se sont intensifi\u00e9es avec d\u2019autres \u00e9l\u00e9ments avanc\u00e9s par des internautes : le nom du compte Instagram de Jungkook, \u00ab mnijungkook \u00bb, que certains associent au pr\u00e9nom r\u00e9el de Winter, Kim Minjeong ; des extraits vid\u00e9o dans lesquels Winter aurait, selon eux, prononc\u00e9 le nom \u00ab Jeon Jungkook \u00bb par erreur ; ou encore des t\u00e9moignages non confirm\u00e9s affirmant que Jungkook aurait assist\u00e9 \u00e0 un concert d\u2019aespa durant une p\u00e9riode de cong\u00e9.<\/p>\n<p>Alors que certains fans cor\u00e9ens ont exprim\u00e9 leur col\u00e8re en demandant \u00e0 <a href=\"https:\/\/altselection.ouest-france.fr\/efface-ton-tatouage-ou-quitte-bts-des-fans-envoient-des-camions-contre-jungkook-devant-hybe\/\" rel=\"nofollow noopener\" target=\"_blank\">Jungkook d\u2019effacer son tatouage, voire de quitter BTS<\/a>, des propos tenus lors d\u2019un live Weverse en 2023, lorsque des fans lui avaient demand\u00e9 s\u2019il comptait enlever ses tatouages, sont aujourd\u2019hui r\u00e9interpr\u00e9t\u00e9s par une partie du fandom dans ce nouveau contexte.<\/p>\n<p>\u00c0 l\u2019\u00e9poque, le chanteur avait clairement rejet\u00e9 ces demandes, affirmant que ses tatouages faisaient partie int\u00e9grante de son identit\u00e9 et de son parcours personnel. Le retour de ces d\u00e9clarations s\u2019inscrit donc aussi dans une continuit\u00e9 de tensions entre l\u2019artiste et une frange de son fandom concernant le respect de sa vie priv\u00e9e et de son autonomie.<\/p>\n<p><img loading=\"lazy\" decoding=\"async\" width=\"647\" height=\"407\" src=\"https:\/\/www.europesays.com\/fr\/wp-content\/uploads\/2025\/12\/jungkook-efface-tatouage-22.png\" alt=\"Jungkook de BTS n\u2019effacera pas ses tatouages : ses propres mots expliquent pourquoi\" class=\"wp-image-283884\" title=\"Jungkook de BTS n\u2019effacera pas ses tatouages : ses propres mots expliquent pourquoi\"\/><img loading=\"lazy\" decoding=\"async\" width=\"647\" height=\"388\" src=\"https:\/\/www.europesays.com\/fr\/wp-content\/uploads\/2025\/12\/jungkook-efface-tatouage.png\" alt=\"Jungkook de BTS n\u2019effacera pas ses tatouages : ses propres mots expliquent pourquoi\" class=\"wp-image-283883\" title=\"Jungkook de BTS n\u2019effacera pas ses tatouages : ses propres mots expliquent pourquoi\"\/><\/p>\n<p>L\u2019artiste avait r\u00e9pondu sans d\u00e9tour : <strong>\u00ab Je ne pense pas vraiment \u00e0 les enlever. Ce sont des choses que je voulais \u00e0 ce moment-l\u00e0. Les effacer, ce serait renier la personne que j\u2019\u00e9tais. \u00bb<\/strong><\/p>\n<p>Il avait \u00e9galement ajout\u00e9 :<strong> \u00ab Est-ce que j\u2019en regrette certains ? Bien s\u00fbr. Mais c\u2019est d\u00e9j\u00e0 du pass\u00e9. Regretter le pass\u00e9 est la chose la plus inutile qui soit. \u00bb<\/strong><\/p>\n<p>Ces paroles sont aujourd\u2019hui largement relay\u00e9es sur les r\u00e9seaux sociaux, certains y voyant une r\u00e9ponse indirecte aux demandes des fans, d\u2019autres rappelant qu\u2019elles refl\u00e8tent avant tout sa vision personnelle et assum\u00e9e de ses choix pass\u00e9s.<\/p>\n<p>De leur c\u00f4t\u00e9, HYBE et SM Entertainment maintiennent une position de \u00ab non-confirmation \u00bb concernant les rumeurs de relation entre Jungkook et Winter. Aucun d\u00e9menti officiel n\u2019a \u00e9t\u00e9 publi\u00e9, contrairement \u00e0 de pr\u00e9c\u00e9dentes rumeurs impliquant <a href=\"https:\/\/altselection.ouest-france.fr\/jungkook-lee-yubi-couple\/\" data-type=\"post\" data-id=\"78724\" rel=\"nofollow noopener\" target=\"_blank\">Jungkook (notamment avec Lee Yoo Bi) <\/a>ou <a href=\"https:\/\/altselection.ouest-france.fr\/internautes-excuses-de-jungwon-denhypen\/\" data-type=\"post\" data-id=\"76031\" rel=\"nofollow noopener\" target=\"_blank\">Winter (avec Jungwon d\u2019ENHYPEN)<\/a>, qui avaient \u00e9t\u00e9 rapidement qualifi\u00e9es de fausses par leurs agences respectives. Ce silence alimente davantage les interpr\u00e9tations et divise les fans.<\/p>\n<p>La situation a m\u00eame d\u00e9pass\u00e9 le cadre des discussions en ligne. Le 10 d\u00e9cembre, des fans de Jungkook auraient envoy\u00e9 des camions de protestation devant le si\u00e8ge de HYBE, affichant des messages tels que : \u00ab Retire-toi des activit\u00e9s de BTS \u00bb ou encore \u00ab <a href=\"https:\/\/altselection.ouest-france.fr\/quitte-bts-de-nouveaux-camions-contre-jungkook-provoquent-la-colere-des-armys\/\" data-type=\"post\" data-id=\"283591\" rel=\"nofollow noopener\" target=\"_blank\">Arr\u00eate de tromper les fans<\/a> \u00bb.<\/p>\n<p>Le lendemain, des camions similaires ont \u00e9t\u00e9 aper\u00e7us devant SM Entertainment, visant Winter avec des slogans comme : \u00ab Si tu veux sortir avec quelqu\u2019un publiquement, vis en tant que Kim Minjeong, pas en tant que Winter d\u2019aespa \u00bb ou \u00ab Explique-toi et enl\u00e8ve les tatouages \u00bb.<\/p>\n<p>  Si vous appr\u00e9ciez notre travail, vous pouvez nous soutenir en nous suivant sur Google :  <a href=\"https:\/\/profile.google.com\/cp\/EjwKHGFsdHNlbGVjdGlvbi5vdWVzdC1mcmFuY2UuZnISHGFsdHNlbGVjdGlvbi5vdWVzdC1mcmFuY2UuZnI\" target=\"_blank\" rel=\"noopener nofollow external\" style=\"&#010; display:inline-block !important;&#010; padding:12px 20px !important;&#010; background:#ff2d89 !important;&#010; color:#fff !important;&#010; border-radius:999px !important;&#010; font-weight:700 !important;&#010; text-decoration:none !important;&#010; line-height:1 !important;&#010; border:0 !important;&#010; box-shadow:0 6px 18px rgba(255,45,137,.25) !important;&#010; transition:transform .06s ease, box-shadow .2s ease !important;\"> Suivre sur Google News <\/a><\/p>\n","protected":false},"excerpt":{"rendered":"Alors que les rumeurs de couple impliquant Jungkook (BTS) et Winter (aespa) continuent de se propager en ligne,&hellip;\n","protected":false},"author":2,"featured_media":598027,"comment_status":"","ping_status":"","sticky":false,"template":"","format":"standard","meta":{"footnotes":""},"categories":[1355],"tags":[58,59,1011,27,1361,873],"class_list":{"0":"post-598026","1":"post","2":"type-post","3":"status-publish","4":"format-standard","5":"has-post-thumbnail","7":"category-musique","8":"tag-divertissement","9":"tag-entertainment","10":"tag-fr","11":"tag-france","12":"tag-music","13":"tag-musique"},"share_on_mastodon":{"url":"https:\/\/pubeurope.com\/@fr\/115716098994084900","error":""},"_links":{"self":[{"href":"https:\/\/www.europesays.com\/fr\/wp-json\/wp\/v2\/posts\/598026","targetHints":{"allow":["GET"]}}],"collection":[{"href":"https:\/\/www.europesays.com\/fr\/wp-json\/wp\/v2\/posts"}],"about":[{"href":"https:\/\/www.europesays.com\/fr\/wp-json\/wp\/v2\/types\/post"}],"author":[{"embeddable":true,"href":"https:\/\/www.europesays.com\/fr\/wp-json\/wp\/v2\/users\/2"}],"replies":[{"embeddable":true,"href":"https:\/\/www.europesays.com\/fr\/wp-json\/wp\/v2\/comments?post=598026"}],"version-history":[{"count":0,"href":"https:\/\/www.europesays.com\/fr\/wp-json\/wp\/v2\/posts\/598026\/revisions"}],"wp:featuredmedia":[{"embeddable":true,"href":"https:\/\/www.europesays.com\/fr\/wp-json\/wp\/v2\/media\/598027"}],"wp:attachment":[{"href":"https:\/\/www.europesays.com\/fr\/wp-json\/wp\/v2\/media?parent=598026"}],"wp:term":[{"taxonomy":"category","embeddable":true,"href":"https:\/\/www.europesays.com\/fr\/wp-json\/wp\/v2\/categories?post=598026"},{"taxonomy":"post_tag","embeddable":true,"href":"https:\/\/www.europesays.com\/fr\/wp-json\/wp\/v2\/tags?post=598026"}],"curies":[{"name":"wp","href":"https:\/\/api.w.org\/{rel}","templated":true}]}}