{"id":598040,"date":"2025-12-14T04:52:11","date_gmt":"2025-12-14T04:52:11","guid":{"rendered":"https:\/\/www.europesays.com\/fr\/598040\/"},"modified":"2025-12-14T04:52:11","modified_gmt":"2025-12-14T04:52:11","slug":"leon-xiv-que-lart-et-la-musique-viennent-en-aide-aux-enfants-prives-deducation","status":"publish","type":"post","link":"https:\/\/www.europesays.com\/fr\/598040\/","title":{"rendered":"L\u00e9on XIV: \u00abQue l&rsquo;art et la musique viennent en aide aux enfants priv\u00e9s d&rsquo;\u00e9ducation\u00bb"},"content":{"rendered":"<p>\u00c0 l\u2019occasion du concert de No\u00ebl qui a eu lieu dans la soir\u00e9e de ce vendredi 12 d\u00e9cembre, dans la salle Paul VI, le Pape a salu\u00e9 les participants et lou\u00e9 le talent de l&rsquo;Orchestre des jeunes \u00abLuigi Cherubini\u00bb, tout en rappelant le drame que vivent ceux qui n&rsquo;ont pas acc\u00e8s \u00e0 l&rsquo;\u00e9ducation. Le Souverain pontife a aussi d\u00e9cern\u00e9 le \u00abPrix Ratzinger\u00bb au chef d\u2019orchestre Riccardo Muti \u00abpour une vie enti\u00e8rement consacr\u00e9e \u00e0 la musique, lieu de discipline et de r\u00e9v\u00e9lation\u00bb.<\/p>\n<p><b>Daniele Piccini \u2013 Cit\u00e9 du Vatican<\/b><\/p>\n<p>\u00abLe concert de ce vendredi soir est l&rsquo;occasion de sensibiliser et de s&rsquo;engager dans le domaine de l&rsquo;\u00e9ducation: dans le monde, des millions d&rsquo;enfants sont exclus de toute scolarisation.\u00bb<\/p>\n<p>Dans cette ambiance d\u2019harmonies, de m\u00e9lodies et de contrepoints musicaux, ce 12 d\u00e9cembre, L\u00e9on XIV ne voit pas seulement une forme de divertissement qui \u00e9difie l&rsquo;esprit, mais une occasion de r\u00e9demption. En saluant les participants au Concert de No\u00ebl, dirig\u00e9 par Riccardo Muti avec l&rsquo;Orchestre des jeunes \u00abLuigi Cherubini\u00bb et le Ch\u0153ur de la cath\u00e9drale de Sienne \u00abGuido Chigi Saracini\u00bb, le Souverain pontife a rappell\u00e9 en effet le drame de millions d&rsquo;enfants &#8211; environ 250 millions selon les estimations les plus r\u00e9centes de l&rsquo;Unesco et de l&rsquo;Unicef &#8211; qui n&rsquo;ont pas acc\u00e8s \u00e0 l&rsquo;alphab\u00e9tisation.<\/p>\n<p><b>Avoir \u00e0 c\u0153ur l&rsquo;\u00e9ducation des jeunes<\/b> <\/p>\n<p>Face \u00e0 cette atteinte aux droits humains et \u00e0 la justice sociale, le Pape a indiqu\u00e9 qu\u2019une lueur d&rsquo;espoir est possible \u00abdans la cr\u00e9ation de l&rsquo;Observatoire sur les in\u00e9galit\u00e9s et l&rsquo;acc\u00e8s universel \u00e0 l&rsquo;\u00e9ducation, annonc\u00e9 \u00e0 l&rsquo;occasion du r\u00e9cent Jubil\u00e9 du monde de l\u2019\u00c9ducation\u00bb.<\/p>\n<p>Le dicast\u00e8re pour la Culture et l&rsquo;\u00c9ducation rassemble autour de ce projet tous ceux qui ont \u00e0 c\u0153ur l&rsquo;\u00e9ducation des jeunes, \u00e0 commencer par la Fondation Galileo, qui a manifest\u00e9 son adh\u00e9sion en soutenant cette soir\u00e9e et les projets \u00e9ducatifs de la Fondation Gravissimum Educationis.<\/p>\n<p><b>La musique raconte la dignit\u00e9 de l&rsquo;homme<\/b> <\/p>\n<p>Et c&rsquo;est en effet un orchestre de jeunes talents musicaux qui met \u00e0 profit ce vendredi soir des ann\u00e9es d&rsquo;application et d&rsquo;\u00e9tude, en interpr\u00e9tant la messe pour le couronnement de Charles X, \u00e9crite en 1825 par le compositeur florentin Luigi Cherubini. La musique, que le Pape d\u00e9finit &#8211; sur la base du trait\u00e9 \u00abDe Musica\u00bb de saint Augustin &#8211; comme \u00abun moyen privil\u00e9gi\u00e9 pour comprendre la tr\u00e8s haute dignit\u00e9 de l&rsquo;\u00eatre humain et pour le confirmer dans sa vocation la plus authentique\u00bb, contraste avec l&rsquo;offense inflig\u00e9e \u00e0 des millions d&rsquo;enfants qui se voient refuser l&rsquo;acc\u00e8s \u00e0 l&rsquo;\u00e9ducation.<\/p>\n<p><b>La responsabilit\u00e9 \u00e9thique dans l&rsquo;art<\/b> <\/p>\n<p>La musique, rappelle encore le Pape, ravissait et fascinait \u00e9galement son pr\u00e9d\u00e9cesseur Fran\u00e7ois, qui voyait dans l&rsquo;art musical \u00abune responsabilit\u00e9 \u00e9thique\u00bb car il est capable de \u00abdonner \u00e0 ceux qui le cultivent un regard sage et serein, gr\u00e2ce auquel il est plus facile de surmonter les divisions et les antagonismes\u00bb, comme il l&rsquo;a d\u00e9clar\u00e9 en juin 2024 dans son discours aux participants \u00e0 la IVe Rencontre internationale des chorales. La musique est donc capable de pr\u00e9parer et d&rsquo;ouvrir les personnes au dialogue, en aplanissant les asp\u00e9rit\u00e9s et en les pr\u00e9disposant \u00e0 la v\u00e9rit\u00e9 et \u00e0 la paix.<\/p>\n<p>Harmoniser signifie maintenir ensemble des diff\u00e9rences qui pourraient s&rsquo;affronter, leur permettant de g\u00e9n\u00e9rer une unit\u00e9 sup\u00e9rieure. Le silence contribue \u00e9galement \u00e0 cet objectif: ce n&rsquo;est pas une absence, c&rsquo;est une pr\u00e9paration, car c&rsquo;est en lui que se forme la possibilit\u00e9 de la parole, c&rsquo;est dans la pause que la v\u00e9rit\u00e9 \u00e9merge.<\/p>\n<p><b>Le Bien et le Beau<\/b> <\/p>\n<p>Lors de l&rsquo;\u00e9v\u00e9nement organis\u00e9 dans la salle Paul VI, le Saint-P\u00e8re a remis au chef d\u2019orchestre Riccardo Muti le prix Ratzinger 2025, en \u00absigne de reconnaissance pour une vie enti\u00e8rement consacr\u00e9e \u00e0 la musique, lieu de discipline et de r\u00e9v\u00e9lation\u00bb. Si saint Augustin associait la musique \u00ab\u00e0 l&rsquo;art de guider le c\u0153ur vers Dieu\u00bb, a soulign\u00e9 L\u00e9on XIV, Beno\u00eet XVI \u00abcherchait dans la musique la voix de Dieu dans l&rsquo;univers\u00bb et aimait rappeler que \u00abla vraie beaut\u00e9 blesse, ouvre le c\u0153ur, le dilate\u00bb. S&rsquo;inscrivant ainsi dans la lign\u00e9e de la pens\u00e9e occidentale, de Platon au Pape Beno\u00eet XVI, L\u00e9on XIV a r\u00e9affirm\u00e9 donc le lien \u00e9troit entre le \u00abBien\u00bb et le \u00abBeau\u00bb, une union que le chef d&rsquo;orchestre de ce soir a su d\u00e9cliner avec g\u00e9n\u00e9rosit\u00e9 tout au long de sa carri\u00e8re.<\/p>\n<blockquote>\n<p>\u201cChef d\u2019orchestre Riccardo Muti, votre mani\u00e8re d&rsquo;interpr\u00e9ter la direction, art de l&rsquo;\u00e9coute et de la responsabilit\u00e9, se refl\u00e8te \u00e9galement dans votre inclination naturelle pour la formation. En t\u00e9moignent vos liens avec les conservatoires italiens et la pratique des \u00abr\u00e9p\u00e9titions ouvertes\u00bb, propos\u00e9es comme une forme de partage, o\u00f9 chaque geste est un acte de confiance, une invitation plut\u00f4t qu&rsquo;un ordre.\u201d<\/p>\n<\/blockquote>\n<p>D&rsquo;o\u00f9 les remerciements du Souverain pontife \u00e0 l&rsquo;Orchestre des jeunes Luigi Cherubini, \u00abdont la participation a permis de donner voix au talent et \u00e0 la cr\u00e9ativit\u00e9 des jeunes\u00bb, et au Ch\u0153ur \u00abGuido Chigi Saracini\u00bb de la Cath\u00e9drale de Sienne. Enfin, \u00e0 tous les participants, \u00ab\u00e0 l&rsquo;approche de la Sainte No\u00ebl\u00bb, le Pape invite \u00e0 \u00abpers\u00e9v\u00e9rer dans la pri\u00e8re afin que Dieu nous fasse don de la paix\u00bb.<\/p>\n<p><b>Chaque enfant sans \u00e9ducation est une \u00abplaie ouverte\u00bb<\/b> <\/p>\n<p>Le cardinal Jos\u00e9 Tolentino de Mendon\u00e7a, pr\u00e9fet du dicast\u00e8re pour la Culture et l&rsquo;\u00c9ducation, intervenant apr\u00e8s le concert, a \u00e9galement soulign\u00e9 que priver des millions d&rsquo;enfants du droit \u00e0 l&rsquo;\u00e9ducation revenait \u00e0 les priver de la possibilit\u00e9 de d\u00e9velopper leurs \u00abtalents\u00bb. \u00abParmi les cadeaux les plus pr\u00e9cieux de cette soir\u00e9e, a d\u00e9clar\u00e9 le cardinal, il y a le r\u00f4le central jou\u00e9 par les jeunes musiciens. Les voir jouer avec comp\u00e9tence, discipline et passion est un signe \u00e9loquent. Alors que nous c\u00e9l\u00e9brons ce que la musique peut offrir aux jeunes \u00e0 travers l&rsquo;\u00e9ducation et la formation, nous ne pouvons ignorer la r\u00e9alit\u00e9 dramatique du monde: 61 millions d&rsquo;enfants ne peuvent pas aller \u00e0 l&rsquo;\u00e9cole et 161 millions n&rsquo;ont pas acc\u00e8s \u00e0 l&rsquo;enseignement secondaire\u00bb. \u00abCes chiffres, a-t-il ajout\u00e9, sont des blessures ouvertes: des attentes, des talents, des fragments d&rsquo;avenir qui risquent de s&rsquo;\u00e9teindre. C&rsquo;est \u00e0 eux, a conclu le pr\u00e9fet du dicast\u00e8re pour la Culture et l&rsquo;\u00c9ducation, que le concert donne la parole ce soir: un appel et une invitation \u00e0 l&rsquo;action pour que chaque enfant puisse \u00e9tudier. C&rsquo;est l&rsquo;engagement de la Fondation Gravissimum Educationis\u00bb.<\/p>\n<p>     <a href=\"https:\/\/www.vaticannews.va\/fr\/vatican\/news\/2025-11\/le-chef-d-orchestre-riccardo-muti-laureat-du-prix-ratzinger-2025.html\" title=\"Le chef d&#039;orchestre Riccardo Muti laur\u00e9at du prix Ratzinger 2025\" target=\"_blank\" rel=\"noopener\"><\/p>\n<p>        <img decoding=\"async\" src=\"data:image\/gif;base64,R0lGODlhAQABAIAAAAAAAP\/\/\/yH5BAEAAAAALAAAAAABAAEAAAIBRAA7\" data-original=\"https:\/\/www.vaticannews.va\/content\/dam\/vaticannews\/agenzie\/images\/srv\/2024\/11\/22\/2024-11-22-conferimento-del-premio-ratzinger\/1732293174678.JPG\/_jcr_content\/renditions\/cq5dam.thumbnail.cropped.500.281.jpeg\" alt=\"Le chef d'orchestre Riccardo Muti laur\u00e9at du prix Ratzinger 2025\"\/><\/p>\n<p>      <\/a><\/p>\n<p>\n      La Fondation Joseph Ratzinger &#8211; Beno\u00eet XVI a annonc\u00e9 lundi 24 novembre que le chef d&rsquo;orchestre italien Riccardo Muti a \u00e9t\u00e9 d\u00e9sign\u00e9 comme r\u00e9cipiendaire du Prix Ratzinger 2025. Il &#8230;\n     <\/p>\n<p><b>La \u00abcomplicit\u00e9\u00bb entre Riccardo Muti et le Pape Beno\u00eet XIV<\/b> <\/p>\n<p>\u00abLa profondeur de son interpr\u00e9tation de la musique sacr\u00e9e et d&rsquo;inspiration religieuse continue \u00e0 nourrir et \u00e0 \u00e9lever la relation entre l&rsquo;art musical, l&rsquo;\u00c9glise et la foi. L&rsquo;estime r\u00e9ciproque et l&rsquo;harmonie entre le chef d\u2019orchestre Riccardo Muti et le Pape Beno\u00eet XVI, qui s&rsquo;expriment \u00e9galement lors de leurs rencontres personnelles, rendent tout \u00e0 fait appropri\u00e9, et en un certain sens obligatoire, d&rsquo;attribuer au maestro la distinction qui porte le nom du Pape th\u00e9ologien et musicien\u00bb, a pr\u00e9cis\u00e9 le p\u00e8re Federico Lombardi, pr\u00e9sident du Prix Ratzinger.<\/p>\n<p><b>Mozart, expression de l&rsquo;existence de Dieu<\/b> <\/p>\n<p>Le chef d\u2019orchestre Riccardo Muti, devant le Pape L\u00e9on XIV, a exprim\u00e9 sa gratitude pour le prix re\u00e7u: \u00abD\u00e8s le premier instant o\u00f9 vous avez commenc\u00e9 \u00e0 exprimer vos intentions, je vous ai aim\u00e9. J&rsquo;ai \u00e9galement \u00e9t\u00e9 pendant des ann\u00e9es directeur de l&rsquo;Orchestre de Chicago, qui est votre ville natale. Ma relation avec Beno\u00eet XVI \u00e9tait celle d&rsquo;un catholique fervent avec un grand th\u00e9ologien. Notre derni\u00e8re rencontre a eu lieu lorsque le p\u00e8re Georg G\u00e4nswein m&rsquo;a appel\u00e9 pour me dire que le Pape voulait me saluer. J&rsquo;essaie de faire dans la musique ce que Dante appelle \u00a0\u00bbl&rsquo;enl\u00e8vement et non la compr\u00e9hension\u00a0\u00bb. Mozart, \u00e0 mon avis, est l&rsquo;une des expressions de l&rsquo;existence de Dieu. \u00c0 la fin de notre rencontre, lorsque j&rsquo;ai quitt\u00e9 sa chambre, Beno\u00eet XVI m&rsquo;a dit avec ses yeux bleus: \u00a0\u00bbLaissons ce pauvre Mozart reposer en paix\u00a0\u00bb\u00bb, a-t-il affirm\u00e9.<\/p>\n<\/p>\n<p>\n   Concert en l&rsquo;honneur du Pape L\u00e9on XIV, ce 12 d\u00e9cembre 2025.\n  <\/p>\n","protected":false},"excerpt":{"rendered":"\u00c0 l\u2019occasion du concert de No\u00ebl qui a eu lieu dans la soir\u00e9e de ce vendredi 12 d\u00e9cembre,&hellip;\n","protected":false},"author":2,"featured_media":598041,"comment_status":"","ping_status":"","sticky":false,"template":"","format":"standard","meta":{"footnotes":""},"categories":[5],"tags":[11,3734,71068,1011,27,14,4074,873,12,2403,71069,4692,20114,28],"class_list":{"0":"post-598040","1":"post","2":"type-post","3":"status-publish","4":"format-standard","5":"has-post-thumbnail","7":"category-international","8":"tag-actualites","9":"tag-art","10":"tag-ecole-et-universite","11":"tag-fr","12":"tag-france","13":"tag-international","14":"tag-jeunes","15":"tag-musique","16":"tag-news","17":"tag-paix","18":"tag-pape-benoit-xvi","19":"tag-pape-francois","20":"tag-pape-leon-xiv","21":"tag-world"},"share_on_mastodon":{"url":"https:\/\/pubeurope.com\/@fr\/115716132079525984","error":""},"_links":{"self":[{"href":"https:\/\/www.europesays.com\/fr\/wp-json\/wp\/v2\/posts\/598040","targetHints":{"allow":["GET"]}}],"collection":[{"href":"https:\/\/www.europesays.com\/fr\/wp-json\/wp\/v2\/posts"}],"about":[{"href":"https:\/\/www.europesays.com\/fr\/wp-json\/wp\/v2\/types\/post"}],"author":[{"embeddable":true,"href":"https:\/\/www.europesays.com\/fr\/wp-json\/wp\/v2\/users\/2"}],"replies":[{"embeddable":true,"href":"https:\/\/www.europesays.com\/fr\/wp-json\/wp\/v2\/comments?post=598040"}],"version-history":[{"count":0,"href":"https:\/\/www.europesays.com\/fr\/wp-json\/wp\/v2\/posts\/598040\/revisions"}],"wp:featuredmedia":[{"embeddable":true,"href":"https:\/\/www.europesays.com\/fr\/wp-json\/wp\/v2\/media\/598041"}],"wp:attachment":[{"href":"https:\/\/www.europesays.com\/fr\/wp-json\/wp\/v2\/media?parent=598040"}],"wp:term":[{"taxonomy":"category","embeddable":true,"href":"https:\/\/www.europesays.com\/fr\/wp-json\/wp\/v2\/categories?post=598040"},{"taxonomy":"post_tag","embeddable":true,"href":"https:\/\/www.europesays.com\/fr\/wp-json\/wp\/v2\/tags?post=598040"}],"curies":[{"name":"wp","href":"https:\/\/api.w.org\/{rel}","templated":true}]}}