{"id":598044,"date":"2025-12-14T04:54:17","date_gmt":"2025-12-14T04:54:17","guid":{"rendered":"https:\/\/www.europesays.com\/fr\/598044\/"},"modified":"2025-12-14T04:54:17","modified_gmt":"2025-12-14T04:54:17","slug":"la-desinformation-climatique-une-menace-croissante-pour-la-democratie","status":"publish","type":"post","link":"https:\/\/www.europesays.com\/fr\/598044\/","title":{"rendered":"La d\u00e9sinformation climatique, une menace croissante pour la d\u00e9mocratie"},"content":{"rendered":"<p>La France vient de condamner un m\u00e9dia pour des propos climatosceptiques. Cette premi\u00e8re mondiale marque un tournant dans la lutte contre la d\u00e9sinformation climatique. Un ph\u00e9nom\u00e8ne qui prend de l\u2019ampleur, ralentit l&rsquo;action climatique et d\u00e9stabilise la d\u00e9mocratie.<\/p>\n<p>Des messages et des discours qui mettent en doute la r\u00e9alit\u00e9 scientifiquement \u00e9tablie des changements climatiques, des cha\u00eenes comme CNews ou SudRadio en diffusent toutes les 40 \u00e0 60 minutes sur leur antenne. C&rsquo;est ce que l&rsquo;on appelle la d\u00e9sinformation climatique, un ph\u00e9nom\u00e8ne qui prend de l&rsquo;ampleur et qui est toujours plus structur\u00e9.<\/p>\n<p>Face \u00e0 cette \u00e9volution, la France vient de condamner CNews \u00e0 une amende de 20&rsquo;000 euros pour avoir diffus\u00e9 des propos climatosceptiques sans contradiction. C&rsquo;est la premi\u00e8re fois dans le monde qu&rsquo;une autorit\u00e9 de r\u00e9gulation prononce une sanction financi\u00e8re pour un manquement concernant un sujet environnemental.<\/p>\n<p>L&rsquo;int\u00e9grit\u00e9 de l&rsquo;information climatique inqui\u00e8te au-del\u00e0 de la France et s&rsquo;est retrouv\u00e9e au c\u0153ur de discussions internationales, au Br\u00e9sil, lors de la r\u00e9cente COP30, la conf\u00e9rence de l\u2019ONU sur le climat. Plus de 20 pays ont sign\u00e9 une d\u00e9claration et pris des engagements pour combattre la d\u00e9sinformation climatique qui \u00ab\u00a0menace la r\u00e9ponse mondiale aux changements climatiques et la stabilit\u00e9 des soci\u00e9t\u00e9s\u00a0\u00bb.<\/p>\n<p>Les m\u00e9dias, \u00ab\u00a0cibles ultimes\u00a0\u00bb<\/p>\n<p>Avec son association, Quota Climat, Eva Morel traque depuis 2022 les principaux acteurs \u00e0 l&rsquo;origine des fausses informations en mati\u00e8re d\u2019environnement, en France et dans le monde. Elle en a identifi\u00e9 cinq: les ing\u00e9rences \u00e9trang\u00e8res, les industries fossiles, l&rsquo;industrie de l&rsquo;attention, c\u2019est-\u00e0-dire les r\u00e9seaux sociaux, les groupes d&rsquo;extr\u00eame droite et les m\u00e9dias traditionnels.<\/p>\n<p>\u00ab\u00a0Les m\u00e9dias traditionnels sont devenus les cibles ultimes des strat\u00e9gies de d\u00e9sinformation\u00a0\u00bb, s&rsquo;inqui\u00e8te Eva Morel. Leur r\u00f4le de tiers de confiance et leur influence sur l&rsquo;opinion publique en font des vecteurs particuli\u00e8rement efficaces de fausses informations.<\/p>\n<p>L&rsquo;ampleur du ph\u00e9nom\u00e8ne reste difficile \u00e0 mesurer. Trois organisations, dont Quota Climat, ont men\u00e9 une \u00e9tude en France et au Br\u00e9sil. Elles ont mis en \u00e9vidence 20 cas de d\u00e9sinformation climatique intentionnelle et 529 de m\u00e9sinformation dans les m\u00e9dias de l\u2019Hexagone, entre janvier et ao\u00fbt 2025. Au Br\u00e9sil, un pic de d\u00e9sinformation a \u00e9t\u00e9 observ\u00e9 en septembre, lors de la COP30.<\/p>\n<p>Le Sud particuli\u00e8rement expos\u00e9<\/p>\n<p>Dans les pays du Sud global, particuli\u00e8rement expos\u00e9s aux effets des changements climatiques, l&rsquo;enjeu de la d\u00e9sinformation climatique est croissant.<\/p>\n<p>\u00ab\u00a0A l&rsquo;approche des saisons de pluies, on voit souvent de la d\u00e9sinformation qui circule\u00a0\u00bb, observe Ousmane Mamoudou, r\u00e9dacteur en chef adjoint du studio Kalangou au Niger, une radio soutenue par l&rsquo;ONG suisse Fondation Hirondelle. Elle se d\u00e9ploie sur les r\u00e9seaux sociaux essentiellement, mais aussi dans les m\u00e9dias traditionnels selon le journaliste. \u00ab\u00a0Il y a tr\u00e8s peu de journalistes qui sont sp\u00e9cialistes de ces questions au Niger, ou qui couvrent les COP par exemple.\u00a0\u00bb<\/p>\n<p>En 2023, 42% de la population nig\u00e9rienne d\u00e9clarait n&rsquo;avoir jamais entendu parler de changements climatiques, selon l\u2019Afrobarometer. \u00ab\u00a0Cela montre qu&rsquo;il y a un besoin de sensibiliser les gens, surtout dans des soci\u00e9t\u00e9s tr\u00e8s religieuses, qui ne comprennent pas que c&rsquo;est le climat qui change et que ce n&rsquo;est pas Dieu qui est responsable\u00a0\u00bb, explique Ousmane Mamoudou.<\/p>\n<p>Une lutte globale<\/p>\n<p>\u00ab\u00a0Le facteur de r\u00e9silience principal contre la crise de la d\u00e9sinformation, c&rsquo;est un service public de l&rsquo;information ind\u00e9pendant et fort qui re\u00e7oit une audience importante\u00a0\u00bb, analyse Julien Labarre, chercheur \u00e0 l&rsquo;Universit\u00e9 de Zurich, et auteur d\u2019une r\u00e9cente \u00e9tude sur la d\u00e9sinformation, au sens large. Il pr\u00e9conise une approche globale: des algorithmes plus transparents, une protection renforc\u00e9e des l\u00e9gislateurs contre le lobbying et les faux experts et un travail d\u2019\u00e9ducation et de sensibilisation du public et des journalistes \u00e0 la m\u00e9thode scientifique.<\/p>\n<p>Reporters sans fronti\u00e8res appelle aussi \u00e0 une meilleure protection des journalistes qui travaillent ou enqu\u00eatent sur l\u2019environnement, victimes de violence et d&rsquo;intimidation croissantes en Am\u00e9rique latine ou en Afrique.<\/p>\n<p class=\"sources\">Julie Rausis\/miro<\/p>\n","protected":false},"excerpt":{"rendered":"La France vient de condamner un m\u00e9dia pour des propos climatosceptiques. Cette premi\u00e8re mondiale marque un tournant dans&hellip;\n","protected":false},"author":2,"featured_media":598045,"comment_status":"","ping_status":"","sticky":false,"template":"","format":"standard","meta":{"footnotes":""},"categories":[2],"tags":[11,4734,1129,7756,4121,436,1011,27,2957,3754,500,1147,12,29364,316,5140,19604,20348],"class_list":{"0":"post-598044","1":"post","2":"type-post","3":"status-publish","4":"format-standard","5":"has-post-thumbnail","7":"category-actualites","8":"tag-actualites","9":"tag-changement-climatique","10":"tag-climat","11":"tag-democratie","12":"tag-desinformation","13":"tag-environnement","14":"tag-fr","15":"tag-france","16":"tag-journaliste","17":"tag-media","18":"tag-medias","19":"tag-menace","20":"tag-news","21":"tag-phenomene","22":"tag-politique","23":"tag-rechauffement-climatique","24":"tag-scientifique","25":"tag-tradition"},"share_on_mastodon":{"url":"https:\/\/pubeurope.com\/@fr\/115716139447066106","error":""},"_links":{"self":[{"href":"https:\/\/www.europesays.com\/fr\/wp-json\/wp\/v2\/posts\/598044","targetHints":{"allow":["GET"]}}],"collection":[{"href":"https:\/\/www.europesays.com\/fr\/wp-json\/wp\/v2\/posts"}],"about":[{"href":"https:\/\/www.europesays.com\/fr\/wp-json\/wp\/v2\/types\/post"}],"author":[{"embeddable":true,"href":"https:\/\/www.europesays.com\/fr\/wp-json\/wp\/v2\/users\/2"}],"replies":[{"embeddable":true,"href":"https:\/\/www.europesays.com\/fr\/wp-json\/wp\/v2\/comments?post=598044"}],"version-history":[{"count":0,"href":"https:\/\/www.europesays.com\/fr\/wp-json\/wp\/v2\/posts\/598044\/revisions"}],"wp:featuredmedia":[{"embeddable":true,"href":"https:\/\/www.europesays.com\/fr\/wp-json\/wp\/v2\/media\/598045"}],"wp:attachment":[{"href":"https:\/\/www.europesays.com\/fr\/wp-json\/wp\/v2\/media?parent=598044"}],"wp:term":[{"taxonomy":"category","embeddable":true,"href":"https:\/\/www.europesays.com\/fr\/wp-json\/wp\/v2\/categories?post=598044"},{"taxonomy":"post_tag","embeddable":true,"href":"https:\/\/www.europesays.com\/fr\/wp-json\/wp\/v2\/tags?post=598044"}],"curies":[{"name":"wp","href":"https:\/\/api.w.org\/{rel}","templated":true}]}}