{"id":598061,"date":"2025-12-14T05:14:19","date_gmt":"2025-12-14T05:14:19","guid":{"rendered":"https:\/\/www.europesays.com\/fr\/598061\/"},"modified":"2025-12-14T05:14:19","modified_gmt":"2025-12-14T05:14:19","slug":"rennes-brest-la-minute-cauchemardesque-qui-coute-le-derby-au-stade-brestois","status":"publish","type":"post","link":"https:\/\/www.europesays.com\/fr\/598061\/","title":{"rendered":"Rennes &#8211; Brest\u00a0: la minute cauchemardesque qui co\u00fbte le derby au Stade Brestois"},"content":{"rendered":"<p>Ligue 1 (16e journ\u00e9e). Stade Rennais &#8211; Stade Brestois\u00a0: 3-1<\/p>\n<p>Le Stade Brestois avait le derby en main. En une minute, entre la 24e et 25e, il lui a \u00e9chapp\u00e9. Un instant presque irrationnel, o\u00f9 une d\u00e9monstration de force s\u2019est transform\u00e9e en une impression d\u2019abattement total. Sous l\u2019impulsion de Mousa Al-Tamari, passeur d\u00e9cisif puis buteur, le Stade Rennais renversait une rencontre jusque-l\u00e0 outrageusement domin\u00e9e par les Finist\u00e9riens. \u00ab\u00a0Que le football est parfois cruel, lan\u00e7ait \u00c9ric Roy, l\u2019entra\u00eeneur brestois, apr\u00e8s la rencontre. Mais c\u2019est la r\u00e9alit\u00e9, il faut \u00eatre fort dans les deux surfaces, offensive et d\u00e9fensive.\u00a0\u00bb<\/p>\n<p>Un premier acte \u00ab\u00a0de grande qualit\u00e9\u00a0\u00bb<\/p>\n<p><a href=\"https:\/\/www.letelegramme.fr\/sports\/football\/stade-brestois\/cetait-noel-avant-lheure-deux-cadeaux-de-kenny-lala-ont-plombe-le-stade-brestois-a-rennes-6946983.php\" target=\"_blank\" rel=\"noopener\">Plomb\u00e9 par deux erreurs de Kenny Lala<\/a>, comme il l\u2019a d\u00e9j\u00e0 \u00e9t\u00e9 \u00e0 plusieurs reprises cette saison <a href=\"https:\/\/www.letelegramme.fr\/sports\/football\/stade-brestois\/cest-la-redondance-derreurs-qui-fait-que-au-stade-brestois-le-statut-de-radoslaw-majecki-remis-en-question-6933112.php\" target=\"_blank\" rel=\"noopener\">par Radoslaw Majecki<\/a>, le club breton avait pourtant tout bien fait, ou presque. On peut \u00e9ventuellement lui reprocher de ne pas avoir su faire le break, tant son entame de match a \u00e9t\u00e9 impressionnante. Mais c\u2019est \u00e0 peu pr\u00e8s tout. \u00ab\u00a0M\u00eame si on a eu la chance d\u2019ouvrir le score, on aurait peut-\u00eatre pu encore plus capitaliser sur notre bonne p\u00e9riode, admettait le coach brestois. Mais on a fait trop de fautes grossi\u00e8res qui nous ont condamn\u00e9s, comme \u00e7a a \u00e9t\u00e9 le cas sur cinq-six autres matchs depuis le d\u00e9but de la saison. Ce soir encore plus que les autres fois. Pourquoi\u00a0? Parce qu\u2019on avait fait une entame et, je pense, une premi\u00e8re mi-temps de grande qualit\u00e9.\u00a0\u00bb<\/p>\n<p>Conqu\u00e9rants, dominateurs et inspir\u00e9s, les Brestois ont longtemps asphyxi\u00e9 des Rennais incapables de ressortir le moindre ballon. \u00ab\u00a0Je pense que c\u2019est l\u2019une de nos premi\u00e8res mi-temps les plus fortes et les plus abouties\u00a0\u00bb, estimait Hugo Magnetti, comme tous les Brestois ce samedi soir.<\/p>\n<p>L\u2019ouverture du score de Mama Bald\u00e9 (13\u2019), titularis\u00e9 \u00e0 la pointe de l\u2019attaque en l\u2019absence de Ludovic Ajorque, venait logiquement r\u00e9compenser ce d\u00e9but de match tonitruant. L\u2019\u00e9cart entre les deux \u00e9quipes semblait alors abyssal, Rennes paraissant m\u00eame perdu. Et pourtant, \u00e0 la pause, ce sont bien les Rouge et Noir qui menaient (2-1). Pass\u00e9 du r\u00eave au cauchemar, Brest ne s\u2019est jamais totalement relev\u00e9 du terrible coup derri\u00e8re la t\u00eate re\u00e7u avant la mi-temps pour lui permettre de renverser le derby.<\/p>\n<p>\u00ab\u00a0On est en train de retrouver le niveau et les valeurs de Brest\u00a0\u00bb<\/p>\n<p>Malgr\u00e9 ce revers, les discours restaient n\u00e9anmoins empreints d\u2019optimisme, confirmant la mont\u00e9e en puissance du Stade Brestois cette saison, \u00e0 l\u2019image d\u2019un Gr\u00e9goire Coudert d\u00e9cisif. \u00ab\u00a0On sait qu\u2019on est en train de retrouver le niveau et les valeurs de Brest, insistait Hugo Magnetti. Ce sont ces valeurs-l\u00e0 qu\u2019on aime pr\u00f4ner. C\u2019est-\u00e0-dire avancer sur le porteur, mettre de l\u2019intensit\u00e9, gagner les duels et les seconds ballons. C\u2019est ce qu\u2019on a fait pendant une grosse demi-heure. Et je pense que \u00e7a doit \u00eatre une norme pour nous de faire \u00e7a. Et en ce moment, c\u2019est notre normalit\u00e9. Et c\u2019est le jeu qu\u2019on veut continuer \u00e0 faire cette saison.\u00a0\u00bb<\/p>\n<p>Un constat partag\u00e9 par \u00c9ric Roy, aussi frustr\u00e9 que fier de ses joueurs. \u00ab\u00a0Il est \u00e9vident qu\u2019on n\u2019aime jamais perdre, mais en m\u00eame temps, ce soir, on sait r\u00e9ellement pourquoi on a perdu. Et \u00e7a, c\u2019est aussi, quelque part, quelque chose de positif\u00a0: on se dit qu\u2019en reproduisant ce genre de contenu, on en gagnera certainement d\u2019autres, des matchs.\u00a0\u00bb<\/p>\n<p>Le troisi\u00e8me but rennais, inscrit par Me\u00eft\u00e9 (87\u2019), ne changeait finalement rien \u00e0 l\u2019impression g\u00e9n\u00e9rale. Une seule minute aura suffi \u00e0 co\u00fbter le derby breton au Stade Brestois.<\/p>\n","protected":false},"excerpt":{"rendered":"Ligue 1 (16e journ\u00e9e). Stade Rennais &#8211; Stade Brestois\u00a0: 3-1 Le Stade Brestois avait le derby en main.&hellip;\n","protected":false},"author":2,"featured_media":598062,"comment_status":"","ping_status":"","sticky":false,"template":"","format":"standard","meta":{"footnotes":""},"categories":[2821],"tags":[1111,11,3450,829,1777,674,63,1011,27,66,12,584,25,60,4449,3087],"class_list":{"0":"post-598061","1":"post","2":"type-post","3":"status-publish","4":"format-standard","5":"has-post-thumbnail","7":"category-rennes","8":"tag-actu","9":"tag-actualites","10":"tag-brest","11":"tag-bretagne","12":"tag-eu","13":"tag-europe","14":"tag-football","15":"tag-fr","16":"tag-france","17":"tag-ligue-1","18":"tag-news","19":"tag-rennes","20":"tag-republique-francaise","21":"tag-sports","22":"tag-stade-brestois","23":"tag-stade-rennais"},"share_on_mastodon":{"url":"https:\/\/pubeurope.com\/@fr\/115716218142051502","error":""},"_links":{"self":[{"href":"https:\/\/www.europesays.com\/fr\/wp-json\/wp\/v2\/posts\/598061","targetHints":{"allow":["GET"]}}],"collection":[{"href":"https:\/\/www.europesays.com\/fr\/wp-json\/wp\/v2\/posts"}],"about":[{"href":"https:\/\/www.europesays.com\/fr\/wp-json\/wp\/v2\/types\/post"}],"author":[{"embeddable":true,"href":"https:\/\/www.europesays.com\/fr\/wp-json\/wp\/v2\/users\/2"}],"replies":[{"embeddable":true,"href":"https:\/\/www.europesays.com\/fr\/wp-json\/wp\/v2\/comments?post=598061"}],"version-history":[{"count":0,"href":"https:\/\/www.europesays.com\/fr\/wp-json\/wp\/v2\/posts\/598061\/revisions"}],"wp:featuredmedia":[{"embeddable":true,"href":"https:\/\/www.europesays.com\/fr\/wp-json\/wp\/v2\/media\/598062"}],"wp:attachment":[{"href":"https:\/\/www.europesays.com\/fr\/wp-json\/wp\/v2\/media?parent=598061"}],"wp:term":[{"taxonomy":"category","embeddable":true,"href":"https:\/\/www.europesays.com\/fr\/wp-json\/wp\/v2\/categories?post=598061"},{"taxonomy":"post_tag","embeddable":true,"href":"https:\/\/www.europesays.com\/fr\/wp-json\/wp\/v2\/tags?post=598061"}],"curies":[{"name":"wp","href":"https:\/\/api.w.org\/{rel}","templated":true}]}}