{"id":598063,"date":"2025-12-14T05:15:27","date_gmt":"2025-12-14T05:15:27","guid":{"rendered":"https:\/\/www.europesays.com\/fr\/598063\/"},"modified":"2025-12-14T05:15:27","modified_gmt":"2025-12-14T05:15:27","slug":"strasbourg-constance-schaerer-au-stand-kiwanis-place-kleber-ce-mercredi","status":"publish","type":"post","link":"https:\/\/www.europesays.com\/fr\/598063\/","title":{"rendered":"Strasbourg. Constance Schaerer au stand Kiwanis place Kl\u00e9ber ce mercredi"},"content":{"rendered":"<p>Le Kiwanis, c\u2019est une association d\u2019hommes et de femmes b\u00e9n\u00e9voles qui \u0153uvrent pour aider les enfants malades, handicap\u00e9s ou en difficult\u00e9, dans le but de leur apporter soutien mat\u00e9riel et bonheur<\/p>\n<p>C\u2019est donc tout naturellement que <a href=\"https:\/\/www.dna.fr\/sport\/2025\/09\/30\/constance-schaerer-un-livre-pour-revenir-a-l-essentiel?preview=true\" target=\"_blank\" rel=\"noopener\">Constance Schaerer<\/a>, pr\u00e9sidente de l\u2019association \u201c7 sommets contre la maladie\u201d et plus jeune Fran\u00e7aise \u00e0 avoir gravi l\u2019Everest, s\u2019est investie au sein de cette association -dont sa maman est membre &#8211; il y a trois ans d\u00e9j\u00e0. \u00ab\u00a0Elle soutient le Kiwanis depuis un moment car nous avons les m\u00eames combats\u00a0: aider les enfants qui ont un pass\u00e9 ou une vie douloureuse. Les enfants des \u201c7 sommets\u201d ont particip\u00e9 \u00e0 plusieurs de nos actions\u00a0: bapt\u00eame de l\u2019air, Kiwanis\u00a0Kids Olympics\u2026\u00a0\u00bb, pr\u00e9cise Chantal Delarchand, pr\u00e9sidente du club de Kl\u00e9ber.<\/p>\n<p class=\"insetTitle\">Le saviez-vous ?<\/p>\n<p>Le Kiwanis est \u00e0 l\u2019origine du c\u00e9l\u00e8bre sapin g\u00e9ant de Strasbourg, imagin\u00e9 et port\u00e9 avec pers\u00e9v\u00e9rance par Andr\u00e9 Boursin et soutenu par Jean-Louis Hering. Gr\u00e2ce \u00e0 leurs d\u00e9marches et au travail conjoint avec la Ville et l\u2019ONF, ce g\u00e9ant de 32,80 m\u00e8tres est devenu l\u2019embl\u00e8me du march\u00e9 de No\u00ebl de Strasbourg. Aujourd\u2019hui, le Kiwanis veille \u00e0 rappeler cette paternit\u00e9, mise en lumi\u00e8re dans le programme et les animations officielles.<\/p>\n<p>  S\u00e9ance photo et d\u00e9dicaces<\/p>\n<p>Si elle est toujours pr\u00e9sente pour le Kiwanis par la pens\u00e9e, elle a tenu \u00e0 lib\u00e9rer du temps dans son agenda &#8211; tr\u00e8s charg\u00e9 &#8211; pour cette association ch\u00e8re \u00e0 son c\u0153ur. \u00ab\u00a0Mon plus grand souhait est de faire r\u00eaver ces enfants toujours plus haut, plus grand, les voir s\u2019amuser et \u00eatre unis. Cela ne se fait pas sans les associations ainsi que leurs b\u00e9n\u00e9voles\u00a0\u00bb, rappelle Constance, reconnaissante. Et pour faire r\u00eaver ces enfants dans cette magie de No\u00ebl, elle sera pr\u00e9sente ce mercredi 17\u00a0d\u00e9cembre de 19\u00a0h\u00a045 \u00e0 21\u00a0h au chalet du p\u00e8re No\u00ebl du Kiwanis, en compagnie du lieutenant-gouverneur Arnaud Delarchand, ainsi que du p\u00e8re No\u00ebl donc, pour un moment de partage, d\u2019\u00e9change, et pour repartir avec une photo \u00e0 accrocher au sapin\u00a0!<\/p>\n","protected":false},"excerpt":{"rendered":"Le Kiwanis, c\u2019est une association d\u2019hommes et de femmes b\u00e9n\u00e9voles qui \u0153uvrent pour aider les enfants malades, handicap\u00e9s&hellip;\n","protected":false},"author":2,"featured_media":598064,"comment_status":"","ping_status":"","sticky":false,"template":"","format":"standard","meta":{"footnotes":""},"categories":[2820],"tags":[1111,11,1687,2880,1777,674,107,1011,27,775,12,25,640,2879],"class_list":{"0":"post-598063","1":"post","2":"type-post","3":"status-publish","4":"format-standard","5":"has-post-thumbnail","7":"category-strasbourg","8":"tag-actu","9":"tag-actualites","10":"tag-culture-loisirs","11":"tag-edition-strasbourg","12":"tag-eu","13":"tag-europe","14":"tag-fil-info","15":"tag-fr","16":"tag-france","17":"tag-grand-est","18":"tag-news","19":"tag-republique-francaise","20":"tag-strasbourg","21":"tag-strasbourg-ville"},"share_on_mastodon":{"url":"https:\/\/pubeurope.com\/@fr\/115716222043969307","error":""},"_links":{"self":[{"href":"https:\/\/www.europesays.com\/fr\/wp-json\/wp\/v2\/posts\/598063","targetHints":{"allow":["GET"]}}],"collection":[{"href":"https:\/\/www.europesays.com\/fr\/wp-json\/wp\/v2\/posts"}],"about":[{"href":"https:\/\/www.europesays.com\/fr\/wp-json\/wp\/v2\/types\/post"}],"author":[{"embeddable":true,"href":"https:\/\/www.europesays.com\/fr\/wp-json\/wp\/v2\/users\/2"}],"replies":[{"embeddable":true,"href":"https:\/\/www.europesays.com\/fr\/wp-json\/wp\/v2\/comments?post=598063"}],"version-history":[{"count":0,"href":"https:\/\/www.europesays.com\/fr\/wp-json\/wp\/v2\/posts\/598063\/revisions"}],"wp:featuredmedia":[{"embeddable":true,"href":"https:\/\/www.europesays.com\/fr\/wp-json\/wp\/v2\/media\/598064"}],"wp:attachment":[{"href":"https:\/\/www.europesays.com\/fr\/wp-json\/wp\/v2\/media?parent=598063"}],"wp:term":[{"taxonomy":"category","embeddable":true,"href":"https:\/\/www.europesays.com\/fr\/wp-json\/wp\/v2\/categories?post=598063"},{"taxonomy":"post_tag","embeddable":true,"href":"https:\/\/www.europesays.com\/fr\/wp-json\/wp\/v2\/tags?post=598063"}],"curies":[{"name":"wp","href":"https:\/\/api.w.org\/{rel}","templated":true}]}}