{"id":598065,"date":"2025-12-14T05:16:33","date_gmt":"2025-12-14T05:16:33","guid":{"rendered":"https:\/\/www.europesays.com\/fr\/598065\/"},"modified":"2025-12-14T05:16:33","modified_gmt":"2025-12-14T05:16:33","slug":"fc-lorient-un-groupe-inchange-pour-affronter-strasbourg-sport-4","status":"publish","type":"post","link":"https:\/\/www.europesays.com\/fr\/598065\/","title":{"rendered":"FC Lorient. Un groupe inchang\u00e9 pour affronter Strasbourg . Sport"},"content":{"rendered":"<p>La stabilit\u00e9 se poursuit au FC Lorient. Olivier Pantaloni et son staff ont d\u00e9cid\u00e9 de faire confiance au m\u00eame groupe victorieux face \u00e0 Nice (3-1) puis Lyon (1-0). En esp\u00e9rant la m\u00eame issue favorable.<\/p>\n<p>Soumano de nouveau titulaire\u00a0?<\/p>\n<p>Une nouvelle fois, l\u2019animation offensive devrait se tourner autour du trio form\u00e9 depuis deux matches\u00a0: Makengo, Soumano et Pagis. Pour esp\u00e9rer enfin s\u2019imposer \u00e0 l\u2019ext\u00e9rieur alors que les Merlus n\u2019ont glan\u00e9 que deux petites unit\u00e9s loin de leur base (Le Havre et Nantes). De son c\u00f4t\u00e9, Strasbourg, 8e avec 22\u00a0points, esp\u00e8re se relancer apr\u00e8s trois \u00e9checs cons\u00e9cutifs en championnat.<\/p>\n<p><strong>Lire aussi\u00a0: <\/strong> <a href=\"https:\/\/lorient.maville.com\/sport\/detail_-fc-lorient.-toujours-remplace-mais-terriblement-efficace-le-paradoxe-pablo-pagis-leader-technique-des-merlus-_52713-7107644_actu.Htm\" target=\"_self\" rel=\"noopener\">Toujours remplac\u00e9 mais terriblement efficace\u00a0: le paradoxe Pablo Pagis, leader technique du FCL<\/a><\/p>\n<p>Le groupe du FC Lorient face \u00e0 Strasbourg\u00a0:<\/p>\n<p>Mvogo, Kamara, Leroy &#8211; Talbi Me\u00eft\u00e9, Adjei, Silva, Kouassi, Yongwa &#8211; Abergel, Mvuka, Cadiou, Karim, Le Bris, Makengo, Avom, Fadiga &#8211; Bamba, Tosin, Soumano, Dieng, Pagis.<\/p>\n<p>\u00a0<\/p>\n","protected":false},"excerpt":{"rendered":"La stabilit\u00e9 se poursuit au FC Lorient. Olivier Pantaloni et son staff ont d\u00e9cid\u00e9 de faire confiance au&hellip;\n","protected":false},"author":2,"featured_media":597516,"comment_status":"","ping_status":"","sticky":false,"template":"","format":"standard","meta":{"footnotes":""},"categories":[2820],"tags":[1111,11,3809,1465,5492,1777,674,63,1011,27,775,1792,1922,12,25,479,517,640,1470],"class_list":{"0":"post-598065","1":"post","2":"type-post","3":"status-publish","4":"format-standard","5":"has-post-thumbnail","7":"category-strasbourg","8":"tag-actu","9":"tag-actualites","10":"tag-ball","11":"tag-basket","12":"tag-caen","13":"tag-eu","14":"tag-europe","15":"tag-football","16":"tag-fr","17":"tag-france","18":"tag-grand-est","19":"tag-handball","20":"tag-info","21":"tag-news","22":"tag-republique-francaise","23":"tag-rugby","24":"tag-sport","25":"tag-strasbourg","26":"tag-volley"},"share_on_mastodon":{"url":"https:\/\/pubeurope.com\/@fr\/115716226129793865","error":""},"_links":{"self":[{"href":"https:\/\/www.europesays.com\/fr\/wp-json\/wp\/v2\/posts\/598065","targetHints":{"allow":["GET"]}}],"collection":[{"href":"https:\/\/www.europesays.com\/fr\/wp-json\/wp\/v2\/posts"}],"about":[{"href":"https:\/\/www.europesays.com\/fr\/wp-json\/wp\/v2\/types\/post"}],"author":[{"embeddable":true,"href":"https:\/\/www.europesays.com\/fr\/wp-json\/wp\/v2\/users\/2"}],"replies":[{"embeddable":true,"href":"https:\/\/www.europesays.com\/fr\/wp-json\/wp\/v2\/comments?post=598065"}],"version-history":[{"count":0,"href":"https:\/\/www.europesays.com\/fr\/wp-json\/wp\/v2\/posts\/598065\/revisions"}],"wp:featuredmedia":[{"embeddable":true,"href":"https:\/\/www.europesays.com\/fr\/wp-json\/wp\/v2\/media\/597516"}],"wp:attachment":[{"href":"https:\/\/www.europesays.com\/fr\/wp-json\/wp\/v2\/media?parent=598065"}],"wp:term":[{"taxonomy":"category","embeddable":true,"href":"https:\/\/www.europesays.com\/fr\/wp-json\/wp\/v2\/categories?post=598065"},{"taxonomy":"post_tag","embeddable":true,"href":"https:\/\/www.europesays.com\/fr\/wp-json\/wp\/v2\/tags?post=598065"}],"curies":[{"name":"wp","href":"https:\/\/api.w.org\/{rel}","templated":true}]}}