{"id":598069,"date":"2025-12-14T05:21:03","date_gmt":"2025-12-14T05:21:03","guid":{"rendered":"https:\/\/www.europesays.com\/fr\/598069\/"},"modified":"2025-12-14T05:21:03","modified_gmt":"2025-12-14T05:21:03","slug":"les-sorinieres-les-points-de-collecte-des-dechets-sont-installes","status":"publish","type":"post","link":"https:\/\/www.europesays.com\/fr\/598069\/","title":{"rendered":"Les Sorini\u00e8res. Les points de collecte des d\u00e9chets sont install\u00e9s"},"content":{"rendered":"<p>Cinquante-six emplacements ont \u00e9t\u00e9 valid\u00e9s pour l\u2019implantation de points de collecte, pour les d\u00e9chets alimentaires dans la commune.<\/p>\n<p>Sur certains emplacements, il peut y avoir deux points de collecte. Ce nombre n\u2019est pas d\u00e9finitif, d\u2019autres points pouvant \u00eatre amen\u00e9s \u00e0 \u00eatre d\u00e9ploy\u00e9s, en fonction de l\u2019utilisation constat\u00e9e.<\/p>\n<p>Concernant les seaux \u00e0 compost, les ambassadeurs du tri de Nantes m\u00e9tropole vont passer dans chaque foyer, d\u2019ici \u00e0 la fin du mois de janvier, et remettront un seau \u00e0 compost lors de leur visite.<\/p>\n<p>En cas d\u2019absence il sera possible de retirer le seau, apr\u00e8s avoir re\u00e7u l\u2019avis par courrier, au centre technique municipal, rue de la Maillardi\u00e8re.<\/p>\n<p>Plus d\u2019infos sur www.ville-sorini\u00e8res.fr<\/p>\n<p>\u00a0<\/p>\n","protected":false},"excerpt":{"rendered":"Cinquante-six emplacements ont \u00e9t\u00e9 valid\u00e9s pour l\u2019implantation de points de collecte, pour les d\u00e9chets alimentaires dans la commune.&hellip;\n","protected":false},"author":2,"featured_media":598070,"comment_status":"","ping_status":"","sticky":false,"template":"","format":"standard","meta":{"footnotes":""},"categories":[2818],"tags":[1111,11,10957,3008,1777,674,1011,27,32717,766,12,2636,1460,25,42269],"class_list":{"0":"post-598069","1":"post","2":"type-post","3":"status-publish","4":"format-standard","5":"has-post-thumbnail","7":"category-nantes","8":"tag-actu","9":"tag-actualites","10":"tag-collecte","11":"tag-dechets","12":"tag-eu","13":"tag-europe","14":"tag-fr","15":"tag-france","16":"tag-installes","17":"tag-nantes","18":"tag-news","19":"tag-pays-de-la-loire","20":"tag-points","21":"tag-republique-francaise","22":"tag-sorinieres"},"share_on_mastodon":{"url":"https:\/\/pubeurope.com\/@fr\/115716245810793815","error":""},"_links":{"self":[{"href":"https:\/\/www.europesays.com\/fr\/wp-json\/wp\/v2\/posts\/598069","targetHints":{"allow":["GET"]}}],"collection":[{"href":"https:\/\/www.europesays.com\/fr\/wp-json\/wp\/v2\/posts"}],"about":[{"href":"https:\/\/www.europesays.com\/fr\/wp-json\/wp\/v2\/types\/post"}],"author":[{"embeddable":true,"href":"https:\/\/www.europesays.com\/fr\/wp-json\/wp\/v2\/users\/2"}],"replies":[{"embeddable":true,"href":"https:\/\/www.europesays.com\/fr\/wp-json\/wp\/v2\/comments?post=598069"}],"version-history":[{"count":0,"href":"https:\/\/www.europesays.com\/fr\/wp-json\/wp\/v2\/posts\/598069\/revisions"}],"wp:featuredmedia":[{"embeddable":true,"href":"https:\/\/www.europesays.com\/fr\/wp-json\/wp\/v2\/media\/598070"}],"wp:attachment":[{"href":"https:\/\/www.europesays.com\/fr\/wp-json\/wp\/v2\/media?parent=598069"}],"wp:term":[{"taxonomy":"category","embeddable":true,"href":"https:\/\/www.europesays.com\/fr\/wp-json\/wp\/v2\/categories?post=598069"},{"taxonomy":"post_tag","embeddable":true,"href":"https:\/\/www.europesays.com\/fr\/wp-json\/wp\/v2\/tags?post=598069"}],"curies":[{"name":"wp","href":"https:\/\/api.w.org\/{rel}","templated":true}]}}