{"id":598077,"date":"2025-12-14T05:26:16","date_gmt":"2025-12-14T05:26:16","guid":{"rendered":"https:\/\/www.europesays.com\/fr\/598077\/"},"modified":"2025-12-14T05:26:16","modified_gmt":"2025-12-14T05:26:16","slug":"le-loup-qui-te-mangera-le-nouveau-thriller-de-la-toulousaine-coralie-caujolle","status":"publish","type":"post","link":"https:\/\/www.europesays.com\/fr\/598077\/","title":{"rendered":"\u00ab\u00a0Le Loup qui te mangera\u00a0\u00bb\u00a0: le nouveau thriller de la Toulousaine Coralie Caujolle"},"content":{"rendered":"<p>\n                                                                    l&rsquo;essentiel<br \/>\n                                                                Apr\u00e8s avoir abord\u00e9 l\u2019\u00e9criture par le prisme du cosy crime, la romanci\u00e8re toulousaine Coralie Caujolle noircit le trait avec son nouvel ouvrage, \u00ab\u00a0Le Loup qui te mangera\u00a0\u00bb, un thriller psychologique palpitant.\n                            <\/p>\n<p>Le cosy crime, ou polar moins violent, qui faisait la marque stylistique de Coralie Caujolle, autrice toulousaine install\u00e9e en Ari\u00e8ge, laisse place, avec la publication de son nouvel ouvrage \u00ab\u00a0Le Loup qui te mangera\u00a0\u00bb, \u00e0 un thriller de belle facture. \u00ab\u00a0Quand je commence un r\u00e9cit, confie la romanci\u00e8re, je ne me pose pas la question du genre. L\u2019histoire impose son propre rythme, son ton. C\u2019est comme rencontrer une nouvelle personne et se dire \u2018Ah, elle est comme \u00e7a\u00a0!\u2019 Ce roman s\u2019est av\u00e9r\u00e9 plus sombre que les pr\u00e9c\u00e9dents. Mais ma maison d\u2019\u00e9dition \u00e9tait emball\u00e9e d\u00e8s les pr\u00e9mices, je me suis donc sentie libre de noircir le trait.\u00a0\u00bb<\/p>\n<p class=\"std-elt__inline\">\n        <strong>\u00c0 lire aussi :<\/strong><br \/>\n        <a href=\"https:\/\/www.ladepeche.fr\/2025\/12\/12\/thomas-pesquet-et-etienne-klein-au-theatre-de-la-cite-13105050.php\" target=\"_blank\" rel=\"noopener\">Thomas Pesquet et \u00c9tienne Klein au th\u00e9\u00e2tre de la Cit\u00e9<\/a>\n    <\/p>\n<p>En l\u2019occurrence celui qui trace le portrait d\u2019une famille en apparence parfaite \u00ab\u00a0qui voit son \u00e9quilibre voler en \u00e9clats lorsque le fils a\u00een\u00e9 est arr\u00eat\u00e9 pour le meurtre de sa meilleure amie. On suit les r\u00e9percussions de cette arrestation sur chaque membre de la famille, et en parall\u00e8le, la journ\u00e9e de la mort de la jeune fille pour comprendre comment ce drame s\u2019est produit. Qui ment\u00a0? Qui se ment\u00a0?\u00a0\u00bb Questionnements qui rejoignent celui de la bonne victime aux yeux de la soci\u00e9t\u00e9 apr\u00e8s la d\u00e9couverte d\u2019un \u00ab\u00a0sondage idiot, poursuit Coralie Caujolle, arguant que Meghan Markle et l\u2019actrice Amber Heard \u00e9taient les personnes les plus d\u00e9test\u00e9es sur internet. Dans un monde o\u00f9 Trump et Poutine existent, \u00e7a m\u2019a laiss\u00e9e perplexe. Deux femmes, dont Heard qui vit comme une recluse depuis qu\u2019elle a accus\u00e9 un homme adul\u00e9. J\u2019ai tir\u00e9 le fil.\u00a0\u00bb<\/p>\n<p>Intensit\u00e9 du r\u00e9cit<\/p>\n<p>Et l\u2019inspiration est venue\u00a0: \u00ab\u00a0Outre ce sondage, c\u2019est un amas de petites indignations du quotidien qui m\u2019ont pouss\u00e9e \u00e0 aborder ces th\u00e8mes, de mani\u00e8re spontan\u00e9e\u00a0: la mont\u00e9e de discours r\u00e9trogrades, aussi bien dans la bouche des politiques que de la jeune g\u00e9n\u00e9ration, les vid\u00e9os masculinistes sur le web,\u00a0etc.\u00a0\u00bb Pour ce faire, les descriptions psychologiques fouill\u00e9es am\u00e8nent une mati\u00e8re convaincante au r\u00e9cit. L\u2019autrice le souligne\u00a0: \u00ab\u00a0J\u2019ai voulu \u00eatre au plus pr\u00e8s des doutes de chaque personnage, gratter le vernis des apparences jusqu\u2019\u00e0 l\u2019os. Pour autant, il ne fallait pas que l\u2019ensemble soit larmoyant ou r\u00e9barbatif. Passer, par exemple, du personnage du p\u00e8re de famille qui se demande s\u2019il n\u2019a pas tout rat\u00e9 avec ses enfants, \u00e0 Barnab\u00e9, le petit dernier, qui essaie de comprendre la situation du haut de ses 5 ans, permet de conserver l\u2019attention du lecteur sans perdre en intensit\u00e9.\u00a0\u00bb<\/p>\n<p class=\"std-elt__inline\">\n        <strong>\u00c0 lire aussi :<\/strong><br \/>\n        <a href=\"https:\/\/www.ladepeche.fr\/2025\/12\/10\/lespagne-resonne-en-moi-thibaut-garcia-est-deux-fois-linvite-de-la-saison-des-grands-interpretes-a-toulouse-13081354.php\" target=\"_blank\" rel=\"noopener\">\u00ab\u00a0L\u2019Espagne r\u00e9sonne en moi\u00a0\u00bb\u00a0: Thibaut Garcia est deux fois l\u2019invit\u00e9 de la saison des Grands Interpr\u00e8tes \u00e0 Toulouse<\/a>\n    <\/p>\n<p>Et, en filigrane, on lit la condition de la jeunesse rurale du pays\u00a0: \u00ab\u00a0Elle a peu de place, dans la fiction comme dans le d\u00e9bat public. Elle est effac\u00e9e, coup\u00e9e, aussi bien g\u00e9ographiquement que sociologiquement. Cette toile de fond me permettait de confronter mon groupe de jeunes \u00e0 une question riche en n\u0153uds de tension\u00a0: partir ou rester\u00a0?\u00a0\u00bb Le lecteur, lui, ne l\u00e2che pas les pages\u2026<\/p>\n<p>\u00ab\u00a0Le Loup qui te mangera\u00a0\u00bb de Coralie Caujolle (\u00c9ditions Eyrolles, 448 p., 18,90\u00a0\u20ac) et aussi \u00ab\u00a0C\u2019est la mort \u00e0 la plage\u00a0\u00bb (2024), \u00ab\u00a0Bienvenue aux Bergeronnettes\u00a0\u00bb (2023), \u00ab\u00a0Monsieur Edgar et les impatients\u00a0\u00bb (2022).<\/p>\n","protected":false},"excerpt":{"rendered":"l&rsquo;essentiel Apr\u00e8s avoir abord\u00e9 l\u2019\u00e9criture par le prisme du cosy crime, la romanci\u00e8re toulousaine Coralie Caujolle noircit le&hellip;\n","protected":false},"author":2,"featured_media":598078,"comment_status":"","ping_status":"","sticky":false,"template":"","format":"standard","meta":{"footnotes":""},"categories":[2816],"tags":[1111,11,872,1777,674,1011,27,2722,12,2680,25,2312],"class_list":{"0":"post-598077","1":"post","2":"type-post","3":"status-publish","4":"format-standard","5":"has-post-thumbnail","7":"category-toulouse","8":"tag-actu","9":"tag-actualites","10":"tag-culture-et-loisirs","11":"tag-eu","12":"tag-europe","13":"tag-fr","14":"tag-france","15":"tag-haute-garonne","16":"tag-news","17":"tag-occitanie","18":"tag-republique-francaise","19":"tag-toulouse"},"share_on_mastodon":{"url":"https:\/\/pubeurope.com\/@fr\/115716265332222191","error":""},"_links":{"self":[{"href":"https:\/\/www.europesays.com\/fr\/wp-json\/wp\/v2\/posts\/598077","targetHints":{"allow":["GET"]}}],"collection":[{"href":"https:\/\/www.europesays.com\/fr\/wp-json\/wp\/v2\/posts"}],"about":[{"href":"https:\/\/www.europesays.com\/fr\/wp-json\/wp\/v2\/types\/post"}],"author":[{"embeddable":true,"href":"https:\/\/www.europesays.com\/fr\/wp-json\/wp\/v2\/users\/2"}],"replies":[{"embeddable":true,"href":"https:\/\/www.europesays.com\/fr\/wp-json\/wp\/v2\/comments?post=598077"}],"version-history":[{"count":0,"href":"https:\/\/www.europesays.com\/fr\/wp-json\/wp\/v2\/posts\/598077\/revisions"}],"wp:featuredmedia":[{"embeddable":true,"href":"https:\/\/www.europesays.com\/fr\/wp-json\/wp\/v2\/media\/598078"}],"wp:attachment":[{"href":"https:\/\/www.europesays.com\/fr\/wp-json\/wp\/v2\/media?parent=598077"}],"wp:term":[{"taxonomy":"category","embeddable":true,"href":"https:\/\/www.europesays.com\/fr\/wp-json\/wp\/v2\/categories?post=598077"},{"taxonomy":"post_tag","embeddable":true,"href":"https:\/\/www.europesays.com\/fr\/wp-json\/wp\/v2\/tags?post=598077"}],"curies":[{"name":"wp","href":"https:\/\/api.w.org\/{rel}","templated":true}]}}