{"id":598081,"date":"2025-12-14T05:28:14","date_gmt":"2025-12-14T05:28:14","guid":{"rendered":"https:\/\/www.europesays.com\/fr\/598081\/"},"modified":"2025-12-14T05:28:14","modified_gmt":"2025-12-14T05:28:14","slug":"lille-lecole-istc-va-se-doter-dun-nouveau-campus-dici-2028-pour-renforcer-son-excellence","status":"publish","type":"post","link":"https:\/\/www.europesays.com\/fr\/598081\/","title":{"rendered":"Lille. L&rsquo;\u00e9cole ISTC va se doter d&rsquo;un nouveau campus d&rsquo;ici 2028 pour renforcer son excellence"},"content":{"rendered":"<p>                    Par<br \/>\n        <strong><br \/>\n            <a href=\"https:\/\/actu.fr\/auteur\/hervine-mahaud\" title=\"Consulter tous les articles de Hervine Mahaud\" rel=\"nofollow noopener\" target=\"_blank\">Hervine Mahaud<\/a><br \/>\n                    <\/strong><\/p>\n<p>        Publi\u00e9 le<\/p>\n<p>            14 d\u00e9c. 2025 \u00e0 6h06        <\/p>\n<p>L\u2019\u00e9cole <b>ISTC<\/b>, r\u00e9f\u00e9rence nationale en <b>communication et management<\/b>, a officialis\u00e9 son projet de <b>nouveau campus \u00e0 Lille<\/b>, dont la livraison est pr\u00e9vue \u00e0 l\u2019horizon <b>2028<\/b>. Un projet ambitieux qui vise \u00e0 offrir de <b>meilleures conditions d\u2019accueil aux \u00e9tudiants<\/b> et \u00e0 inscrire durablement l\u2019\u00e9tablissement parmi les grandes \u00e9coles fran\u00e7aises.<\/p>\n<p>Une \u00e9cole lilloise reconnue au niveau national<\/p>\n<p class=\" wall-content\">Cr\u00e9\u00e9e au sein de l\u2019Universit\u00e9 catholique de Lille, l\u2019ISTC fait partie des <b>trois seules \u00e9coles de communication en France<\/b> habilit\u00e9es \u00e0 d\u00e9livrer des <b>licences et masters nationaux reconnus par l\u2019\u00c9tat<\/b>, aux c\u00f4t\u00e9s du Celsa et d\u2019Audencia. Un positionnement rare, dans un paysage qui compte pourtant plusieurs dizaines d\u2019\u00e9coles de communication.<\/p>\n<p class=\" wall-content\">Dirig\u00e9e depuis 2020 par <b>Piero Turchi<\/b>, l\u2019\u00e9cole revendique une formation exigeante, \u00e0 la crois\u00e9e de la communication et du management. \u00ab\u00a0La communication est devenue centrale dans les organisations\u00a0\u00bb, souligne-t-il, rappelant que les Hauts-de-France constituent aujourd\u2019hui le <b>deuxi\u00e8me bassin de l\u2019emploi de la communication en France<\/b>, derri\u00e8re Paris, avec pr\u00e8s de <b>135 000 professionnels<\/b>.<\/p>\n<p>Un projet de campus ouvert, durable et inclusif, pens\u00e9 pour les 30 prochaines ann\u00e9es<\/p>\n<p class=\" wall-content\">Actuellement r\u00e9partie sur plusieurs sites, \u00e0 <b>Vauban<\/b> et \u00e0 <b>EuraTechnologies<\/b>, l\u2019ISTC souhaite se doter d\u2019un outil unique, pens\u00e9 pour durer. Le futur campus prendra place sur un b\u00e2timent d\u00e9j\u00e0 existant, qui sera densifi\u00e9, situ\u00e9 \u00e0 l\u2019angle du boulevard Vauban et de la rue du Port.<\/p>\n<p>    <img   decoding=\"async\" loading=\"lazy\" class=\"size-large\" src=\"https:\/\/www.europesays.com\/fr\/wp-content\/uploads\/2025\/12\/b81f42b23d396fc1f42b23d39d02f4v-960x640.jpg\" alt=\"istc ecole communication management lille\" width=\"960\" height=\"640\"\/><br \/>\n    Le futur campus prendra place dans ce b\u00e2timent. \u00a9Hervine Mahaud<\/p>\n<p class=\" wall-content\">Au total, la surface passera de <b>2 000 \u00e0 pr\u00e8s de 4 000 m\u00b2<\/b>, pour un investissement de <b>plus de 19 millions d\u2019euros<\/b>. \u00ab\u00a0Ce n\u2019est pas un simple projet immobilier\u00a0\u00bb, insiste la direction. L\u2019objectif n\u2019est pas tant d\u2019accueillir plus d\u2019\u00e9tudiants que de <b>mieux les accueillir<\/b>, dans un lieu con\u00e7u comme un v\u00e9ritable espace de vie, de travail et de cr\u00e9ation.<\/p>\n<p class=\" wall-content\">Pens\u00e9 pour les d\u00e9cennies \u00e0 venir, le futur campus se veut <b>durable, inclusif et ouvert sur son quartier<\/b>. Espaces collaboratifs, tiers-lieux d\u00e9di\u00e9s \u00e0 la vie \u00e9tudiante, zones de d\u00e9tente, lieux de travail collectif : tout est pens\u00e9 pour lutter contre l\u2019isolement des \u00e9tudiants et favoriser les projets transversaux.<\/p>\n<p>Votre r\u00e9gion, votre actu !<\/p>\n<p>Recevez chaque jour les infos qui comptent pour vous.<\/p>\n<p>\t<a href=\"https:\/\/actu.fr\/newsletter\" class=\"ac-btn ac-btn--corner ac-btn--medium ac-btn--blue800\" rel=\"nofollow noopener\" target=\"_blank\">S&rsquo;incrire<\/a><\/p>\n<p class=\" wall-content\">La direction affirme \u00e9galement sa volont\u00e9 de travailler avec la <b>Ville de Lille<\/b> et la <b>M\u00e9tropole europ\u00e9enne de Lille<\/b>, afin de cr\u00e9er un lieu largement ouvert sur son environnement, int\u00e9grant davantage de verdure et favorisant les usages partag\u00e9s.<\/p>\n<p>Une ambition acad\u00e9mique et internationale affirm\u00e9e<\/p>\n<p class=\" wall-content\">Ce projet immobilier s\u2019inscrit dans une strat\u00e9gie plus large, baptis\u00e9e <b>Route 2028<\/b>, qui vise \u00e0 installer d\u00e9finitivement l\u2019ISTC \u00ab\u00a0dans la cour des grandes \u00e9coles de communication et de management\u00a0\u00bb. L\u2019\u00e9cole entend renforcer son <b>excellence acad\u00e9mique<\/b>, d\u00e9velopper de nouveaux <b>doubles dipl\u00f4mes<\/b>, voire des parcours \u00e0 <b>triple comp\u00e9tence<\/b>, m\u00ealant communication, management, droit ou data.<\/p>\n<p class=\" wall-content\">Arriv\u00e9e r\u00e9cemment \u00e0 la direction des programmes, <b>Svetlana Serdyukov<\/b>, forte de 25 ans d\u2019exp\u00e9rience \u00e0 l\u2019international, porte cette ambition. L\u2019ISTC mise notamment sur la proximit\u00e9 entre enseignants et \u00e9tudiants, un accompagnement renforc\u00e9 vers l\u2019emploi et une ouverture culturelle forte, r\u00e9guli\u00e8rement salu\u00e9e par les entreprises partenaires.<\/p>\n<p>    <img   decoding=\"async\" loading=\"lazy\" class=\"size-large\" src=\"https:\/\/www.europesays.com\/fr\/wp-content\/uploads\/2025\/12\/b6d902b23d396dad902b23d39bed90v-960x640.jpg\" alt=\"istc ecole communication management lille\" width=\"960\" height=\"640\"\/><br \/>\n    Svetlana Serdyukov, Piero Turchi,\u00a0Mehdi Ghassemi et les \u00e9quipes de l\u2019ISTC souhaitent faire monter en puissance l\u2019\u00e9cole lilloise. \u00a9Hervine Mahaud<\/p>\n<p class=\" wall-content\">Autre pilier de cette transformation : la <b>recherche<\/b>. Sous l\u2019impulsion de <b>Mehdi Ghassemi<\/b>, directeur de la recherche, l\u2019\u00e9cole a structur\u00e9 ses travaux autour du <b>CEThicS<\/b>, un centre d\u00e9di\u00e9 aux technologies de surveillance, \u00e0 l\u2019IA et aux mutations de la communication. Une sp\u00e9cificit\u00e9 qui donne \u00e0 l\u2019ISTC une visibilit\u00e9 nationale et internationale, tout en nourrissant directement les enseignements.<\/p>\n<p>Un outil au service des \u00e9tudiants et de l\u2019emploi<\/p>\n<p class=\" wall-content\">Aujourd\u2019hui, pr\u00e8s de <b>70 % des dipl\u00f4m\u00e9s de l\u2019ISTC trouvent un emploi avant m\u00eame l\u2019obtention de leur dipl\u00f4me<\/b>, notamment gr\u00e2ce \u00e0 l\u2019alternance. Avec ce nouveau campus, l\u2019\u00e9cole entend renforcer encore ce lien \u00e9troit avec le monde professionnel, tout en affirmant son mod\u00e8le associatif priv\u00e9 \u00e0 but non lucratif, o\u00f9 l\u2019ensemble des ressources est r\u00e9investi dans les projets p\u00e9dagogiques.<\/p>\n<p class=\" wall-content\">La question du maintien du campus d\u2019EuraTechnologies reste ouverte, mais une chose est s\u00fbre : \u00e0 l\u2019horizon 2028, l\u2019ISTC entend franchir un cap majeur de son histoire, en se dotant d\u2019un outil \u00e0 la hauteur de ses ambitions.<\/p>\n<p class=\" wall-content\">Personnalisez votre actualit\u00e9 en ajoutant vos villes et m\u00e9dias en favori avec <a href=\"https:\/\/moncompte.actu.fr\" title=\"D\u00e9couvez Mon Actu\" rel=\"nofollow noopener\" data-trk=\"{&quot;cta&quot;:{&quot;action&quot;:&quot;https:\\\/\\\/moncompte.actu.fr&quot;,&quot;category&quot;:&quot;mon compte&quot;,&quot;from&quot;:&quot;article footer&quot;,&quot;name&quot;:&quot;Mon actu&quot;,&quot;type&quot;:&quot;cta&quot;}}\" target=\"_blank\">Mon Actu<\/a>.<\/p>\n","protected":false},"excerpt":{"rendered":"Par Hervine Mahaud Publi\u00e9 le 14 d\u00e9c. 2025 \u00e0 6h06 L\u2019\u00e9cole ISTC, r\u00e9f\u00e9rence nationale en communication et management,&hellip;\n","protected":false},"author":2,"featured_media":598082,"comment_status":"","ping_status":"","sticky":false,"template":"","format":"standard","meta":{"footnotes":""},"categories":[2815],"tags":[1111,11,33,1057,1064,1777,674,1011,27,811,1307,12,25,21754],"class_list":{"0":"post-598081","1":"post","2":"type-post","3":"status-publish","4":"format-standard","5":"has-post-thumbnail","7":"category-lille","8":"tag-actu","9":"tag-actualites","10":"tag-economie","11":"tag-education","12":"tag-etudiantses","13":"tag-eu","14":"tag-europe","15":"tag-fr","16":"tag-france","17":"tag-hauts-de-france","18":"tag-lille","19":"tag-news","20":"tag-republique-francaise","21":"tag-universite-catholique-de-lille"},"share_on_mastodon":{"url":"https:\/\/pubeurope.com\/@fr\/115716275332508949","error":""},"_links":{"self":[{"href":"https:\/\/www.europesays.com\/fr\/wp-json\/wp\/v2\/posts\/598081","targetHints":{"allow":["GET"]}}],"collection":[{"href":"https:\/\/www.europesays.com\/fr\/wp-json\/wp\/v2\/posts"}],"about":[{"href":"https:\/\/www.europesays.com\/fr\/wp-json\/wp\/v2\/types\/post"}],"author":[{"embeddable":true,"href":"https:\/\/www.europesays.com\/fr\/wp-json\/wp\/v2\/users\/2"}],"replies":[{"embeddable":true,"href":"https:\/\/www.europesays.com\/fr\/wp-json\/wp\/v2\/comments?post=598081"}],"version-history":[{"count":0,"href":"https:\/\/www.europesays.com\/fr\/wp-json\/wp\/v2\/posts\/598081\/revisions"}],"wp:featuredmedia":[{"embeddable":true,"href":"https:\/\/www.europesays.com\/fr\/wp-json\/wp\/v2\/media\/598082"}],"wp:attachment":[{"href":"https:\/\/www.europesays.com\/fr\/wp-json\/wp\/v2\/media?parent=598081"}],"wp:term":[{"taxonomy":"category","embeddable":true,"href":"https:\/\/www.europesays.com\/fr\/wp-json\/wp\/v2\/categories?post=598081"},{"taxonomy":"post_tag","embeddable":true,"href":"https:\/\/www.europesays.com\/fr\/wp-json\/wp\/v2\/tags?post=598081"}],"curies":[{"name":"wp","href":"https:\/\/api.w.org\/{rel}","templated":true}]}}