{"id":598083,"date":"2025-12-14T05:30:29","date_gmt":"2025-12-14T05:30:29","guid":{"rendered":"https:\/\/www.europesays.com\/fr\/598083\/"},"modified":"2025-12-14T05:30:29","modified_gmt":"2025-12-14T05:30:29","slug":"linnovation-continue-au-chu-de-lille","status":"publish","type":"post","link":"https:\/\/www.europesays.com\/fr\/598083\/","title":{"rendered":"l&rsquo;innovation continue au CHU de Lille"},"content":{"rendered":"<p class=\"article__intro\">Un nouveau robot est arriv\u00e9 au CHU de Lille. Il est install\u00e9 au c\u0153ur du service de chirurgie gyn\u00e9cologique. D\u00e9j\u00e0 une centaine d&rsquo;op\u00e9rations depuis cet \u00e9t\u00e9.   <\/p>\n<p>\n      La Quotidienne Soci\u00e9t\u00e9\n    <\/p>\n<p>\n      De la vie quotidienne aux grands enjeux, recevez tous les jours les sujets qui font la soci\u00e9t\u00e9 locale, comme la justice, l\u2019\u00e9ducation, la sant\u00e9 et la famille.\n    <\/p>\n<p>    France T\u00e9l\u00e9visions utilise votre adresse e-mail afin de vous envoyer la newsletter \u00ab\u00a0La Quotidienne Soci\u00e9t\u00e9\u00a0\u00bb. Vous pouvez vous d\u00e9sinscrire \u00e0 tout moment via le lien en bas de cette newsletter. <a target=\"_blank\" href=\"https:\/\/www.francetelevisions.fr\/groupe\/confidentialite\/politique-de-confidentialite\/politique-de-confidentialite-de-france-televisions-6503\" rel=\"nofollow noopener\">Notre politique de confidentialit\u00e9<\/a><\/p>\n<p>Ils permettent des gestes plus pr\u00e9cis et une meilleure r\u00e9cup\u00e9ration des patients. Les robots ne sont plus une exception dans les h\u00f4pitaux de France. Chirurgie du rachis, du genou, de l\u2019oreille, chirurgie urologique, gyn\u00e9cologique, digestive, thoracique, endocrinienne, chirurgie bariatrique, visc\u00e9rale\u2026 Peu de sp\u00e9cialit\u00e9s sont exclues.<\/p>\n<p>Le CHU de Lille en a fait un outil essentiel de son d\u00e9veloppement. Depuis cet \u00e9t\u00e9, un 4e robot chirurgical polyvalent a \u00e9t\u00e9 install\u00e9. C&rsquo;est le 7e \u00e9quipement de chirurgie robotis\u00e9e du centre hospitalier universitaire. Cette fois, c&rsquo;est le service de chirurgie gyn\u00e9cologique de l&rsquo;h\u00f4pital Jeanne de Flandre qui en b\u00e9n\u00e9ficie. \u00ab\u00a0Il n&rsquo;y avait pas de robot \u00e0 Jeanne de Flandre\u00a0\u00bb, regrette le professeur Chryst\u00e8le Rubod, cheffe du service de chirurgie gyn\u00e9cologique. \u00ab\u00a0On avait une vacation une fois par semaine \u00e0 l&rsquo;h\u00f4pital Huriez. Le parcours du patient n&rsquo;\u00e9tait pas tr\u00e8s efficient\u00a0\u00bb. Autrement dit, les sept chirurgiens gyn\u00e9cologues n&rsquo;avaient que peu de marge de man\u0153uvre pour obtenir un cr\u00e9neau au bloc op\u00e9ratoire de l&rsquo;h\u00f4pital voisin, d\u00e9j\u00e0 \u00e9quip\u00e9 de robot.<\/p>\n<p><a data-article-figure=\"\" href=\"https:\/\/france3-regions.franceinfo.fr\/image\/TBbFI2U87P5-XE6m9xbn_ZN9--Q\/924x333\/regions\/2025\/12\/11\/chirurgien-693b049f6881f681722786.png\" data-pswp-width=\"924\" data-pswp-height=\"333\" target=\"_blank\" rel=\"nofollow noopener\"><\/p>\n<p>          <img width=\"600\" height=\"400\" class=\"article-image lazy\" data-src=\"https:\/\/www.europesays.com\/fr\/wp-content\/uploads\/2025\/12\/chirurgien-693b049f6881f681722786.png\" alt=\"Une \u00e9quipe de soignants tout sourire \u00e0 l'h\u00f4pital Jeanne de Flandre. \" fetchpriority=\"high\" as=\"image\"\/><\/p>\n<p>\n            Une \u00e9quipe de soignants tout sourire \u00e0 l&rsquo;h\u00f4pital Jeanne de Flandre.<br \/>\n                           \u2022<br \/>\n                                      \u00a9 CHU de Lille\n                      <\/p>\n<p><\/a><\/p>\n<p>Cons\u00e9quence\u00a0: seules deux \u00e0 trois patientes \u00e9taient prises en charge en chirurgie robotique chaque semaine. Il fallait donc faire des choix. \u00ab\u00a0Le traitement des cancers \u00e9tait \u00e9videmment prioritaire. Aujourd&rsquo;hui, on peut op\u00e9rer trois patientes par jour avec l&rsquo;aide de la chirurgie robotique. \u00c7a change tout\u00a0\u00bb, se r\u00e9jouit le professeur Rubod. Les patientes atteintes d&rsquo;endom\u00e9triose, de fibrome ou de prolapsus ont donc plus facilement acc\u00e8s \u00e0 cette technologie de pointe. Le service de chirurgie gyn\u00e9cologique prend 4\u00a0300 patientes en charge chaque ann\u00e9e. En seulement trois mois d&rsquo;installation du nouveau robot, 100 op\u00e9rations ont d\u00e9j\u00e0 \u00e9t\u00e9 possibles \u00e0 Jeanne de Flandre.<\/p>\n<p><a data-article-figure=\"\" href=\"https:\/\/france3-regions.franceinfo.fr\/image\/iF4QPGJkQxofZ5LNuCALy9cvVA8\/1920x1080\/regions\/2025\/12\/11\/huriez-2-693b04fa64c1c114371910.jpg\" data-pswp-width=\"1920\" data-pswp-height=\"1080\" target=\"_blank\" rel=\"nofollow noopener\"><\/p>\n<p>          <img width=\"600\" height=\"400\" class=\"article-image lazy\" data-src=\"https:\/\/www.europesays.com\/fr\/wp-content\/uploads\/2025\/12\/huriez-2-693b04fa64c1c114371910.jpg\" alt=\"Les op\u00e9rations se d\u00e9roulaient jusqu'alors dans le bloc de l'h\u00f4pital Huriez d\u00e9j\u00e0 \u00e9quip\u00e9 d'un robot. Il fallait donc partager le planning et faire des choix. \" fetchpriority=\"high\" as=\"image\"\/><\/p>\n<p>\n            Les op\u00e9rations se d\u00e9roulaient jusqu&rsquo;alors dans le bloc de l&rsquo;h\u00f4pital Huriez d\u00e9j\u00e0 \u00e9quip\u00e9 d&rsquo;un robot. Il fallait donc partager le planning et faire des choix.<br \/>\n                           \u2022<br \/>\n                                      \u00a9 France T\u00e9l\u00e9visions\n                      <\/p>\n<p><\/a><\/p>\n<p>L&rsquo;enjeu est grand pour un service d\u00e9j\u00e0 reconnu comme une r\u00e9f\u00e9rence fran\u00e7aise. Il est m\u00eame le premier service du pays dans la prise en charge de l&rsquo;endom\u00e9triose. \u00ab\u00a0D\u00e9sormais, le robot est accessible tous les jours pour nous. On peut m\u00eame accueillir la p\u00e9diatrie\u00a0\u00bb, poursuit le professeur Rubod. Les chirurgiens p\u00e9diatriques sont actuellement en formation sur le robot.<\/p>\n<\/p>\n<p>Le dispositif est un \u00e9norme b\u00e9n\u00e9fice pour le patient. Mini-invasif, il permet d&rsquo;\u00e9viter les laparotomies, c&rsquo;est-\u00e0-dire l&rsquo;incision de l&rsquo;abdomen. La technique permet d&rsquo;op\u00e9rer parfois en ambulatoire et facilite la convalescence du patient. \u00ab\u00a0On diminue les douleurs. On peut aller diss\u00e9quer dans des endroits beaucoup plus complexes, on pr\u00e9serve davantage les nerfs. Je peux descendre dans des espaces tr\u00e8s restreints\u00a0\u00bb, d\u00e9taille la cheffe de service. \u00ab\u00a0C&rsquo;est une technologie plus avanc\u00e9e, plus maniable, plus fine, moins encombrante\u00a0\u00bb.<\/p>\n<blockquote class=\"ftvi_content_quote\">\n<p class=\"ftvi_citation_quote\">Nous allons pouvoir former les jeunes \u00e0 la chirurgie robotique au sein de l&rsquo;h\u00f4pital, renforcer la recherche sur cette nouvelle technique. C&rsquo;est indispensable \u00e0 notre niveau universitaire. <\/p>\n<p>Chryst\u00e8le Rubod, cheffe de service de chirurgie gyn\u00e9cologique \u00e0 l&rsquo;h\u00f4pital Jeanne de Flandre<\/p><\/blockquote>\n<p>Ce nouvel \u00e9quipement permet aussi au CHU de Lille de poursuivre sa mission de recherche et de formation. \u00ab\u00a0Nous allons pouvoir former les jeunes \u00e0 la chirurgie robotique au sein de l&rsquo;h\u00f4pital, renforcer la recherche sur cette nouvelle technique. On peut faire \u00e9voluer nos pratiques. C&rsquo;est indispensable \u00e0 notre niveau universitaire\u00a0\u00bb.<\/p>\n<p><a data-article-figure=\"\" href=\"https:\/\/france3-regions.franceinfo.fr\/image\/q-5QWO0jM3aPyTHBEwogiuiOnd0\/1920x1080\/regions\/2025\/12\/11\/jeanne-de-flandre-693b0553ed196279002939.jpg\" data-pswp-width=\"1920\" data-pswp-height=\"1080\" target=\"_blank\" rel=\"nofollow noopener\"><\/p>\n<p>          <img width=\"600\" height=\"400\" class=\"article-image lazy\" data-src=\"https:\/\/www.europesays.com\/fr\/wp-content\/uploads\/2025\/12\/jeanne-de-flandre-693b0553ed196279002939.jpg\" alt=\"L'h\u00f4pital Jeanne de Flandre \u00e0 Lille.\" fetchpriority=\"high\" as=\"image\"\/><\/p>\n<p>\n            L&rsquo;h\u00f4pital Jeanne de Flandre \u00e0 Lille.<br \/>\n                           \u2022<br \/>\n                                      \u00a9 France T\u00e9l\u00e9visions\n                      <\/p>\n<p><\/a><\/p>\n<p>Dans un communiqu\u00e9 de presse, le CHU de Lille explique\u00a0: \u00ab\u00a0Le robot favorisera la conduite d\u2019\u00e9tudes cliniques sur les apports de la robotique en gyn\u00e9cologie, le d\u00e9veloppement de protocoles innovants pour les pathologies complexes, la formation des internes, chefs de clinique et chirurgiens gr\u00e2ce \u00e0 des outils de simulation et d\u2019analyse avanc\u00e9s, ainsi que l\u2019essor de collaborations scientifiques nationales et internationales\u00a0\u00bb.<\/p>\n","protected":false},"excerpt":{"rendered":"Un nouveau robot est arriv\u00e9 au CHU de Lille. Il est install\u00e9 au c\u0153ur du service de chirurgie&hellip;\n","protected":false},"author":2,"featured_media":598084,"comment_status":"","ping_status":"","sticky":false,"template":"","format":"standard","meta":{"footnotes":""},"categories":[2815],"tags":[1111,11,1777,674,1011,27,811,1307,12,25],"class_list":{"0":"post-598083","1":"post","2":"type-post","3":"status-publish","4":"format-standard","5":"has-post-thumbnail","7":"category-lille","8":"tag-actu","9":"tag-actualites","10":"tag-eu","11":"tag-europe","12":"tag-fr","13":"tag-france","14":"tag-hauts-de-france","15":"tag-lille","16":"tag-news","17":"tag-republique-francaise"},"share_on_mastodon":{"url":"","error":""},"_links":{"self":[{"href":"https:\/\/www.europesays.com\/fr\/wp-json\/wp\/v2\/posts\/598083","targetHints":{"allow":["GET"]}}],"collection":[{"href":"https:\/\/www.europesays.com\/fr\/wp-json\/wp\/v2\/posts"}],"about":[{"href":"https:\/\/www.europesays.com\/fr\/wp-json\/wp\/v2\/types\/post"}],"author":[{"embeddable":true,"href":"https:\/\/www.europesays.com\/fr\/wp-json\/wp\/v2\/users\/2"}],"replies":[{"embeddable":true,"href":"https:\/\/www.europesays.com\/fr\/wp-json\/wp\/v2\/comments?post=598083"}],"version-history":[{"count":0,"href":"https:\/\/www.europesays.com\/fr\/wp-json\/wp\/v2\/posts\/598083\/revisions"}],"wp:featuredmedia":[{"embeddable":true,"href":"https:\/\/www.europesays.com\/fr\/wp-json\/wp\/v2\/media\/598084"}],"wp:attachment":[{"href":"https:\/\/www.europesays.com\/fr\/wp-json\/wp\/v2\/media?parent=598083"}],"wp:term":[{"taxonomy":"category","embeddable":true,"href":"https:\/\/www.europesays.com\/fr\/wp-json\/wp\/v2\/categories?post=598083"},{"taxonomy":"post_tag","embeddable":true,"href":"https:\/\/www.europesays.com\/fr\/wp-json\/wp\/v2\/tags?post=598083"}],"curies":[{"name":"wp","href":"https:\/\/api.w.org\/{rel}","templated":true}]}}