{"id":598085,"date":"2025-12-14T05:32:13","date_gmt":"2025-12-14T05:32:13","guid":{"rendered":"https:\/\/www.europesays.com\/fr\/598085\/"},"modified":"2025-12-14T05:32:13","modified_gmt":"2025-12-14T05:32:13","slug":"robin-pretot-souhaite-creer-un-petit-frere-du-parc-borely-dans-le-secteur-de-boisgelin","status":"publish","type":"post","link":"https:\/\/www.europesays.com\/fr\/598085\/","title":{"rendered":"Robin Pr\u00e9tot souhaite cr\u00e9er un \u00ab\u00a0petit fr\u00e8re du parc Bor\u00e9ly\u00a0\u00bb dans le secteur de Boisgelin"},"content":{"rendered":"<p>Robin Pr\u00e9tot (DVD) continue de mener tambour battant sa campagne en vue des municipales de mars\u00a02026 \u00e0 Istres. Apr\u00e8s les <a href=\"https:\/\/www.laprovence.com\/article\/elections\/3887575711465514\/municipales-2026-a-istres-robin-pretot-a-repondu-aux-questions-de-la-population\" target=\"_blank\" rel=\"noopener\">questions-r\u00e9ponses<\/a> face aux habitants \u00e0 la Grange d\u2019<a href=\"https:\/\/www.laprovence.com\/article\/edition-martigues-istres\/6439235\/un-coin-de-paradis-dedie-aux-chevaux.html\" target=\"_blank\" rel=\"noopener\">Entressen<\/a> jeudi 11\u00a0d\u00e9cembre, il a donn\u00e9 rendez-vous \u00e0 ses soutiens et \u00e0 la population samedi 13\u00a0d\u00e9cembre au matin, au 51 chemin de la Manne. \u00c0 cette adresse, il n\u2019y a pas grand-chose \u00e0 voir, sauf deux panneaux informant d\u2019un permis d\u2019am\u00e9nager sur une surface de 91\u00a0861\u00a0m\u00b2, au b\u00e9n\u00e9fice de l\u2019\u00e9tablissement public d\u2019am\u00e9nagement et de d\u00e9veloppement (Epad) Ouest Provence.<\/p>\n<p>Car, en tirant \u00e0 grand trait, entre le chemin de la Manne, l\u2019all\u00e9e des Rolliers, le chemin de Bel-Air et celui des Tartugues se cache un vaste espace encore tr\u00e8s majoritairement non b\u00e2ti, v\u00e9ritable petit bocage nich\u00e9 dans le tissu de la ville. \u00ab\u00a0C\u2019est un secteur assez secret, Boisgelin, une grande poche de verdure menac\u00e9e d\u2019urbanisation intensive par un projet d\u2019am\u00e9nagement public\u00a0\u00bb, lance <a href=\"https:\/\/www.laprovence.com\/article\/elections\/3194945730243714\/municipales-2026-a-istres-robin-pretot-inaugure-une-permanence-citoyenne-pas-comme-les-autres\" target=\"_blank\" rel=\"noopener\">Robin Pr\u00e9tot<\/a>, rappelant que la construction d\u2019un Ehpad est en projet sur cette zone, \u00ab\u00a0et certainement de lotissement\u00a0\u00bb, car selon lui, \u00ab\u00a0quand on a 91\u00a0000\u00a0m\u00b2 de permis d\u2019am\u00e9nager, c\u2019est qu\u2019il y a une ambition d\u2019urbanisation massive\u00a0\u00bb.<\/p>\n<p>Le souhait d\u2019un \u00ab\u00a0retour de la nature e<\/p>\n","protected":false},"excerpt":{"rendered":"Robin Pr\u00e9tot (DVD) continue de mener tambour battant sa campagne en vue des municipales de mars\u00a02026 \u00e0 Istres.&hellip;\n","protected":false},"author":2,"featured_media":598086,"comment_status":"","ping_status":"","sticky":false,"template":"","format":"standard","meta":{"footnotes":""},"categories":[2814],"tags":[17,5734,1111,11,1812,5949,1777,674,1011,27,34592,884,3554,12,71071,882,25,6389,37624],"class_list":{"0":"post-598085","1":"post","2":"type-post","3":"status-publish","4":"format-standard","5":"has-post-thumbnail","7":"category-marseille","8":"tag-17","9":"tag-5734","10":"tag-actu","11":"tag-actualites","12":"tag-creer","13":"tag-elections","14":"tag-eu","15":"tag-europe","16":"tag-fr","17":"tag-france","18":"tag-istres","19":"tag-marseille","20":"tag-municipales","21":"tag-news","22":"tag-pretot","23":"tag-provence-alpes-cote-dazur","24":"tag-republique-francaise","25":"tag-robin","26":"tag-souhaite"},"share_on_mastodon":{"url":"https:\/\/pubeurope.com\/@fr\/115716289017573222","error":""},"_links":{"self":[{"href":"https:\/\/www.europesays.com\/fr\/wp-json\/wp\/v2\/posts\/598085","targetHints":{"allow":["GET"]}}],"collection":[{"href":"https:\/\/www.europesays.com\/fr\/wp-json\/wp\/v2\/posts"}],"about":[{"href":"https:\/\/www.europesays.com\/fr\/wp-json\/wp\/v2\/types\/post"}],"author":[{"embeddable":true,"href":"https:\/\/www.europesays.com\/fr\/wp-json\/wp\/v2\/users\/2"}],"replies":[{"embeddable":true,"href":"https:\/\/www.europesays.com\/fr\/wp-json\/wp\/v2\/comments?post=598085"}],"version-history":[{"count":0,"href":"https:\/\/www.europesays.com\/fr\/wp-json\/wp\/v2\/posts\/598085\/revisions"}],"wp:featuredmedia":[{"embeddable":true,"href":"https:\/\/www.europesays.com\/fr\/wp-json\/wp\/v2\/media\/598086"}],"wp:attachment":[{"href":"https:\/\/www.europesays.com\/fr\/wp-json\/wp\/v2\/media?parent=598085"}],"wp:term":[{"taxonomy":"category","embeddable":true,"href":"https:\/\/www.europesays.com\/fr\/wp-json\/wp\/v2\/categories?post=598085"},{"taxonomy":"post_tag","embeddable":true,"href":"https:\/\/www.europesays.com\/fr\/wp-json\/wp\/v2\/tags?post=598085"}],"curies":[{"name":"wp","href":"https:\/\/api.w.org\/{rel}","templated":true}]}}