{"id":598095,"date":"2025-12-14T05:38:18","date_gmt":"2025-12-14T05:38:18","guid":{"rendered":"https:\/\/www.europesays.com\/fr\/598095\/"},"modified":"2025-12-14T05:38:18","modified_gmt":"2025-12-14T05:38:18","slug":"previsions-du-dimanche-14-decembre-2025-8","status":"publish","type":"post","link":"https:\/\/www.europesays.com\/fr\/598095\/","title":{"rendered":"pr\u00e9visions du dimanche 14 d\u00e9cembre 2025"},"content":{"rendered":"<p>Paris va conna\u00eetre une belle journ\u00e9e tr\u00e8s ensoleill\u00e9e. Les temp\u00e9ratures avoisineront les 9\u00b0C. Les valeurs seront de 6\u00b0C au minimum et de 9\u00b0C au maximum la matin\u00e9e. Un petit vent de sud-est soufflera. L&rsquo;apr\u00e8s-midi, les temp\u00e9ratures seront comprises entre 8 et 11\u00b0C. Des \u00e9claircies appara\u00eetront dans la soir\u00e9e. Les maximales pourront atteindre 8\u00b0C et les minimales seront de 7\u00b0C. Le ciel sera d\u00e9pourvu de nuages dans la nuit de dimanche \u00e0 lundi.<\/p>\n<p>Demain, le mercure affichera 9\u00b0C en moyenne \u00e0 Paris. Un vent de sud rafra\u00eechira l\u00e9g\u00e8rement l&rsquo;atmosph\u00e8re. Le ciel va quelque peu se d\u00e9gager dans la matin\u00e9e avec des \u00e9claircies. Les valeurs afficheront entre 6 et 10\u00b0C. Le soleil sera dominant, la garantie d&rsquo;un magnifique apr\u00e8s-midi ! Les temp\u00e9ratures vont enregistrer une hausse de quelques degr\u00e9s. Les valeurs s&rsquo;\u00e9chelonneront entre 9\u00b0C et 12\u00b0C. La ville profitera de quelques \u00e9claircies demain soir. Les valeurs seront de 10\u00b0C.<\/p>\n<p>La m\u00e9t\u00e9o restera inchang\u00e9e les prochains jours. On anticipe des journ\u00e9es ensoleill\u00e9es, accompagn\u00e9es par des temp\u00e9ratures dans les 10\u00b0C en moyenne.<\/p>\n<p><\/p>\n","protected":false},"excerpt":{"rendered":"Paris va conna\u00eetre une belle journ\u00e9e tr\u00e8s ensoleill\u00e9e. Les temp\u00e9ratures avoisineront les 9\u00b0C. Les valeurs seront de 6\u00b0C&hellip;\n","protected":false},"author":2,"featured_media":598096,"comment_status":"","ping_status":"","sticky":false,"template":"","format":"standard","meta":{"footnotes":""},"categories":[1888],"tags":[1111,1928,11,1927,1777,674,1011,27,12,1926,626,1925,2119,25],"class_list":{"0":"post-598095","1":"post","2":"type-post","3":"status-publish","4":"format-standard","5":"has-post-thumbnail","7":"category-paris","8":"tag-actu","9":"tag-actu-paris","10":"tag-actualites","11":"tag-actualites-paris","12":"tag-eu","13":"tag-europe","14":"tag-fr","15":"tag-france","16":"tag-news","17":"tag-news-paris","18":"tag-paris","19":"tag-paris-news","20":"tag-previsions-meteo","21":"tag-republique-francaise"},"share_on_mastodon":{"url":"https:\/\/pubeurope.com\/@fr\/115716312552512422","error":""},"_links":{"self":[{"href":"https:\/\/www.europesays.com\/fr\/wp-json\/wp\/v2\/posts\/598095","targetHints":{"allow":["GET"]}}],"collection":[{"href":"https:\/\/www.europesays.com\/fr\/wp-json\/wp\/v2\/posts"}],"about":[{"href":"https:\/\/www.europesays.com\/fr\/wp-json\/wp\/v2\/types\/post"}],"author":[{"embeddable":true,"href":"https:\/\/www.europesays.com\/fr\/wp-json\/wp\/v2\/users\/2"}],"replies":[{"embeddable":true,"href":"https:\/\/www.europesays.com\/fr\/wp-json\/wp\/v2\/comments?post=598095"}],"version-history":[{"count":0,"href":"https:\/\/www.europesays.com\/fr\/wp-json\/wp\/v2\/posts\/598095\/revisions"}],"wp:featuredmedia":[{"embeddable":true,"href":"https:\/\/www.europesays.com\/fr\/wp-json\/wp\/v2\/media\/598096"}],"wp:attachment":[{"href":"https:\/\/www.europesays.com\/fr\/wp-json\/wp\/v2\/media?parent=598095"}],"wp:term":[{"taxonomy":"category","embeddable":true,"href":"https:\/\/www.europesays.com\/fr\/wp-json\/wp\/v2\/categories?post=598095"},{"taxonomy":"post_tag","embeddable":true,"href":"https:\/\/www.europesays.com\/fr\/wp-json\/wp\/v2\/tags?post=598095"}],"curies":[{"name":"wp","href":"https:\/\/api.w.org\/{rel}","templated":true}]}}