{"id":598103,"date":"2025-12-14T05:42:12","date_gmt":"2025-12-14T05:42:12","guid":{"rendered":"https:\/\/www.europesays.com\/fr\/598103\/"},"modified":"2025-12-14T05:42:12","modified_gmt":"2025-12-14T05:42:12","slug":"le-cout-du-service-de-la-dette-a-ete-multiplie-par-3","status":"publish","type":"post","link":"https:\/\/www.europesays.com\/fr\/598103\/","title":{"rendered":"le co\u00fbt du service de la dette a \u00e9t\u00e9 multipli\u00e9 par 3"},"content":{"rendered":"<dl class=\"post-meta-box flex flex-wrap items-top border-grey-lighter border-b post-meta relative z-20\">&#13;<br \/>\n                                    &#13;<br \/>\n                                    &#13;<br \/>\n                                    &#13;<\/p>\n<dt class=\"inline-block py-1 leading-5 w-1\/5 sm:1\/6 xl:w-3\/10 flex items-top font-sans text-3xs text-grey tracking-wider uppercase border-grey-lighter border-t\">&#13;<br \/>\n                                      Date                                    <\/dt>\n<p>&#13;<\/p>\n<dd class=\"inline-block w-4\/5 sm:5\/6 xl:w-7\/10 pl-1u lg:pl-0 flex-grow  py-1 font-sans text-xs leading-5 border-grey-lighter border-t\">&#13;<br \/>\n                                      14 d\u00e9cembre 2025&#13;\n                                    <\/dd>\n<p>&#13;\n                                  <\/dl>\n<p>  Ajouter<br \/>\n  Article ajout\u00e9<\/p>\n<p>  T\u00e9l\u00e9charger le PDF<br \/>\n  En cours<\/p>\n<dl class=\"post-meta-box flex flex-wrap items-top border-grey-lighter border-b post-meta relative z-20 mt-4\">&#13;<\/p>\n<dt class=\"partager inline-block py-1 leading-5 w-1\/5 sm:1\/6 xl:w-3\/10 flex items-top font-sans text-3xs text-grey tracking-wider uppercase border-grey-lighter border-t\">&#13;<br \/>\n                                      Partager                                    <\/dt>\n<p>&#13;<\/p>\n<dd class=\"partager inline-block w-4\/5 sm:5\/6 xl:w-7\/10 pl-1u lg:pl-0 flex-grow  py-1 font-sans text-xs leading-5 border-grey-lighter border-t\">&#13;<br \/>\n                                      <a target=\"_blank\" data-social=\"twitter\" class=\"text-red no-underline inline-block w-4 h-4 mr-2\" href=\"https:\/\/twitter.com\/intent\/tweet\/?text=%C3%89conomie+russe%C2%A0%3A+le+co%C3%BBt+du+service+de+la+dette+a+%C3%A9t%C3%A9+multipli%C3%A9+par+trois+depuis+le+d%C3%A9but+de+la+guerre&amp;url=https%3A%2F%2Flegrandcontinent.eu%2Ffr%2F2025%2F12%2F14%2Feconomie-russe-le-cout-du-service-de-la-dette-a-ete-multiplie-par-trois-depuis-le-debut-de-la-guerre%2F\" rel=\"noopener\">&#13;<br \/>\n                                          &#13;<br \/>\n                                        <\/a>&#13;<br \/>\n                                      <a target=\"_blank\" data-social=\"facebook\" class=\"text-red no-underline inline-block w-4 h-4 mr-2\" href=\"https:\/\/facebook.com\/sharer\/sharer.php?u=https%3A%2F%2Flegrandcontinent.eu%2Ffr%2F2025%2F12%2F14%2Feconomie-russe-le-cout-du-service-de-la-dette-a-ete-multiplie-par-trois-depuis-le-debut-de-la-guerre%2F\" rel=\"noopener\">&#13;<br \/>\n                                          &#13;<br \/>\n                                        <\/a>&#13;<br \/>\n                                      <a target=\"_blank\" data-social=\"linkedin\" class=\"text-red no-underline inline-block w-4 h-4 mr-2\" href=\"https:\/\/www.linkedin.com\/shareArticle?title=%C3%89conomie+russe%26%23160%3B%3A+le+co%C3%BBt+du+service+de+la+dette+a+%C3%A9t%C3%A9+multipli%C3%A9+par+trois+depuis+le+d%C3%A9but+de+la+guerre&amp;url=https%3A%2F%2Flegrandcontinent.eu%2Ffr%2F2025%2F12%2F14%2Feconomie-russe-le-cout-du-service-de-la-dette-a-ete-multiplie-par-trois-depuis-le-debut-de-la-guerre%2F\" rel=\"noopener\">&#13;<br \/>\n                                          &#13;<br \/>\n                                        <\/a>&#13;<br \/>\n&#13;<br \/>\n&#13;\n                                    <\/dd>\n<p>&#13;<br \/>\n                                    &#13;\n                                  <\/dl>\n<p>La dette publique russe est, lorsqu\u2019on la rapporte au PIB, relativement faible. Celle-ci devrait s\u2019\u00e9lever \u00e0 38 500 milliards de roubles cette ann\u00e9e, selon les derni\u00e8res estimations du minist\u00e8re des Finances, ce qui repr\u00e9sente 17,7\u00a0% du PIB du pays\u00a0.\u00a0<\/p>\n<p>Toutefois, l\u2019augmentation massive des emprunts contract\u00e9s pour financer la guerre contre l\u2019Ukraine a conduit \u00e0 une explosion des int\u00e9r\u00eats.<\/p>\n<ul class=\"wp-block-list\">\n<li>Le co\u00fbt du service de la dette est rest\u00e9 relativement stable sur la p\u00e9riode 2015-2020, entre 500 et 800 milliards de roubles par an (soit 5,4 \u00e0 8,6 milliards d\u2019euros).<\/li>\n<li>Celui-ci a toutefois consid\u00e9rablement acc\u00e9l\u00e9r\u00e9 depuis 2021, passant de 1 000 milliards de roubles environ (11 milliards d\u2019euros) \u00e0 2 300 milliards l\u2019an dernier (25 milliards d\u2019euros).<\/li>\n<li>Le minist\u00e8re des Finances estime que ce montant devrait continuer \u00e0 augmenter au moins jusqu\u2019en 2028, lorsqu\u2019il devrait atteindre 4 500 milliards de roubles (48 milliards d\u2019euros).<\/li>\n<\/ul>\n<p>L\u2019an prochain, quatre ans apr\u00e8s le lancement de l\u2019invasion \u00e0 grande \u00e9chelle de l\u2019Ukraine, la Russie consacrera ainsi 8,8\u00a0% de son budget au paiement des int\u00e9r\u00eats sur sa dette, soit deux fois plus qu\u2019en 2021 (4,4\u00a0%). Le montant total du service de la dette (3 900 milliards de roubles, soit 42 milliards d\u2019euros) surpassera ainsi les d\u00e9penses en mati\u00e8re de sant\u00e9 et d\u2019\u00e9ducation, qui repr\u00e9senteront 3 600 milliards de roubles environ (38,5 milliards d\u2019euros).<\/p>\n<ul class=\"wp-block-list\">\n<li>Les co\u00fbts li\u00e9s au service de la dette russe ont consid\u00e9rablement augment\u00e9 ces derni\u00e8res ann\u00e9es en raison de la hausse des taux d\u2019int\u00e9r\u00eat de la Banque centrale, qui se situent actuellement \u00e0 16,5\u00a0% \u2014 contre 4\u00a0% en f\u00e9vrier 2021.<\/li>\n<li>Ces co\u00fbts sont \u00e9galement alourdis par le volume de la dette russe, qui devrait augmenter d\u2019environ 5 000 milliards de roubles (53,5 milliards d\u2019euros) chaque ann\u00e9e au moins jusqu\u2019en 2028.<\/li>\n<li>Ainsi, si le poids de la dette par rapport au PIB russe est inf\u00e9rieur \u00e0 la plupart des pays europ\u00e9ens, la Russie a consacr\u00e9 cette ann\u00e9e la m\u00eame part de son budget au paiement des int\u00e9r\u00eats que le Royaume-Uni \u2014 dont la dette repr\u00e9sente plus de 90\u00a0% du PIB\u00a0.<\/li>\n<\/ul>\n<p>L\u2019augmentation des d\u00e9penses engag\u00e9es par le Kremlin depuis 2022 pour financer sa guerre contre l\u2019Ukraine exerce une pression consid\u00e9rable sur les finances du pays. Selon l\u2019\u00e9conomiste su\u00e9dois Martin Kragh, la forte hausse de la dette russe et du co\u00fbt de son service est \u00e9galement un indicateur de l\u2019efficacit\u00e9 des sanctions et des embargos impos\u00e9s par l\u2019Union sur les exportations d\u2019hydrocarbures\u00a0.<\/p>\n<p>                            <script async src=\"https:\/\/platform.twitter.com\/widgets.js\" charset=\"utf-8\"><\/script><\/p>\n","protected":false},"excerpt":{"rendered":"&#13; &#13; &#13; &#13; &#13; Date &#13; &#13; 14 d\u00e9cembre 2025&#13; &#13; Ajouter Article ajout\u00e9 T\u00e9l\u00e9charger le PDF&hellip;\n","protected":false},"author":2,"featured_media":598104,"comment_status":"","ping_status":"","sticky":false,"template":"","format":"standard","meta":{"footnotes":""},"categories":[1591],"tags":[11,1887,12,1885,1886,132],"class_list":{"0":"post-598103","1":"post","2":"type-post","3":"status-publish","4":"format-standard","5":"has-post-thumbnail","7":"category-russie","8":"tag-actualites","9":"tag-federation-de-russie","10":"tag-news","11":"tag-russia","12":"tag-russian-federation","13":"tag-russie"},"share_on_mastodon":{"url":"https:\/\/pubeurope.com\/@fr\/115716328229956983","error":""},"_links":{"self":[{"href":"https:\/\/www.europesays.com\/fr\/wp-json\/wp\/v2\/posts\/598103","targetHints":{"allow":["GET"]}}],"collection":[{"href":"https:\/\/www.europesays.com\/fr\/wp-json\/wp\/v2\/posts"}],"about":[{"href":"https:\/\/www.europesays.com\/fr\/wp-json\/wp\/v2\/types\/post"}],"author":[{"embeddable":true,"href":"https:\/\/www.europesays.com\/fr\/wp-json\/wp\/v2\/users\/2"}],"replies":[{"embeddable":true,"href":"https:\/\/www.europesays.com\/fr\/wp-json\/wp\/v2\/comments?post=598103"}],"version-history":[{"count":0,"href":"https:\/\/www.europesays.com\/fr\/wp-json\/wp\/v2\/posts\/598103\/revisions"}],"wp:featuredmedia":[{"embeddable":true,"href":"https:\/\/www.europesays.com\/fr\/wp-json\/wp\/v2\/media\/598104"}],"wp:attachment":[{"href":"https:\/\/www.europesays.com\/fr\/wp-json\/wp\/v2\/media?parent=598103"}],"wp:term":[{"taxonomy":"category","embeddable":true,"href":"https:\/\/www.europesays.com\/fr\/wp-json\/wp\/v2\/categories?post=598103"},{"taxonomy":"post_tag","embeddable":true,"href":"https:\/\/www.europesays.com\/fr\/wp-json\/wp\/v2\/tags?post=598103"}],"curies":[{"name":"wp","href":"https:\/\/api.w.org\/{rel}","templated":true}]}}