{"id":598105,"date":"2025-12-14T05:43:14","date_gmt":"2025-12-14T05:43:14","guid":{"rendered":"https:\/\/www.europesays.com\/fr\/598105\/"},"modified":"2025-12-14T05:43:14","modified_gmt":"2025-12-14T05:43:14","slug":"ukraine-coupures-delectricite-massives-a-odessa-apres-une-attaque-russe","status":"publish","type":"post","link":"https:\/\/www.europesays.com\/fr\/598105\/","title":{"rendered":"Ukraine-Coupures d&rsquo;\u00e9lectricit\u00e9 massives \u00e0 Odessa apr\u00e8s une attaque russe"},"content":{"rendered":"<p class=\"upper-letter\">KYIV, 13 d\u00e9cembre (Reuters) &#8211; La ville portuaire d&rsquo;Odessa, sur la mer Noire, ainsi que sa r\u00e9gion, ont subi d&rsquo;importantes coupures d&rsquo;\u00e9lectricit\u00e9 samedi \u00e0 la suite d&rsquo;une attaque russe de grande ampleur men\u00e9e dans la nuit contre le r\u00e9seau \u00e9lectrique de l&rsquo;Ukraine.<\/p>\n<p>Le pr\u00e9sident Volodimir Zelensky a d\u00e9clar\u00e9 que Moscou avait attaqu\u00e9 l&rsquo;Ukraine avec plus de 450 drones et 30 missiles.<\/p>\n<p>\u00ab\u00a0Le gros de l&rsquo;attaque a port\u00e9 sur notre syst\u00e8me \u00e9nerg\u00e9tique, dans le sud et la r\u00e9gion d&rsquo;Odessa\u00a0\u00bb, a-t-il \u00e9crit sur Telegram, ajoutant que des milliers de familles dans sept r\u00e9gions d&rsquo;Ukraine \u00e9taient priv\u00e9es d&rsquo;\u00e9lectricit\u00e9.<\/p>\n<p>La Premi\u00e8re ministre ukrainienne Ioula Svyrydenko a d\u00e9clar\u00e9 qu&rsquo;il s&rsquo;agissait de l&rsquo;une des plus importantes attaques men\u00e9es contre Odessa depuis le d\u00e9but de la guerre, la ville \u00e9tant priv\u00e9e d&rsquo;\u00e9lectricit\u00e9 et d&rsquo;eau. Elle a ajout\u00e9 que des r\u00e9serves d&rsquo;eau non potable \u00e9taient achemin\u00e9es vers certains quartiers.<\/p>\n<p>Selon le ministre ukrainien de l&rsquo;Int\u00e9rieur, Ihor Klymenko, plus d&rsquo;un million de foyers \u00e0 travers l&rsquo;Ukraine ont \u00e9t\u00e9 priv\u00e9s d&rsquo;\u00e9lectricit\u00e9 et cinq personnes ont \u00e9t\u00e9 bless\u00e9es \u00e0 la suite de l&rsquo;attaque.<\/p>\n<p>L&rsquo;op\u00e9rateur du r\u00e9seau \u00e9lectrique ukrainien a d\u00e9clar\u00e9 qu&rsquo;un \u00ab\u00a0nombre important\u00a0\u00bb de foyers \u00e9taient priv\u00e9s d&rsquo;\u00e9lectricit\u00e9 dans les r\u00e9gions m\u00e9ridionales d&rsquo;Odessa et de Mykola\u00efv, tandis que la partie ukrainienne de la r\u00e9gion de Kherson, situ\u00e9e sur la ligne de front, subissait une coupure int\u00e9grale.<\/p>\n<p>La Russie bombarde r\u00e9guli\u00e8rement le syst\u00e8me \u00e9nerg\u00e9tique de l&rsquo;Ukraine depuis l&rsquo;invasion du pays qu&rsquo;elle d\u00e9clench\u00e9 en 2022, provoquant de longues pannes quotidiennes.<\/p>\n<p>Le minist\u00e8re russe de la D\u00e9fense a d\u00e9clar\u00e9 samedi avoir men\u00e9 des frappes contre des installations \u00e9nerg\u00e9tiques et militaro-industrielles ukrainiennes.<\/p>\n<p>Par ailleurs, en Russie, deux personnes ont \u00e9t\u00e9 tu\u00e9es dans la nuit lors d&rsquo;une attaque de drone ukrainien contre la ville de Saratov, a d\u00e9clar\u00e9 samedi le gouverneur de la r\u00e9gion, Roman Busargin.<\/p>\n<p>Dans une d\u00e9claration sur Telegram, il a ajout\u00e9 que cette attaque contre un immeuble d&rsquo;habitation avait aussi fait plusieurs bless\u00e9s.<\/p>\n<p>Le minist\u00e8re russe de la D\u00e9fense a d\u00e9clar\u00e9 avoir abattu 41 drones au cours de la nuit, parmi lesquels 28 au-dessus de la r\u00e9gion de Saratov, dont la raffinerie de p\u00e9trole et une importante base a\u00e9rienne situ\u00e9e \u00e0 proximit\u00e9 sont r\u00e9guli\u00e8rement cibl\u00e9es par Kyiv.<\/p>\n<p> (R\u00e9dig\u00e9 par Max Hunder \u00e0 Kyiv et Felix Light \u00e0 Moscou, version fran\u00e7aise Benjamin Mallet)<\/p>\n","protected":false},"excerpt":{"rendered":"KYIV, 13 d\u00e9cembre (Reuters) &#8211; La ville portuaire d&rsquo;Odessa, sur la mer Noire, ainsi que sa r\u00e9gion, ont&hellip;\n","protected":false},"author":2,"featured_media":598106,"comment_status":"","ping_status":"","sticky":false,"template":"","format":"standard","meta":{"footnotes":""},"categories":[1590],"tags":[11,1777,674,12,220],"class_list":{"0":"post-598105","1":"post","2":"type-post","3":"status-publish","4":"format-standard","5":"has-post-thumbnail","7":"category-ukraine","8":"tag-actualites","9":"tag-eu","10":"tag-europe","11":"tag-news","12":"tag-ukraine"},"share_on_mastodon":{"url":"https:\/\/pubeurope.com\/@fr\/115716332210890623","error":""},"_links":{"self":[{"href":"https:\/\/www.europesays.com\/fr\/wp-json\/wp\/v2\/posts\/598105","targetHints":{"allow":["GET"]}}],"collection":[{"href":"https:\/\/www.europesays.com\/fr\/wp-json\/wp\/v2\/posts"}],"about":[{"href":"https:\/\/www.europesays.com\/fr\/wp-json\/wp\/v2\/types\/post"}],"author":[{"embeddable":true,"href":"https:\/\/www.europesays.com\/fr\/wp-json\/wp\/v2\/users\/2"}],"replies":[{"embeddable":true,"href":"https:\/\/www.europesays.com\/fr\/wp-json\/wp\/v2\/comments?post=598105"}],"version-history":[{"count":0,"href":"https:\/\/www.europesays.com\/fr\/wp-json\/wp\/v2\/posts\/598105\/revisions"}],"wp:featuredmedia":[{"embeddable":true,"href":"https:\/\/www.europesays.com\/fr\/wp-json\/wp\/v2\/media\/598106"}],"wp:attachment":[{"href":"https:\/\/www.europesays.com\/fr\/wp-json\/wp\/v2\/media?parent=598105"}],"wp:term":[{"taxonomy":"category","embeddable":true,"href":"https:\/\/www.europesays.com\/fr\/wp-json\/wp\/v2\/categories?post=598105"},{"taxonomy":"post_tag","embeddable":true,"href":"https:\/\/www.europesays.com\/fr\/wp-json\/wp\/v2\/tags?post=598105"}],"curies":[{"name":"wp","href":"https:\/\/api.w.org\/{rel}","templated":true}]}}