{"id":598107,"date":"2025-12-14T05:44:16","date_gmt":"2025-12-14T05:44:16","guid":{"rendered":"https:\/\/www.europesays.com\/fr\/598107\/"},"modified":"2025-12-14T05:44:16","modified_gmt":"2025-12-14T05:44:16","slug":"une-fusillade-eclate-a-luniversite-de-brown-le-tireur-toujours-en-cavale-les-etudiants-confines","status":"publish","type":"post","link":"https:\/\/www.europesays.com\/fr\/598107\/","title":{"rendered":"une fusillade \u00e9clate \u00e0 l\u2019universit\u00e9 de Brown, le tireur toujours en cavale, les \u00e9tudiants confin\u00e9s"},"content":{"rendered":"<p class=\"fig-paragraph\">Une fusillade a \u00e9clat\u00e9 samedi vers 16 heures (22 heures GTM) sur le campus de Brown, dans la ville de Providence, proche de Boston, a annonc\u00e9 l\u2019universit\u00e9, qui compte parmi les huit plus prestigieuses de la c\u00f4te est des \u00c9tats-Unis (Ivy League).<\/p>\n<p class=\"fig-paragraph\">Deux \u00e9tudiants sont morts et neuf bless\u00e9s en \u00e9tat critique ont \u00e9t\u00e9 recens\u00e9s. Selon Frank Doyle, un responsable de l\u2019universit\u00e9, les tirs ont eu lieu dans le b\u00e2timent d\u2019ing\u00e9nierie et de physique, o\u00f9 des examens \u00e9taient en cours. Plus de 400 membres des forces de l\u2019ordre ont \u00e9t\u00e9 d\u00e9ploy\u00e9s.<\/p>\n<p class=\"fig-paragraph\">\u00c0 23H00 (05H00 GMT dimanche), l\u2019ordre de rester confin\u00e9 restait en vigueur pour la zone autour de l\u2019universit\u00e9. Les personnes se trouvant dans les b\u00e2timents \u00e0 l\u2019int\u00e9rieur du p\u00e9rim\u00e8tre d\u00e9limit\u00e9 par les autorit\u00e9s \u00abdoivent y rester confin\u00e9es (&#8230;) jusqu\u2019\u00e0 l\u2019arriv\u00e9e des forces de l\u2019ordre\u00bb, a indiqu\u00e9 l\u2019universit\u00e9 sur\u00a0<a href=\"https:\/\/www.brown.edu\/\" target=\"_blank\" rel=\"sponsored noopener\" data-gtm-custom-categorie=\"navigation\" data-gtm-custom-action=\"crossclick\" data-gtm-custom-label=\"Contextuel\" data-gtm-event=\"customEventSPE\">son site<\/a>. \u00abLa police p\u00e9n\u00e9trera dans tous les b\u00e2timents administratifs (non r\u00e9sidentiels)\u00bb.<\/p>\n","protected":false},"excerpt":{"rendered":"Une fusillade a \u00e9clat\u00e9 samedi vers 16 heures (22 heures GTM) sur le campus de Brown, dans la&hellip;\n","protected":false},"author":2,"featured_media":598108,"comment_status":"","ping_status":"","sticky":false,"template":"","format":"standard","meta":{"footnotes":""},"categories":[1589],"tags":[259,11,260,73,1866,3832,14,261,12,262,1864,1865,1863,308],"class_list":{"0":"post-598107","1":"post","2":"type-post","3":"status-publish","4":"format-standard","5":"has-post-thumbnail","7":"category-etats-unis","8":"tag-actualite-internationale","9":"tag-actualites","10":"tag-affaires-etrangeres","11":"tag-etats-unis","12":"tag-etats-unis-damerique","13":"tag-fusillade","14":"tag-international","15":"tag-ministere-des-affaires-etrangeres","16":"tag-news","17":"tag-politique-etrangere","18":"tag-united-states","19":"tag-united-states-of-america","20":"tag-us","21":"tag-usa"},"share_on_mastodon":{"url":"https:\/\/pubeurope.com\/@fr\/115716336603474130","error":""},"_links":{"self":[{"href":"https:\/\/www.europesays.com\/fr\/wp-json\/wp\/v2\/posts\/598107","targetHints":{"allow":["GET"]}}],"collection":[{"href":"https:\/\/www.europesays.com\/fr\/wp-json\/wp\/v2\/posts"}],"about":[{"href":"https:\/\/www.europesays.com\/fr\/wp-json\/wp\/v2\/types\/post"}],"author":[{"embeddable":true,"href":"https:\/\/www.europesays.com\/fr\/wp-json\/wp\/v2\/users\/2"}],"replies":[{"embeddable":true,"href":"https:\/\/www.europesays.com\/fr\/wp-json\/wp\/v2\/comments?post=598107"}],"version-history":[{"count":0,"href":"https:\/\/www.europesays.com\/fr\/wp-json\/wp\/v2\/posts\/598107\/revisions"}],"wp:featuredmedia":[{"embeddable":true,"href":"https:\/\/www.europesays.com\/fr\/wp-json\/wp\/v2\/media\/598108"}],"wp:attachment":[{"href":"https:\/\/www.europesays.com\/fr\/wp-json\/wp\/v2\/media?parent=598107"}],"wp:term":[{"taxonomy":"category","embeddable":true,"href":"https:\/\/www.europesays.com\/fr\/wp-json\/wp\/v2\/categories?post=598107"},{"taxonomy":"post_tag","embeddable":true,"href":"https:\/\/www.europesays.com\/fr\/wp-json\/wp\/v2\/tags?post=598107"}],"curies":[{"name":"wp","href":"https:\/\/api.w.org\/{rel}","templated":true}]}}