{"id":598111,"date":"2025-12-14T05:46:15","date_gmt":"2025-12-14T05:46:15","guid":{"rendered":"https:\/\/www.europesays.com\/fr\/598111\/"},"modified":"2025-12-14T05:46:15","modified_gmt":"2025-12-14T05:46:15","slug":"un-projet-dattentat-visant-un-marche-de-noel-dejoue-cinq-hommes-interpelles","status":"publish","type":"post","link":"https:\/\/www.europesays.com\/fr\/598111\/","title":{"rendered":"un projet d&rsquo;attentat visant un march\u00e9 de No\u00ebl d\u00e9jou\u00e9, cinq hommes interpell\u00e9s"},"content":{"rendered":"<p class=\"article-p mdl\">Les autorit\u00e9s allemandes ont annonc\u00e9 samedi 13 d\u00e9cembre au soir avoir arr\u00eat\u00e9 cinq hommes soup\u00e7onn\u00e9s de pr\u00e9parer un attentat \u00e0 la voiture-b\u00e9lier d&rsquo;inspiration islamiste visant un des milliers\u00a0<a class=\"link\" href=\"https:\/\/www.rtl.fr\/actu\/politique\/la-cible-d-actions-violentes-ou-revendicatives-face-a-la-menace-terroriste-laurent-nu-ez-demande-aux-prefets-de-renforcer-la-securite-des-marches-de-noel-7900573941\" title=\"&quot;La cible d&#039;actions violentes ou revendicatives&quot; : face \u00e0 la menace terroriste, Laurent Nu\u00f1ez demande aux pr\u00e9fets de renforcer la s\u00e9curit\u00e9 des march\u00e9s de No\u00ebl\" target=\"_blank\" rel=\"noopener\">march\u00e9s de No\u00ebl<\/a>\u00a0du pays, qui se tiennent sous haute s\u00e9curit\u00e9 apr\u00e8s plusieurs attaques ces derni\u00e8res ann\u00e9es.\u00a0<\/p>\n<p class=\"article-p mdl\">Un an apr\u00e8s le choc suscit\u00e9 par l&rsquo;attentat meurtrier au\u00a0<a class=\"link\" href=\"https:\/\/www.rtl.fr\/actu\/international\/attaque-sur-un-marche-de-noel-a-magdebourg-des-habitants-divises-apres-le-drame-7900454315\" title=\"Attaque sur un march\u00e9 de No\u00ebl \u00e0 Magdebourg : des habitants divis\u00e9s apr\u00e8s le drame\" target=\"_blank\" rel=\"noopener\">march\u00e9 de Magdebourg<\/a>\u00a0et dans une\u00a0<a class=\"link\" href=\"https:\/\/www.rtl.fr\/actu\/international\/la-russie-a-tente-d-influencer-et-de-destabiliser-l-allemagne-accuse-moscou-d-ingerence-electorale-et-d-une-cyberattaque-contre-la-securite-aerienne-7900577135\" title=\"&quot;La Russie a tent\u00e9 d&#039;influencer et de d\u00e9stabiliser&quot; : l&#039;Allemagne accuse Moscou d&#039;ing\u00e9rence \u00e9lectorale et d&#039;une cyberattaque contre la s\u00e9curit\u00e9 a\u00e9rienne\" target=\"_blank\" rel=\"noopener\">Allemagne<\/a>\u00a0\u00e0 cran sur les questions d&rsquo;immigration, un Egyptien, trois Marocains et un Syrien ont \u00e9t\u00e9 interpell\u00e9 vendredi pour ce projet cens\u00e9 \u00eatre mis en \u0153uvre en <strong>Bavi\u00e8re <\/strong>(sud), ont pr\u00e9cis\u00e9 la police et le parquet dans un communiqu\u00e9. Les enqu\u00eateurs ont pr\u00e9cis\u00e9 soup\u00e7onner \u00ab\u00a0une motivation islamiste\u00a0\u00bb pour ce projet.\u00a0\u00a0<\/p>\n<p class=\"article-p mdl\">L&rsquo;\u00c9gyptien, \u00e2g\u00e9 de 56 ans, est imam dans une mosqu\u00e9e dans les environs de la ville de Dingolfing-Landau, pr\u00e8s de Munich, selon le tablo\u00efd Bild.\u00a0 Selon les autorit\u00e9s, il est soup\u00e7onn\u00e9 d&rsquo;avoir appel\u00e9 \u00e0 <strong>viser un march\u00e9 <\/strong>en \u00ab\u00a0utilisant un v\u00e9hicule pour tuer ou blesser autant de personnes que possible\u00a0\u00bb, selon cette source.\u00a0<\/p>\n<p class=\"article-p mdl\">Les Marocains, \u00e2g\u00e9s de 22, 28 et 30 ans, auraient accept\u00e9 de perp\u00e9trer l&rsquo;attentat tandis que le Syrien, \u00e2g\u00e9 de 37 ans, les aurait encourag\u00e9s. Tous les suspects ont \u00e9t\u00e9 pr\u00e9sent\u00e9s \u00e0 un juge samedi et <strong>plac\u00e9s en d\u00e9tention<\/strong>.\u00a0<\/p>\n<p>            Six morts en 2024 \u00e0 Magdebourg<\/p>\n<p class=\"article-p mdl\">Cit\u00e9 par Bild, le ministre de l&rsquo;Int\u00e9rieur de la Bavi\u00e8re, Joachim Herrmann, a soulign\u00e9 \u00ab\u00a0<strong>l&rsquo;excellente coop\u00e9ration entre les services de s\u00e9curit\u00e9<\/strong>\u00a0\u00bb qui a permis d&#8217;emp\u00eacher la tenue d&rsquo;une \u00ab\u00a0attaque potentiellement motiv\u00e9e par l&rsquo;islamisme\u00a0\u00bb. Les autorit\u00e9s n&rsquo;ont pas pr\u00e9cis\u00e9 o\u00f9 les suspects avaient \u00e9t\u00e9 arr\u00eat\u00e9s, ni o\u00f9 et quand l&rsquo;attentat devait avoir lieu.\u00a0<br \/>\u00a0 \u00a0 \u00a0 \u00a0 \u00a0 \u00a0 \u00a0 \u00a0 \u00a0 \u00a0 \u00a0 \u00a0 \u00a0 \u00a0 \u00a0 \u00a0 \u00a0 \u00a0 \u00a0\u00a0<br \/>Les march\u00e9s traditionnels typiques de l&rsquo;Allemagne qui attirent les foules en fin d&rsquo;ann\u00e9e ne cessent de se barricader depuis un attentat islamiste \u00e0 Berlin qui avait fait <strong>13 morts en 2016<\/strong>. L&rsquo;an dernier, un attentat \u00e0 la voiture-b\u00e9lier avait fait <strong>six morts et plus de 300 bless\u00e9s<\/strong> au march\u00e9 de No\u00ebl \u00e0\u00a0<a class=\"link\" href=\"https:\/\/www.rtl.fr\/actu\/international\/noel-2024-le-marche-des-jouets-de-seconde-main-explose-en-france-7900453997\" title=\"Attaque sur un march\u00e9 de No\u00ebl \u00e0 Magdebourg : apr\u00e8s le choc, la tristesse et la col\u00e8re gagnent les habitants\" target=\"_blank\" rel=\"noopener\">Magdebourg<\/a>, capitale r\u00e9gionale de l&rsquo;est.\u00a0<\/p>\n<p>    La r\u00e9daction vous recommande<\/p>\n<p class=\"s-newsletter__title\">\n                L\u2019actualit\u00e9 par la r\u00e9daction de RTL dans votre bo\u00eete mail.\n            <\/p>\n<p class=\"s-newsletter__subtitle\">\n                Gr\u00e2ce \u00e0 votre compte RTL abonnez-vous \u00e0 la newsletter RTL info pour suivre toute l&rsquo;actualit\u00e9 au quotidien\n            <\/p>\n<p>\n                                    Lire la suite\n                                <\/p>\n","protected":false},"excerpt":{"rendered":"Les autorit\u00e9s allemandes ont annonc\u00e9 samedi 13 d\u00e9cembre au soir avoir arr\u00eat\u00e9 cinq hommes soup\u00e7onn\u00e9s de pr\u00e9parer un&hellip;\n","protected":false},"author":2,"featured_media":598112,"comment_status":"","ping_status":"","sticky":false,"template":"","format":"standard","meta":{"footnotes":""},"categories":[1587],"tags":[11,672,5581,1804,1805,1803,1777,674,107,1801,14,12,15830,1802],"class_list":{"0":"post-598111","1":"post","2":"type-post","3":"status-publish","4":"format-standard","5":"has-post-thumbnail","7":"category-allemagne","8":"tag-actualites","9":"tag-allemagne","10":"tag-attentat","11":"tag-bundesrepublik-deutschland","12":"tag-de","13":"tag-deutschland","14":"tag-eu","15":"tag-europe","16":"tag-fil-info","17":"tag-germany","18":"tag-international","19":"tag-news","20":"tag-noel","21":"tag-republique-federale-dallemagne"},"share_on_mastodon":{"url":"https:\/\/pubeurope.com\/@fr\/115716343999296831","error":""},"_links":{"self":[{"href":"https:\/\/www.europesays.com\/fr\/wp-json\/wp\/v2\/posts\/598111","targetHints":{"allow":["GET"]}}],"collection":[{"href":"https:\/\/www.europesays.com\/fr\/wp-json\/wp\/v2\/posts"}],"about":[{"href":"https:\/\/www.europesays.com\/fr\/wp-json\/wp\/v2\/types\/post"}],"author":[{"embeddable":true,"href":"https:\/\/www.europesays.com\/fr\/wp-json\/wp\/v2\/users\/2"}],"replies":[{"embeddable":true,"href":"https:\/\/www.europesays.com\/fr\/wp-json\/wp\/v2\/comments?post=598111"}],"version-history":[{"count":0,"href":"https:\/\/www.europesays.com\/fr\/wp-json\/wp\/v2\/posts\/598111\/revisions"}],"wp:featuredmedia":[{"embeddable":true,"href":"https:\/\/www.europesays.com\/fr\/wp-json\/wp\/v2\/media\/598112"}],"wp:attachment":[{"href":"https:\/\/www.europesays.com\/fr\/wp-json\/wp\/v2\/media?parent=598111"}],"wp:term":[{"taxonomy":"category","embeddable":true,"href":"https:\/\/www.europesays.com\/fr\/wp-json\/wp\/v2\/categories?post=598111"},{"taxonomy":"post_tag","embeddable":true,"href":"https:\/\/www.europesays.com\/fr\/wp-json\/wp\/v2\/tags?post=598111"}],"curies":[{"name":"wp","href":"https:\/\/api.w.org\/{rel}","templated":true}]}}