{"id":598113,"date":"2025-12-14T05:47:24","date_gmt":"2025-12-14T05:47:24","guid":{"rendered":"https:\/\/www.europesays.com\/fr\/598113\/"},"modified":"2025-12-14T05:47:24","modified_gmt":"2025-12-14T05:47:24","slug":"tambourin-un-week-end-de-coupe-deurope","status":"publish","type":"post","link":"https:\/\/www.europesays.com\/fr\/598113\/","title":{"rendered":"Tambourin : un week-end de Coupe d\u2019Europe"},"content":{"rendered":"<p>La premi\u00e8re phase du championnat de tambourin en salle vient de se terminer pour les \u00e9quipes de l\u2019USP.<\/p>\n<p>La s\u00e9rie A masculine occupe la 4e place du classement. La s\u00e9rie B masculine \u00e9quipe 1 occupe la 6e place de sa poule, l\u2019\u00e9quipe 2 occupe la 3e de sa poule. La s\u00e9rie C masculine se retrouve \u00e0 la 2e place, la s\u00e9rie D \u00e0 la 5e place.<\/p>\n<p>Du c\u00f4t\u00e9 des f\u00e9minines, la s\u00e9rie A termine 2e avant d\u2019attaquer les play-off. La s\u00e9rie B occupe la 2e place et la s\u00e9rie C, la 6e place.<\/p>\n<p>Ce jeudi les \u00e9quipes fanions f\u00e9minine et masculine du club se sont envol\u00e9es pour Bruxelles afin d\u2019y disputer la Coupe d\u2019Europe en salle jusqu\u2019\u00e0 dimanche. Que ce soit les filles ou les gar\u00e7ons, tous font leur maximum afin d\u2019obtenir le meilleur r\u00e9sultat.<\/p>\n","protected":false},"excerpt":{"rendered":"La premi\u00e8re phase du championnat de tambourin en salle vient de se terminer pour les \u00e9quipes de l\u2019USP.&hellip;\n","protected":false},"author":2,"featured_media":598114,"comment_status":"","ping_status":"","sticky":false,"template":"","format":"standard","meta":{"footnotes":""},"categories":[1586],"tags":[11,3062,1777,674,1011,27,7089,12,71072,25,517],"class_list":{"0":"post-598113","1":"post","2":"type-post","3":"status-publish","4":"format-standard","5":"has-post-thumbnail","7":"category-europe","8":"tag-actualites","9":"tag-autres-sports","10":"tag-eu","11":"tag-europe","12":"tag-fr","13":"tag-france","14":"tag-herault","15":"tag-news","16":"tag-poussan","17":"tag-republique-francaise","18":"tag-sport"},"share_on_mastodon":{"url":"https:\/\/pubeurope.com\/@fr\/115716347915473695","error":""},"_links":{"self":[{"href":"https:\/\/www.europesays.com\/fr\/wp-json\/wp\/v2\/posts\/598113","targetHints":{"allow":["GET"]}}],"collection":[{"href":"https:\/\/www.europesays.com\/fr\/wp-json\/wp\/v2\/posts"}],"about":[{"href":"https:\/\/www.europesays.com\/fr\/wp-json\/wp\/v2\/types\/post"}],"author":[{"embeddable":true,"href":"https:\/\/www.europesays.com\/fr\/wp-json\/wp\/v2\/users\/2"}],"replies":[{"embeddable":true,"href":"https:\/\/www.europesays.com\/fr\/wp-json\/wp\/v2\/comments?post=598113"}],"version-history":[{"count":0,"href":"https:\/\/www.europesays.com\/fr\/wp-json\/wp\/v2\/posts\/598113\/revisions"}],"wp:featuredmedia":[{"embeddable":true,"href":"https:\/\/www.europesays.com\/fr\/wp-json\/wp\/v2\/media\/598114"}],"wp:attachment":[{"href":"https:\/\/www.europesays.com\/fr\/wp-json\/wp\/v2\/media?parent=598113"}],"wp:term":[{"taxonomy":"category","embeddable":true,"href":"https:\/\/www.europesays.com\/fr\/wp-json\/wp\/v2\/categories?post=598113"},{"taxonomy":"post_tag","embeddable":true,"href":"https:\/\/www.europesays.com\/fr\/wp-json\/wp\/v2\/tags?post=598113"}],"curies":[{"name":"wp","href":"https:\/\/api.w.org\/{rel}","templated":true}]}}