{"id":598115,"date":"2025-12-14T05:48:12","date_gmt":"2025-12-14T05:48:12","guid":{"rendered":"https:\/\/www.europesays.com\/fr\/598115\/"},"modified":"2025-12-14T05:48:12","modified_gmt":"2025-12-14T05:48:12","slug":"bazet-la-marche-des-clochers-a-eu-du-succes","status":"publish","type":"post","link":"https:\/\/www.europesays.com\/fr\/598115\/","title":{"rendered":"Bazet. La marche des clochers a eu du succ\u00e8s"},"content":{"rendered":"<p>Baptis\u00e9 le p\u00e9l\u00e9 des clochers, cette manifestation s\u2019\u00e9tait d\u00e9roul\u00e9e au printemps pour les paroisses autour de Bazet. Cet automne, rebaptis\u00e9 la marche des clochers cette animation allait \u00e0 la rencontre des \u00e9difices religieux et des communaut\u00e9s de Tarbes et banlieue. Le d\u00e9part a eu lieu, le samedi 15 novembre \u00e0 10 h 30, depuis l\u2019\u00e9glise de Soues puis la centaine de p\u00e8lerins s\u2019est dirig\u00e9e, par le Camidadour vers Tarbes et l\u2019Eglise Sainte Th\u00e9r\u00e8se (pr\u00e8s de la Place Marcadieu) pour la pause m\u00e9ridienne.<\/p>\n<p>Aux alentours de 14 h, apr\u00e8s le repas, sorti du sac, ces sportifs ont pris la direction de Bours o\u00f9 les attendait, au nom de la paroisse, Jean Philippe Barbazan ainsi que sur le parvis de la mairie, le premier magistrat Julien Nigon et des \u00e9lu(e) s. Le go\u00fbter offert par cette paroisse a \u00e9t\u00e9 fort appr\u00e9ci\u00e9 par l\u2019ensemble des participant(e) s. Lorsque l\u2019heure du red\u00e9marrage a sonn\u00e9 pour la derni\u00e8re ligne droite, c\u2019est toujours sur le Caminadour que ces marcheurs ont progress\u00e9 pour arriver \u00e0 Bazet. En l\u2019\u00e9glise Saint-Martin du village, comble pour l\u2019occasion, ces fid\u00e8les ont pris part \u00e0 la messe conc\u00e9l\u00e9br\u00e9e par le P\u00e8re David-Marie Frey cur\u00e9 de la paroisse de Tarbes, le P\u00e8re Louis Debon, le P\u00e8re Joseph <a href=\"http:\/\/Cantounet.et\" target=\"_blank\" rel=\"nofollow noopener\">Cantounet.et<\/a> Bruno Cazenave du Conseil Episcopal.<\/p>\n<p>Au cours de cette belle journ\u00e9e tr\u00e8s fraternelle selon les dires des personnes pr\u00e9sentes, \u00ab\u00a0on a march\u00e9 bien s\u00fbr, on a pri\u00e9 naturellement, on a discut\u00e9 in\u00e9vitablement.\u00a0\u00bb<\/p>\n<p>C\u00f4t\u00e9 encadrement religieux, en plus des membres pr\u00e9cit\u00e9s, Dominique Aubian ainsi que les religieuses Sabine Emmanuelle, Monica et Daniela-Luce faisaient partie du cort\u00e8ge. Jean Pierre et Ang\u00e9la \u00e9taient les deux seuls baz\u00e9tois qui ont particip\u00e9 \u00e0 cette automnale \u00ab\u00a0rando\u00a0\u00bb des clochers.<\/p>\n<p>La c\u00e9l\u00e9bration qui \u00e9tait anim\u00e9e par \u00c9lisabeth au chant et \u00e0 la guitare a formidablement bien cl\u00f4tur\u00e9 cette journ\u00e9e emplie de spiritualit\u00e9 et de fraternit\u00e9.<\/p>\n<p>Parmi les promeneurs du jour, les jeunes \u00e9taient bien repr\u00e9sent\u00e9s ce qui fit dire \u00e0 Jean Philippe : \u00ab\u00a0Tout n\u2019est pas perdu, la jeunesse est bien l\u00e0 et les croyant(e) s sont venus en nombre en ce samedi ensoleill\u00e9\u00a0\u00bb.<\/p>\n","protected":false},"excerpt":{"rendered":"Baptis\u00e9 le p\u00e9l\u00e9 des clochers, cette manifestation s\u2019\u00e9tait d\u00e9roul\u00e9e au printemps pour les paroisses autour de Bazet. Cet&hellip;\n","protected":false},"author":2,"featured_media":598116,"comment_status":"","ping_status":"","sticky":false,"template":"","format":"standard","meta":{"footnotes":""},"categories":[1586],"tags":[11,71073,1777,674,1779,1011,27,329,4973,12,4020,25,1857,1778,364],"class_list":{"0":"post-598115","1":"post","2":"type-post","3":"status-publish","4":"format-standard","5":"has-post-thumbnail","7":"category-europe","8":"tag-actualites","9":"tag-bazet","10":"tag-eu","11":"tag-europe","12":"tag-european-union","13":"tag-fr","14":"tag-france","15":"tag-france-monde","16":"tag-hautes-pyrenees","17":"tag-news","18":"tag-religion","19":"tag-republique-francaise","20":"tag-sociu00e9tu00e9","21":"tag-ue","22":"tag-union-europeenne"},"share_on_mastodon":{"url":"https:\/\/pubeurope.com\/@fr\/115716351993019607","error":""},"_links":{"self":[{"href":"https:\/\/www.europesays.com\/fr\/wp-json\/wp\/v2\/posts\/598115","targetHints":{"allow":["GET"]}}],"collection":[{"href":"https:\/\/www.europesays.com\/fr\/wp-json\/wp\/v2\/posts"}],"about":[{"href":"https:\/\/www.europesays.com\/fr\/wp-json\/wp\/v2\/types\/post"}],"author":[{"embeddable":true,"href":"https:\/\/www.europesays.com\/fr\/wp-json\/wp\/v2\/users\/2"}],"replies":[{"embeddable":true,"href":"https:\/\/www.europesays.com\/fr\/wp-json\/wp\/v2\/comments?post=598115"}],"version-history":[{"count":0,"href":"https:\/\/www.europesays.com\/fr\/wp-json\/wp\/v2\/posts\/598115\/revisions"}],"wp:featuredmedia":[{"embeddable":true,"href":"https:\/\/www.europesays.com\/fr\/wp-json\/wp\/v2\/media\/598116"}],"wp:attachment":[{"href":"https:\/\/www.europesays.com\/fr\/wp-json\/wp\/v2\/media?parent=598115"}],"wp:term":[{"taxonomy":"category","embeddable":true,"href":"https:\/\/www.europesays.com\/fr\/wp-json\/wp\/v2\/categories?post=598115"},{"taxonomy":"post_tag","embeddable":true,"href":"https:\/\/www.europesays.com\/fr\/wp-json\/wp\/v2\/tags?post=598115"}],"curies":[{"name":"wp","href":"https:\/\/api.w.org\/{rel}","templated":true}]}}