{"id":59812,"date":"2025-04-28T17:42:08","date_gmt":"2025-04-28T17:42:08","guid":{"rendered":"https:\/\/www.europesays.com\/fr\/59812\/"},"modified":"2025-04-28T17:42:08","modified_gmt":"2025-04-28T17:42:08","slug":"a-marseille-la-plage-des-catalans-en-chantier-jusqua-mercredi","status":"publish","type":"post","link":"https:\/\/www.europesays.com\/fr\/59812\/","title":{"rendered":"\u00e0 Marseille, la plage des Catalans en chantier jusqu&rsquo;\u00e0 mercredi"},"content":{"rendered":"<p>Ce lundi 28\u00a0avril, les engins de chantier ont remplac\u00e9 les serviettes tendues au bord de l\u2019eau aux Catalans, \u00e0 Marseille (7e). Point de chaise pliante, ni de volleyeurs du matin.<a href=\"https:\/\/www.laprovence.com\/article\/region\/3970334357270914\/nettoyage-travaux-reamenagement-les-marseillais-prives-de-plage-pendant-trois-jours-aux-catalans\" target=\"_blank\" rel=\"noopener\"> Ferm\u00e9e au public jusqu\u2019\u00e0 mercredi soir, la plage est en effet en cours de reprofilage<\/a>. Mais ici, il ne s\u2019agit pas seulement d\u2019aplanir l\u2019espace et de le nettoyer. Les fouilles arch\u00e9ologiques engag\u00e9es jusqu\u2019\u00e0 l\u2019automne dans le cadre de la r\u00e9novation de<a href=\"https:\/\/www.laprovence.com\/article\/societe\/46240825147215\/marseille-le-projet-pour-sauver-latour-des-catalans-avance\" target=\"_blank\" rel=\"noopener\"> la tour du Lazaret <\/a>imposent un p\u00e9rim\u00e8tre de s\u00e9curit\u00e9.<\/p>\n<p>\u00c0 la pointe de l\u2019anse, le monument du XVIe\u00a0si\u00e8cle est donc entour\u00e9 d\u2019\u00e9chafaudages. \u00c0 l\u2019int\u00e9rieur, les ouvriers consolident l\u2019\u00e9difice afin de prot\u00e9ger les fouilles et \u00e9viter tout effondrement. \u00c0 l\u2019ext\u00e9rieur, l\u2019installation de barri\u00e9rages emp\u00eache l\u2019acc\u00e8s au ponton et au chemin pi\u00e9tonnier.<\/p>\n<p>\u00ab\u00a0Il faut donc r\u00e9am\u00e9nager l\u2019espace, explique Herv\u00e9 Menchon (EELV), adjoint au maire en charge de la mer. Depuis 5\u00a0h, les \u00e9quipes ont livr\u00e9 plusieurs engins gr\u00e2ce \u00e0 une grue. Parmi eux, une tamiseuse, plus petite, sera stock\u00e9e dans un b\u00e2timent \u00e0 l\u2019angle de la plage, d\u00e9j\u00e0 fouill\u00e9 par les arch\u00e9ologues. Cet engin restera sur le site durant tout l\u2019\u00e9t\u00e9.\u00a0\u00bb<\/p>\n<p>Consignes d\u00e9plac\u00e9es et escalier r\u00e9nov\u00e9<\/p>\n","protected":false},"excerpt":{"rendered":"Ce lundi 28\u00a0avril, les engins de chantier ont remplac\u00e9 les serviettes tendues au bord de l\u2019eau aux Catalans,&hellip;\n","protected":false},"author":2,"featured_media":59813,"comment_status":"","ping_status":"","sticky":false,"template":"","format":"standard","meta":{"footnotes":""},"categories":[2814],"tags":[17,1111,11,154,15655,1777,674,15654,1011,27,884,12,15656,882,16,716,25],"class_list":{"0":"post-59812","1":"post","2":"type-post","3":"status-publish","4":"format-standard","5":"has-post-thumbnail","7":"category-marseille","8":"tag-17","9":"tag-actu","10":"tag-actualites","11":"tag-des","12":"tag-equipements","13":"tag-eu","14":"tag-europe","15":"tag-fouilles","16":"tag-fr","17":"tag-france","18":"tag-marseille","19":"tag-news","20":"tag-plage","21":"tag-provence-alpes-cote-dazur","22":"tag-region","23":"tag-renovation","24":"tag-republique-francaise"},"share_on_mastodon":{"url":"https:\/\/pubeurope.com\/@fr\/114416828008386453","error":""},"_links":{"self":[{"href":"https:\/\/www.europesays.com\/fr\/wp-json\/wp\/v2\/posts\/59812","targetHints":{"allow":["GET"]}}],"collection":[{"href":"https:\/\/www.europesays.com\/fr\/wp-json\/wp\/v2\/posts"}],"about":[{"href":"https:\/\/www.europesays.com\/fr\/wp-json\/wp\/v2\/types\/post"}],"author":[{"embeddable":true,"href":"https:\/\/www.europesays.com\/fr\/wp-json\/wp\/v2\/users\/2"}],"replies":[{"embeddable":true,"href":"https:\/\/www.europesays.com\/fr\/wp-json\/wp\/v2\/comments?post=59812"}],"version-history":[{"count":0,"href":"https:\/\/www.europesays.com\/fr\/wp-json\/wp\/v2\/posts\/59812\/revisions"}],"wp:featuredmedia":[{"embeddable":true,"href":"https:\/\/www.europesays.com\/fr\/wp-json\/wp\/v2\/media\/59813"}],"wp:attachment":[{"href":"https:\/\/www.europesays.com\/fr\/wp-json\/wp\/v2\/media?parent=59812"}],"wp:term":[{"taxonomy":"category","embeddable":true,"href":"https:\/\/www.europesays.com\/fr\/wp-json\/wp\/v2\/categories?post=59812"},{"taxonomy":"post_tag","embeddable":true,"href":"https:\/\/www.europesays.com\/fr\/wp-json\/wp\/v2\/tags?post=59812"}],"curies":[{"name":"wp","href":"https:\/\/api.w.org\/{rel}","templated":true}]}}