{"id":598123,"date":"2025-12-14T05:54:22","date_gmt":"2025-12-14T05:54:22","guid":{"rendered":"https:\/\/www.europesays.com\/fr\/598123\/"},"modified":"2025-12-14T05:54:22","modified_gmt":"2025-12-14T05:54:22","slug":"affaire-jaminet-le-principal-interesse-se-blesse-a-la-main-droite-et-sera-absent-huit-semaines","status":"publish","type":"post","link":"https:\/\/www.europesays.com\/fr\/598123\/","title":{"rendered":"Affaire Jaminet\u00a0: le principal int\u00e9ress\u00e9 se blesse \u00e0 la main droite et sera absent huit semaines"},"content":{"rendered":"<p>\n                                                                    l&rsquo;essentiel<br \/>\n                                                                Alors que la d\u00e9cision du conseil de discipline du rugby fran\u00e7ais sur l\u2019affaire du transfert de Melvyn Jaminet au Stade Toulousain doit \u00eatre rendue la semaine prochaine, le principal int\u00e9ress\u00e9 sera absent des terrains pendant huit semaines.\n                            <\/p>\n<p>Une histoire de timing. L\u2019affaire du transfert de Melvyn Jaminet est au c\u0153ur de l\u2019actualit\u00e9 ces derniers jours et le conseil de discipline du rugby fran\u00e7ais prononcera sa d\u00e9cision finale la semaine prochaine.<\/p>\n<p>Le Stade Toulousain encourt cette fois-ci une sanction sportive, apr\u00e8s avoir vers\u00e9 une \u00ab\u00a0contribution\u00a0\u00bb de 1,3\u00a0million d\u2019euros \u00e0 la Ligue Nationale de Rugby, apr\u00e8s le transfert n\u00e9buleux du rugbyman \u00e0 Toulouse en 2022, en provenance de Perpignan.<\/p>\n<p class=\"std-elt__inline\">\n        <strong>\u00c0 lire aussi :<\/strong><br \/>\n        <a href=\"https:\/\/www.ladepeche.fr\/2025\/12\/12\/stade-toulousain-la-decision-du-conseil-de-discipline-sur-laffaire-jaminet-pas-avant-la-semaine-prochaine-13107306.php\" target=\"_blank\" rel=\"noopener\">Stade Toulousain\u00a0: la d\u00e9cision du conseil de discipline sur l\u2019affaire Jaminet pas avant la semaine prochaine<\/a>\n    <\/p>\n<p>Ironie du sort, ce vendredi 12\u00a0d\u00e9cembre Melvyn Jaminet fait parler de lui pour une autre raison. L\u2019arri\u00e8re du RC Toulon s\u2019est\u00a0bless\u00e9 \u00e0 la main droite, a \u00e9t\u00e9 op\u00e9r\u00e9 cette semaine et sera absent huit semaines, selon l\u2019AFP.<\/p>\n<p>Sa blessure\u00a0est survenue\u00a0dimanche dernier lors de la d\u00e9faite des Toulonnais sur la pelouse d\u2019Edimbourg (33-20) en Champions Cup. Le\u00a0buteur du RCT avait quitt\u00e9 ses co\u00e9quipiers\u00a0apr\u00e8s seulement 22 minutes de jeu.<\/p>\n<p class=\"std-elt__inline\">\n        <strong>\u00c0 lire aussi :<\/strong><br \/>\n        <a href=\"https:\/\/www.ladepeche.fr\/2025\/12\/08\/le-stade-toulousain-menace-de-sanctions-dans-laffaire-jaminet-grand-oral-a-tres-hauts-risques-ce-lundi-on-vous-explique-les-enjeux-13097234.php\" target=\"_blank\" rel=\"noopener\">Le Stade Toulousain menac\u00e9 de sanctions dans l\u2019affaire Jaminet\u00a0: grand oral \u00e0 tr\u00e8s hauts risques ce lundi\u00a0! On vous explique les enjeux<\/a>\n    <\/p>\n<p>Il manquera donc huit semaines de comp\u00e9tition au total, a indiqu\u00e9 son club dans un <a href=\"https:\/\/rctoulon.com\/infirmerie-le-point-sur-les-blesses-avant-toulon-bath\/\" target=\"_blank\" rel=\"noopener\">communiqu\u00e9<\/a>, laissant envisager un retour sur les terrains d\u00e9but f\u00e9vrier.<\/p>\n","protected":false},"excerpt":{"rendered":"l&rsquo;essentiel Alors que la d\u00e9cision du conseil de discipline du rugby fran\u00e7ais sur l\u2019affaire du transfert de Melvyn&hellip;\n","protected":false},"author":2,"featured_media":598124,"comment_status":"","ping_status":"","sticky":false,"template":"","format":"standard","meta":{"footnotes":""},"categories":[1416],"tags":[1011,27,479,1468,68796,517,60,476],"class_list":{"0":"post-598123","1":"post","2":"type-post","3":"status-publish","4":"format-standard","5":"has-post-thumbnail","7":"category-rugby","8":"tag-fr","9":"tag-france","10":"tag-rugby","11":"tag-rugby-football","12":"tag-rugby-u00e0-xv","13":"tag-sport","14":"tag-sports","15":"tag-stade-toulousain"},"share_on_mastodon":{"url":"https:\/\/pubeurope.com\/@fr\/115716375514457800","error":""},"_links":{"self":[{"href":"https:\/\/www.europesays.com\/fr\/wp-json\/wp\/v2\/posts\/598123","targetHints":{"allow":["GET"]}}],"collection":[{"href":"https:\/\/www.europesays.com\/fr\/wp-json\/wp\/v2\/posts"}],"about":[{"href":"https:\/\/www.europesays.com\/fr\/wp-json\/wp\/v2\/types\/post"}],"author":[{"embeddable":true,"href":"https:\/\/www.europesays.com\/fr\/wp-json\/wp\/v2\/users\/2"}],"replies":[{"embeddable":true,"href":"https:\/\/www.europesays.com\/fr\/wp-json\/wp\/v2\/comments?post=598123"}],"version-history":[{"count":0,"href":"https:\/\/www.europesays.com\/fr\/wp-json\/wp\/v2\/posts\/598123\/revisions"}],"wp:featuredmedia":[{"embeddable":true,"href":"https:\/\/www.europesays.com\/fr\/wp-json\/wp\/v2\/media\/598124"}],"wp:attachment":[{"href":"https:\/\/www.europesays.com\/fr\/wp-json\/wp\/v2\/media?parent=598123"}],"wp:term":[{"taxonomy":"category","embeddable":true,"href":"https:\/\/www.europesays.com\/fr\/wp-json\/wp\/v2\/categories?post=598123"},{"taxonomy":"post_tag","embeddable":true,"href":"https:\/\/www.europesays.com\/fr\/wp-json\/wp\/v2\/tags?post=598123"}],"curies":[{"name":"wp","href":"https:\/\/api.w.org\/{rel}","templated":true}]}}