{"id":598127,"date":"2025-12-14T05:59:13","date_gmt":"2025-12-14T05:59:13","guid":{"rendered":"https:\/\/www.europesays.com\/fr\/598127\/"},"modified":"2025-12-14T05:59:13","modified_gmt":"2025-12-14T05:59:13","slug":"cyclisme-pogacar-prefere-gagner-un-premier-paris-roubaix-plutot-quun-5e-tour-de-france-en-2026-rmc-sport","status":"publish","type":"post","link":"https:\/\/www.europesays.com\/fr\/598127\/","title":{"rendered":"Cyclisme: Pogacar pr\u00e9f\u00e8re gagner &quot;un premier Paris-Roubaix plut\u00f4t qu&#039;un 5e Tour de France&quot; en 2026 &#8211; RMC Sport"},"content":{"rendered":"<ol>\n<li><a href=\"https:\/\/news.google.com\/rss\/articles\/CBMi-wFBVV95cUxQNTFXMVhQMVo1c0xlTG5IOWJ2c2prNEZLZmZsdlYyMVB3dmxESkhPY2NBZnBTZHpRR3pmaVVrOEhyQ19hbTU3c2F0XzVoNW5kbGw4S3lMYmgyWmxqam55Nnk2ODV1eVczVVZYZnBPSm5wQ2xtNzRydVFqS3U5Q2lWeGNwd2hNVFdYQktBRS1fZlFsZ1F5YktTR0dnNll1RWRZUVN4dW9TRkQwT1kyTVNQNmR1cEpsdnZ5WXVKZW1OTEc2Q0pyWmVySmhteXUwVlVEX0FzSFJacjNGV0h5QkFGTGdadlJsZDgyc0hHb3hyQWlTSjZPU2RQVFJWMA?oc=5\" target=\"_blank\" rel=\"noopener\">Cyclisme: Pogacar pr\u00e9f\u00e8re gagner \u00ab\u00a0un premier Paris-Roubaix plut\u00f4t qu&rsquo;un 5e Tour de France\u00a0\u00bb en 2026<\/a>&nbsp;&nbsp;RMC Sport<\/li>\n<li><a href=\"https:\/\/news.google.com\/rss\/articles\/CBMioAJBVV95cUxQV1FvR1M2b2V2b0o3YUNDOEsweEFQV3dlX2lWQ19tckFEMW04Yk9pYjZ0WXFNUUY0cWRuTjFZdkV4ZkVOdGV2UmdlejBXdmpvRDBOUXVKVmFDRUpjRlBoZy1SUm81NTdrVUp3RnE0Z1BwQUZPSXgtRDRydWUtRUZmLTJmcDljSmdDcjl0T1hTT21VSW14RzctbXd2emhSNGdCYVBCOXpWc1BGMWR5ellEVlpMWlpGNGdLWEdpaWlZRlotV2YySk0weGdDNXZ2c1Bkbkt4UTlLeUd2dHRpdDlHd0lnTGxIMldva3d1b1l3RWJBdDZHNW13aVhJdGFsSjNnZzVudmhfRjlPbEdNS3lqbGJPYWJiMHZpMUVSMldDQlU?oc=5\" target=\"_blank\" rel=\"noopener\">Pogacar : \u00ab\u00a0Gagner Paris-Roubaix ou un 5e Tour ? Je pr\u00e9f\u00e8re largement Roubaix\u00a0\u00bb<\/a>&nbsp;&nbsp;Eurosport<\/li>\n<li><a href=\"https:\/\/news.google.com\/rss\/articles\/CBMi-AFBVV95cUxQZlVGaEM5eC1fb3VPcUhydUN1cHhHemlOOVh4bUdTblkwMTlhT0lNRURLdk1wRXdBcldQQ01tTWlXYlFobDZ3UE1LTktScTZGQXNHZDU4RGR4ZEpRT1hNcS1WU1pjYVcwVUx5dFBHSVJ3b29zUzJ5dERNTUlodTNwemtjdGhFZTc0ZFNUUE5TNXBMVVgxa3Q1S2lBNmtaN2p5cVV3SUdSbkp5cnN0RHB6SmNMUnM1eHVZa0JDb0toZHhVYTI0MkJCTWVUY1JuLTZmcjdVdE53YWlqUktxV3IwV01mMzVRTU5ibkVtSjdwN3huSnFTU2tVdw?oc=5\" target=\"_blank\" rel=\"noopener\">D&rsquo;un cinqui\u00e8me Tour historique aux courses qui lui \u00e9chappent encore, Tadej Pogacar aura de l&rsquo;app\u00e9tit en 2026<\/a>&nbsp;&nbsp;L&rsquo;\u00c9quipe<\/li>\n<li><a href=\"https:\/\/news.google.com\/rss\/articles\/CBMi1AFBVV95cUxQVkw2c1lnUWY1UjFpYVBXUk5aMEhMQU91YU9HeVkxeUcwVWVJX0JVQ2JEaFdZMFRZd0MxSnF6RWdFUnZlWW1rNkR6TWx4dTZUMFVBT2oxWTZ2ZmdvU0k1R21IWVRxUkRTdmhXb3NQWExYdzVSeW85WGZUc25WQVJCdWNUbjdHUVlKOThIU3NTZU1uaU52bEhqS0ZfaUlScEh3SlNVcy1ISWhiSVBvZENZbHRWWUdzRFVZdVBaTUU5cjhUY3JrcVQzTTZBUmJkWmZzeDZ3RtIB0wFBVV95cUxQUlJwWmJqTDFRRVo3eHg5MHlIYldieUhsTDc3NmNMZFZkVFM0emhYSlVMWG9nZC02VEp4Wi15Y0YybnczQWpNRkppeGJUQWR6ZFQxcXlzNEdiTXpSa0JMTFFLdUFFa1p1R1NrWGVPOV9HX1lzSFJtWmhPYjlRR3NVcVpVdVVYTjV3N0lEWlFhVENHRUZyLVR1S2lXRmZZeFdweXJCa3Y3MGd4WDFfOGlqUDZLdVRiRElncW9lV3BNbkZyR25fWGtOTDhKUkdYbmZZY2FB?oc=5\" target=\"_blank\" rel=\"noopener\">UAE Team Emirates-XRG : Pogacar, un programme 2026 \u00e0 nouveau riche et ambitieux : Sports &#8211; Orange<\/a>&nbsp;&nbsp;Sports &#8211; Orange<\/li>\n<li><a href=\"https:\/\/news.google.com\/rss\/articles\/CBMi0AFBVV95cUxOYVNIXzdWWnVOQUVwcGNkMWQ5Qzc3bHRza2pEbkp5b2RZUEZYVkVfNnBmVmNuN3JmZ1ByeURZNWxROWJfalZoRnh5NU9DZElmVEJWZlA4VU11Q0Jic2NHcVZrdHZqR0Z6cDY1dE5QV2h6R3poZ3lrQ3JCZ0h4NV9uaE0yd1F1U25WT1VMYW1CcE5KZkkxbFlUS1JqeTlhelVFcHAzUGk4T09QaHBpTGpRRVhRX1lWZGNWeTJydjl0SE5TcXJ2Z0FUVUYzVU00Mzht?oc=5\" target=\"_blank\" rel=\"noopener\">Paris-Roubaix, Tour de France\u2026 Pogacar encore sur tous les fronts en 2026<\/a>&nbsp;&nbsp;20 Minutes<\/li>\n<\/ol>\n","protected":false},"excerpt":{"rendered":"Cyclisme: Pogacar pr\u00e9f\u00e8re gagner \u00ab\u00a0un premier Paris-Roubaix plut\u00f4t qu&rsquo;un 5e Tour de France\u00a0\u00bb en 2026&nbsp;&nbsp;RMC Sport Pogacar :&hellip;\n","protected":false},"author":2,"featured_media":395849,"comment_status":"","ping_status":"","sticky":false,"template":"","format":"standard","meta":{"footnotes":""},"categories":[1411],"tags":[1154,207,1011,27,60],"class_list":{"0":"post-598127","1":"post","2":"type-post","3":"status-publish","4":"format-standard","5":"has-post-thumbnail","7":"category-cyclisme","8":"tag-cycling","9":"tag-cyclisme","10":"tag-fr","11":"tag-france","12":"tag-sports"},"share_on_mastodon":{"url":"https:\/\/pubeurope.com\/@fr\/115716395239113106","error":""},"_links":{"self":[{"href":"https:\/\/www.europesays.com\/fr\/wp-json\/wp\/v2\/posts\/598127","targetHints":{"allow":["GET"]}}],"collection":[{"href":"https:\/\/www.europesays.com\/fr\/wp-json\/wp\/v2\/posts"}],"about":[{"href":"https:\/\/www.europesays.com\/fr\/wp-json\/wp\/v2\/types\/post"}],"author":[{"embeddable":true,"href":"https:\/\/www.europesays.com\/fr\/wp-json\/wp\/v2\/users\/2"}],"replies":[{"embeddable":true,"href":"https:\/\/www.europesays.com\/fr\/wp-json\/wp\/v2\/comments?post=598127"}],"version-history":[{"count":0,"href":"https:\/\/www.europesays.com\/fr\/wp-json\/wp\/v2\/posts\/598127\/revisions"}],"wp:featuredmedia":[{"embeddable":true,"href":"https:\/\/www.europesays.com\/fr\/wp-json\/wp\/v2\/media\/395849"}],"wp:attachment":[{"href":"https:\/\/www.europesays.com\/fr\/wp-json\/wp\/v2\/media?parent=598127"}],"wp:term":[{"taxonomy":"category","embeddable":true,"href":"https:\/\/www.europesays.com\/fr\/wp-json\/wp\/v2\/categories?post=598127"},{"taxonomy":"post_tag","embeddable":true,"href":"https:\/\/www.europesays.com\/fr\/wp-json\/wp\/v2\/tags?post=598127"}],"curies":[{"name":"wp","href":"https:\/\/api.w.org\/{rel}","templated":true}]}}