{"id":598128,"date":"2025-12-14T06:00:17","date_gmt":"2025-12-14T06:00:17","guid":{"rendered":"https:\/\/www.europesays.com\/fr\/598128\/"},"modified":"2025-12-14T06:00:17","modified_gmt":"2025-12-14T06:00:17","slug":"stephane-le-mignan-apres-la-defaite-de-metz-face-au-psg-si-on-avait-eu-quelques-minutes-en-plus-on-aurait-pu-egaliser-lequipe","status":"publish","type":"post","link":"https:\/\/www.europesays.com\/fr\/598128\/","title":{"rendered":"St\u00e9phane Le Mignan apr\u00e8s la d\u00e9faite de Metz face au PSG : \u00ab Si on avait eu quelques minutes en plus, on aurait pu \u00e9galiser \u00bb &#8211; L&#039;\u00c9quipe"},"content":{"rendered":"<ol>\n<li><a href=\"https:\/\/news.google.com\/rss\/articles\/CBMi_AFBVV95cUxPdTliVFo0VGZIS0RiZ3d1bE4wNkxwUTh6Tm5VY3B5LUNTZVdEY1F0M2tKM0tjclY2dUlKeURtQ1ZVZWZLdTlJa2xLdEZuOUFJX1liZGxMa3lLbEhhdU1OS2RCY1NvMFRBTkJKQUdRLTAwYVB4d1dOZTBGN053bFh6TlhlZzRTbi1vNVQ2b2VPS0h5SkxLTEhfNXpyVjJ5RlNBSVFFZjRnTm5HVl9PTzQyekJEeDRFczdmYkNVZlVmWEZaQ3lpQXlXWGE4TVFIMlhzbnNJVk93c0Z2R3BWTU5Id0l0UkJhR0djeFhWN0VhUzlZcHJ5VTBnbi05eTI?oc=5\" target=\"_blank\" rel=\"nofollow noopener\">St\u00e9phane Le Mignan apr\u00e8s la d\u00e9faite de Metz face au PSG : \u00ab Si on avait eu quelques minutes en plus, on aurait pu \u00e9galiser \u00bb<\/a>&nbsp;&nbsp;L&rsquo;\u00c9quipe<\/li>\n<li><a href=\"https:\/\/news.google.com\/rss\/articles\/CBMimwJBVV95cUxQWG9iWHdHWVplOWpEWUlXZDI3cmpwTzcwU3JjcWlUelBmUFRfSHlQWDZzVlZMTlpMN3U3SmNFM0tVTXIwOVBvUXF2amlIcy1CVGdSRkRraWZSSTlmaWZZbmZXMlZOeks2MDVlZkpiVmpPaVFkaUdBa2JoZnltV2hLbVhNam5nVFg0UlVSdTV1ZzNNM3BINHB0QUhDTjBRMjBidG5qc3F0Qi11UnNjWEhiVnpLNUpJOWtfYVRiYzFtQ0p3dnFLN0JzZ3l4U3hjRWpoWkF6NEdBaEJvWTR4LXZCWUhKbUMwS0poaC1BZXNhQ3JDMWhralBiLWVMQUpMS194cDE0WHJDQlprUVB6ZGE4ZFMzbnRwV0ljeXkw?oc=5\" target=\"_blank\" rel=\"nofollow noopener\">Une frayeur mais la t\u00eate pour le PSG<\/a>&nbsp;&nbsp;Eurosport<\/li>\n<li><a href=\"https:\/\/news.google.com\/rss\/articles\/CBMivwFBVV95cUxOa3hmM2Noa0pDOE9DNERxdlNkZjlNQkk4XzF1VGNqSERucHZtZFc2dU0xR3hIZE9FeDhJaC1hY19KQ1ZkaEFiOVU2Z1dzODFDc2dOdE9BUVpkM0dsT3Q2NnZsa2dkdS1oZGVidXpSTkRmajNreTdVT3ZGbUttZlktdGQ3TjFuaTJZLW4tX2NwREJGTElIb09ZN1NjejhXQ2M5dDlsTmhkMXBVSVYxSXR4SnlaX2czdDd5Y0V6aGtqNA?oc=5\" target=\"_blank\" rel=\"nofollow noopener\">Buteur \u00e0 Metz, \u00ab la surprise de la saison \u00bb du PSG Quentin Ndjantou a d\u00e9j\u00e0 tout<\/a>&nbsp;&nbsp;L&rsquo;\u00c9quipe<\/li>\n<li><a href=\"https:\/\/news.google.com\/rss\/articles\/CBMizAFBVV95cUxNWFhUZVZObHJDR3NobGhXbmxIcVczMS1VaTRSLVNBc3FYSFE1SWZYMkZUaDhXQTlzazFqRnd0M19oa0pFVFlPSnZsNEYtYmdZVDM5OVRmTVpoMXZlZjl2YzNuUEZ2SU1nanpTOTZxODE2cUdxLUIyV0RraWFTSWlzeXk1LTdVTGJvSkZlRVZrWE9scWZFNnI3T3RXV29JQzhsSWNIR0FQeWdxenBRdmJxd05xdjBVU1h6OHNjN0hTaDhiNGdHZEtrcUxSdW0?oc=5\" target=\"_blank\" rel=\"nofollow noopener\">Football. FC Metz &#8211; PSG : violences entre supporters avant le match, la police intervient<\/a>&nbsp;&nbsp;Le Republicain Lorrain<\/li>\n<li><a href=\"https:\/\/news.google.com\/rss\/articles\/CBMi3gFBVV95cUxQa1dpVF9JNloxZEN0WkFpRFNGR1pvNnVwYTJQM2JYMUs1V1dSSnMybFB2QTQwdUUxU1NTdnRKdDBmc2VhNnc1Sk5uWnR5dWdxcHRvcjljd2I0UzBzYkM5d1FKb25MZTlnM1hsd1RpVFZmTUhEUjVHS0RYNzdqMU5sY0tCZ3pIWUdRUnZGYkRRaHlKZ3JQSk9Kako2RFlOS1lNMFh2YnA2OXo1N0h2RkhZZHU5YW9TVm1WUGxXR2JLOWZheVhhZ0hNams3ek5vekxCM242cm1mZkFGNTJQdWfSAdwBQVVfeXFMTkQxU1c4bUt0ck1TUDA5bldjZmFEVFJUVWgyVXZzeFBkbHpMWnAzU0RBSExicDZHYklYYkJlMmJ6TW5aR29JNWZHVGtJdTJJYWlrNjVnc3lrVmh0QlY2NUNyV0lWTHdQVlRqVTN3Y3U5aTdJdm9JaWFhTHg5UVhnRm9CUmxtOEdCc0p6ME5nVFVVTU5NckxvUTZxaV9Mc3M5bkRVd1YxcGVzQnRuS1N5eTJnY3YyS3VUY0dyOUJiV1lVMENmT0NoNlZhS2pSZmlpUUlEMUVnc1BoYmZWWQ?oc=5\" target=\"_blank\" rel=\"nofollow noopener\">Ligue 1 (J16) : Mbaye, Tsitaishvili, Za\u00efre-Emery&#8230; les tops\/flops de Metz &#8211; PSG : Sports &#8211; Orange<\/a>&nbsp;&nbsp;Sports &#8211; Orange<\/li>\n<\/ol>\n","protected":false},"excerpt":{"rendered":"St\u00e9phane Le Mignan apr\u00e8s la d\u00e9faite de Metz face au PSG : \u00ab Si on avait eu quelques&hellip;\n","protected":false},"author":2,"featured_media":395849,"comment_status":"","ping_status":"","sticky":false,"template":"","format":"standard","meta":{"footnotes":""},"categories":[1410],"tags":[63,1011,27,60],"class_list":{"0":"post-598128","1":"post","2":"type-post","3":"status-publish","4":"format-standard","5":"has-post-thumbnail","7":"category-football","8":"tag-football","9":"tag-fr","10":"tag-france","11":"tag-sports"},"share_on_mastodon":{"url":"https:\/\/pubeurope.com\/@fr\/115716399050020834","error":""},"_links":{"self":[{"href":"https:\/\/www.europesays.com\/fr\/wp-json\/wp\/v2\/posts\/598128","targetHints":{"allow":["GET"]}}],"collection":[{"href":"https:\/\/www.europesays.com\/fr\/wp-json\/wp\/v2\/posts"}],"about":[{"href":"https:\/\/www.europesays.com\/fr\/wp-json\/wp\/v2\/types\/post"}],"author":[{"embeddable":true,"href":"https:\/\/www.europesays.com\/fr\/wp-json\/wp\/v2\/users\/2"}],"replies":[{"embeddable":true,"href":"https:\/\/www.europesays.com\/fr\/wp-json\/wp\/v2\/comments?post=598128"}],"version-history":[{"count":0,"href":"https:\/\/www.europesays.com\/fr\/wp-json\/wp\/v2\/posts\/598128\/revisions"}],"wp:featuredmedia":[{"embeddable":true,"href":"https:\/\/www.europesays.com\/fr\/wp-json\/wp\/v2\/media\/395849"}],"wp:attachment":[{"href":"https:\/\/www.europesays.com\/fr\/wp-json\/wp\/v2\/media?parent=598128"}],"wp:term":[{"taxonomy":"category","embeddable":true,"href":"https:\/\/www.europesays.com\/fr\/wp-json\/wp\/v2\/categories?post=598128"},{"taxonomy":"post_tag","embeddable":true,"href":"https:\/\/www.europesays.com\/fr\/wp-json\/wp\/v2\/tags?post=598128"}],"curies":[{"name":"wp","href":"https:\/\/api.w.org\/{rel}","templated":true}]}}