{"id":598131,"date":"2025-12-14T06:02:32","date_gmt":"2025-12-14T06:02:32","guid":{"rendered":"https:\/\/www.europesays.com\/fr\/598131\/"},"modified":"2025-12-14T06:02:32","modified_gmt":"2025-12-14T06:02:32","slug":"aux-beaux-arts-de-paris-5-jeunes-diplomees-et-felicitees-bluffantes","status":"publish","type":"post","link":"https:\/\/www.europesays.com\/fr\/598131\/","title":{"rendered":"Aux Beaux-Arts de Paris, 5 jeunes dipl\u00f4m\u00e9es et f\u00e9licit\u00e9es bluffantes"},"content":{"rendered":"<p class=\"editor-content__paragraph\">Ils ont une belle carri\u00e8re devant eux, mais une page s\u2019est d\u00e9sormais tourn\u00e9e. Apr\u00e8s <strong>plusieurs ann\u00e9es d\u2019\u00e9tude aux Beaux-Arts de Paris<\/strong> \u2013 et, la plupart du temps, d\u2019autres cursus, men\u00e9s en France ou \u00e0 l\u2019\u00e9tranger \u2013, les<strong> jeunes artistes dipl\u00f4m\u00e9s<\/strong> ont quitt\u00e9 les ateliers de l\u2019\u00e9cole pour entrer <strong>dans le grand bain de l\u2019art<\/strong> et de son march\u00e9.<\/p>\n<p class=\"editor-content__paragraph editor-content__paragraph--is-hidden\">Certains sont d\u2019ores et d\u00e9j\u00e0 expos\u00e9s, prim\u00e9s, repr\u00e9sent\u00e9s par des galeries\u00a0; ils restent toutefois<strong> jeunes<\/strong>, et<strong> m\u00e9ritent une attention redoubl\u00e9e<\/strong>. Car ils <strong>parlent du monde, de sa violence, de son absurdit\u00e9<\/strong>, mais aussi de ses interstices de gr\u00e2ce et d\u2019humour, de ses possibilit\u00e9s d\u2019union et de luttes. Place aux jeunes\u00a0!<\/p>\n<p>            <strong>Continuez votre lecture<\/strong><\/p>\n<p>\n                et acc\u00e9dez \u00e0 Beaux Arts Magazine<br \/>et \u00e0 tous les contenus web<br \/><strong>en illimit\u00e9 \u00e0 partir de 5,75\u20ac \/ mois<\/strong>\n            <\/p>\n<p class=\"cta-abonnement__log-in\">\n        D\u00e9j\u00e0 abonn\u00e9 ?        <a data-id=\"aHR0cHM6Ly93d3cuYmVhdXhhcnRzLmNvbS9tb24tY29tcHRlLw==\">Connectez-vous<\/a>\n    <\/p>\n<p>            <img data-vllblanksrc=\"https:\/\/www.beauxarts.com\/expos\/5-jeunes-diplomees-et-felicitees-des-beaux-arts-de-paris-qui-nous-ont-bluffes\/1\" data-vllsrc=\"https:\/\/www.europesays.com\/fr\/wp-content\/uploads\/2025\/12\/couv-bam-498-232x300.png\" alt=\"\"\/><img data-vllblanksrc=\"https:\/\/www.beauxarts.com\/expos\/5-jeunes-diplomees-et-felicitees-des-beaux-arts-de-paris-qui-nous-ont-bluffes\/1\" data-vllsrc=\"https:\/\/www.europesays.com\/fr\/wp-content\/uploads\/2025\/11\/couv-bam-497-1-232x300.png\" alt=\"\"\/>        <\/p>\n","protected":false},"excerpt":{"rendered":"Ils ont une belle carri\u00e8re devant eux, mais une page s\u2019est d\u00e9sormais tourn\u00e9e. Apr\u00e8s plusieurs ann\u00e9es d\u2019\u00e9tude aux&hellip;\n","protected":false},"author":2,"featured_media":598132,"comment_status":"","ping_status":"","sticky":false,"template":"","format":"standard","meta":{"footnotes":""},"categories":[1358],"tags":[1396,1348,1384,1385,34455,1386,58,59,1011,27],"class_list":{"0":"post-598131","1":"post","2":"type-post","3":"status-publish","4":"format-standard","5":"has-post-thumbnail","7":"category-arts-et-design","8":"tag-art-contemporain","9":"tag-arts","10":"tag-arts-and-design","11":"tag-arts-et-design","12":"tag-beaux-arts-de-paris","13":"tag-design","14":"tag-divertissement","15":"tag-entertainment","16":"tag-fr","17":"tag-france"},"share_on_mastodon":{"url":"https:\/\/pubeurope.com\/@fr\/115716406834557152","error":""},"_links":{"self":[{"href":"https:\/\/www.europesays.com\/fr\/wp-json\/wp\/v2\/posts\/598131","targetHints":{"allow":["GET"]}}],"collection":[{"href":"https:\/\/www.europesays.com\/fr\/wp-json\/wp\/v2\/posts"}],"about":[{"href":"https:\/\/www.europesays.com\/fr\/wp-json\/wp\/v2\/types\/post"}],"author":[{"embeddable":true,"href":"https:\/\/www.europesays.com\/fr\/wp-json\/wp\/v2\/users\/2"}],"replies":[{"embeddable":true,"href":"https:\/\/www.europesays.com\/fr\/wp-json\/wp\/v2\/comments?post=598131"}],"version-history":[{"count":0,"href":"https:\/\/www.europesays.com\/fr\/wp-json\/wp\/v2\/posts\/598131\/revisions"}],"wp:featuredmedia":[{"embeddable":true,"href":"https:\/\/www.europesays.com\/fr\/wp-json\/wp\/v2\/media\/598132"}],"wp:attachment":[{"href":"https:\/\/www.europesays.com\/fr\/wp-json\/wp\/v2\/media?parent=598131"}],"wp:term":[{"taxonomy":"category","embeddable":true,"href":"https:\/\/www.europesays.com\/fr\/wp-json\/wp\/v2\/categories?post=598131"},{"taxonomy":"post_tag","embeddable":true,"href":"https:\/\/www.europesays.com\/fr\/wp-json\/wp\/v2\/tags?post=598131"}],"curies":[{"name":"wp","href":"https:\/\/api.w.org\/{rel}","templated":true}]}}