{"id":598133,"date":"2025-12-14T06:04:27","date_gmt":"2025-12-14T06:04:27","guid":{"rendered":"https:\/\/www.europesays.com\/fr\/598133\/"},"modified":"2025-12-14T06:04:27","modified_gmt":"2025-12-14T06:04:27","slug":"moins-dun-an-apres-son-arrivee-sur-netflix-cette-serie-hilarante-de-80-episodes-tire-sa-reverence","status":"publish","type":"post","link":"https:\/\/www.europesays.com\/fr\/598133\/","title":{"rendered":"Moins d\u2019un an apr\u00e8s son arriv\u00e9e sur Netflix, cette s\u00e9rie hilarante de 80 \u00e9pisodes tire sa r\u00e9v\u00e9rence"},"content":{"rendered":"<p>\u00c0 peine un an apr\u00e8s avoir ajout\u00e9 cette s\u00e9rie comique canadienne \u00e0 son catalogue, Netflix va la retirer dans quelques jours. Une d\u00e9cision qui risque de mettre les fans dans l\u2019embarras.<\/p>\n<p>Il n\u2019est pas rare que Netflix d\u00e9cide de supprimer une s\u00e9rie ou un film de son catalogue, parfois m\u00eame quelques mois seulement apr\u00e8s les avoir mis en ligne. Si les programmes originaux de la plateforme gardent \u00e9videmment une place ind\u00e9boulonnable sur le service de streaming, les contenus acquis aupr\u00e8s d\u2019autres studios n\u2019ont parfois pas cette chance. Les r\u00e8gles pourraient \u00eatre amen\u00e9es \u00e0 changer. Le vendredi 5 d\u00e9cembre 2025, Netflix a annonc\u00e9 avoir fait une offre de rachat de Warner Bros Discovery et sa plateforme de streaming HBO Max \u2013 qui produit notamment <a href=\"https:\/\/www.programme-tv.net\/news\/quiz\/373100-quiz-the-white-lotus-testez-vos-connaissances-sur-la-serie-phenomene-hbo\/\" data-api-deeplink=\"teleloisirs:\/\/news\/373100\" target=\"_blank\" rel=\"noopener\">The White Lotus<\/a>, <a href=\"https:\/\/www.programme-tv.net\/news\/series-tv\/391697-merteuil-cest-une-grande-responsabilite-anamaria-vartolomei-confie-comment-elle-a-aborde-le-role-immortalise-au-cinema-par-glenn-close\/\" data-api-deeplink=\"teleloisirs:\/\/news\/391697\" target=\"_blank\" rel=\"noopener\">Merteuil<\/a>, ou encore la<a href=\"https:\/\/www.programme-tv.net\/news\/series-tv\/392364-harry-potter-je-ne-veux-pas-etre-une-ombre-dans-leur-vie-daniel-radcliffe-revele-l-echange-qu-il-a-eu-avec-dominic-mclaughlin-qui-reprend-son-role-dans-la-serie\/\" data-api-deeplink=\"teleloisirs:\/\/news\/392364\" target=\"_blank\" rel=\"noopener\"> future s\u00e9rie Harry Potter<\/a>. Dans la foul\u00e9e, les abonn\u00e9s Netflix ont re\u00e7u un email leur annon\u00e7ant la nouvelle, en indiquant que cela signifierait \u00e0 terme la jonction des deux catalogues. L\u2019accord de vente doit encore \u00eatre valid\u00e9 par les \u00c9tats-Unis. Ce lundi 8 d\u00e9cembre, le groupe Paramount Skydance a fait une contre-offre \u00e0 Warner Bros. En attendant la suite de ces p\u00e9rip\u00e9ties, Netflix continue d&rsquo;ajouter ou de retirer certains programmes de son catalogue. Et cela pourrait l\u00e9ser les fans de com\u00e9die en cette fin d\u2019ann\u00e9e.<\/p>\n<p>                        Vous n\u2019avez plus que quelques jours pour voir cette s\u00e9rie canadienne d\u00e9sopilante sur Netflix<\/p>\n<p>Le 31 d\u00e9cembre 2024, Netflix avait ajout\u00e9 une s\u00e9rie canadienne \u00e0 son catalogue : <a href=\"https:\/\/www.programme-tv.net\/news\/series-tv\/278763-schitts-creek-canal-decouvrez-le-lien-etonnant-entre-les-interpretes-de-johnny-rose-et-david-pere-et-fils-dans-la-serie\/\" data-api-deeplink=\"teleloisirs:\/\/news\/278763\" target=\"_blank\" rel=\"noopener\">Bienvenue \u00e0 Schitt\u2019s Creek<\/a>. La com\u00e9die en six saisons et 80 \u00e9pisodes d\u2019une trentaine de minutes chacun est hilarante. Si de nombreux abonn\u00e9s en ont profit\u00e9 cette ann\u00e9e, ce ne sera plus le cas en 2026. La s\u00e9rie va dispara\u00eetre de Netflix le 30 d\u00e9cembre 2025. Si vous vous \u00e9tiez lanc\u00e9s dans un visionnage int\u00e9gral du programme il y a peu, il ne vous reste donc que tr\u00e8s peu de temps pour le terminer\u2026 au risque de ne jamais conna\u00eetre la fin de l\u2019histoire.<\/p>\n<p>Dans Bienvenue \u00e0 Schitt\u2019s Creek, on suit le quotidien de la famille Rose, compl\u00e8tement d\u00e9lur\u00e9e et hors sol alors qu\u2019elle perd tout son argent. Ces bourgeois new-yorkais se retrouvent \u00e0 vivre \u00e0 Schitt\u2019s Creek, un village de campagne achet\u00e9 quelques ann\u00e9es auparavant en cadeau d\u2019anniversaire pour l\u2019a\u00een\u00e9. En colocation dans un motel miteux, Johnny, Moira, David et Alexis Rose doivent apprendre \u00e0 vivre sans fioritures ni artifices. Plus facile \u00e0 dire qu\u2019\u00e0 faire\u2026<\/p>\n<p>Article \u00e9crit en collaboration avec 6Medias<\/p>\n","protected":false},"excerpt":{"rendered":"\u00c0 peine un an apr\u00e8s avoir ajout\u00e9 cette s\u00e9rie comique canadienne \u00e0 son catalogue, Netflix va la retirer&hellip;\n","protected":false},"author":2,"featured_media":598134,"comment_status":"","ping_status":"","sticky":false,"template":"","format":"standard","meta":{"footnotes":""},"categories":[1356],"tags":[49183,244,58,16442,59,1011,27,71075,21260,127,1722,71077,129,252,1364,71076],"class_list":{"0":"post-598133","1":"post","2":"type-post","3":"status-publish","4":"format-standard","5":"has-post-thumbnail","7":"category-television","8":"tag-channel_les-series-en-questions","9":"tag-commentaire","10":"tag-divertissement","11":"tag-emmy-awards","12":"tag-entertainment","13":"tag-fr","14":"tag-france","15":"tag-guid_6260844792001","16":"tag-les-su00e9ries-en-questions","17":"tag-netflix","18":"tag-pub-streaming-netflix","19":"tag-schitts-creek","20":"tag-svod","21":"tag-television","22":"tag-tv","23":"tag-uuid_6c51b2d0-7080-48fe-94af-d185a4a5b047"},"share_on_mastodon":{"url":"https:\/\/pubeurope.com\/@fr\/115716414815090717","error":""},"_links":{"self":[{"href":"https:\/\/www.europesays.com\/fr\/wp-json\/wp\/v2\/posts\/598133","targetHints":{"allow":["GET"]}}],"collection":[{"href":"https:\/\/www.europesays.com\/fr\/wp-json\/wp\/v2\/posts"}],"about":[{"href":"https:\/\/www.europesays.com\/fr\/wp-json\/wp\/v2\/types\/post"}],"author":[{"embeddable":true,"href":"https:\/\/www.europesays.com\/fr\/wp-json\/wp\/v2\/users\/2"}],"replies":[{"embeddable":true,"href":"https:\/\/www.europesays.com\/fr\/wp-json\/wp\/v2\/comments?post=598133"}],"version-history":[{"count":0,"href":"https:\/\/www.europesays.com\/fr\/wp-json\/wp\/v2\/posts\/598133\/revisions"}],"wp:featuredmedia":[{"embeddable":true,"href":"https:\/\/www.europesays.com\/fr\/wp-json\/wp\/v2\/media\/598134"}],"wp:attachment":[{"href":"https:\/\/www.europesays.com\/fr\/wp-json\/wp\/v2\/media?parent=598133"}],"wp:term":[{"taxonomy":"category","embeddable":true,"href":"https:\/\/www.europesays.com\/fr\/wp-json\/wp\/v2\/categories?post=598133"},{"taxonomy":"post_tag","embeddable":true,"href":"https:\/\/www.europesays.com\/fr\/wp-json\/wp\/v2\/tags?post=598133"}],"curies":[{"name":"wp","href":"https:\/\/api.w.org\/{rel}","templated":true}]}}