{"id":59814,"date":"2025-04-28T17:43:08","date_gmt":"2025-04-28T17:43:08","guid":{"rendered":"https:\/\/www.europesays.com\/fr\/59814\/"},"modified":"2025-04-28T17:43:08","modified_gmt":"2025-04-28T17:43:08","slug":"malgre-des-preuves-accablantes-linstigatrice-dune-vaste-escroquerie-au-voyage-refuse-de-reconnaitre-ses-torts","status":"publish","type":"post","link":"https:\/\/www.europesays.com\/fr\/59814\/","title":{"rendered":"malgr\u00e9 des preuves accablantes, l\u2019instigatrice d\u2019une vaste escroquerie au voyage refuse de reconna\u00eetre ses torts"},"content":{"rendered":"<p><strong>COMPTE RENDU D\u2019AUDIENCE<\/strong> &#8211; Fatima A. est suspect\u00e9e d\u2019avoir d\u00e9tourn\u00e9 53.000 euros \u00e0 des dizaines de foyers des quartiers nord aux revenus modestes, leur promettant des voyages \u00e0 des prix attractifs sans jamais les honorer.<\/p>\n<p class=\"fig-paragraph\">Des vacances en camping amput\u00e9es d\u2019une semaine, des s\u00e9jours \u00e0 Disneyland inexistants ou des voyages \u00e0 New York annul\u00e9s au dernier moment sans explication. L\u2019<a href=\"http:\/\/www.lefigaro.fr\/economie\/un-outil-va-permettre-de-reduire-fortement-ce-type-de-fraude-les-francais-bientot-mieux-proteges-de-l-escroquerie-au-faux-rib-20250405\" data-fig-type=\"Article\" data-gtm-custom-categorie=\"navigation\" data-gtm-custom-action=\"crossclick\" data-gtm-custom-label=\"Contextuel\" data-gtm-event=\"customEventSPE\" data-fig-domain=\"LEFIGARO\" target=\"_blank\" rel=\"noopener\">escroquerie<\/a>\u00a0soigneusement orchestr\u00e9e par Fatima A. a de quoi donner le vertige. Mais c\u2019est surtout l\u2019attitude de la quadrag\u00e9naire, qui n\u2019a cess\u00e9 de nier son implication dans cette affaire tentaculaire impliquant une trentaine de foyers, qui sid\u00e8re.<\/p>\n<p class=\"fig-paragraph\">L\u2019ex-pr\u00e9sidente de l\u2019association \u00abGrand C\u0153ur\u00bb comparaissait ce lundi 28 avril devant le tribunal correctionnel de Marseille pour des faits d\u2019abus de confiance sur de nombreuses victimes issues de milieux modestes et r\u00e9sidant dans les quartiers nord. Un peu plus de 53.000 euros avaient \u00e9t\u00e9 soutir\u00e9s \u00e0 ces derniers entre septembre 2022 et d\u00e9cembre 2023 par Fatima A., qui leur avait propos\u00e9 des voyages \u00e0 des prix d\u00e9fiants toute concurrence. Mais\u00a0<a href=\"http:\/\/www.lefigaro.fr\/marseille\/on-s-est-fait-avoir-betement-a-marseille-plusieurs-familles-portent-plainte-pour-escroquerie-au-voyage-20240130\" data-fig-type=\"NewsFlash\" data-gtm-custom-categorie=\"navigation\" data-gtm-custom-action=\"crossclick\" data-gtm-custom-label=\"Contextuel\" data-gtm-event=\"customEventSPE\" data-fig-domain=\"LEFIGARO\" target=\"_blank\" rel=\"noopener\">les s\u00e9jours n\u2019ont jamais \u00e9t\u00e9 honor\u00e9s et les fonds siphonn\u00e9s aux victimes<\/a>.<\/p>\n<p class=\"fig-paragraph\">\u00abJ\u2019avais pris un voyage pour mes deux enfants et ma femme pour trois journ\u00e9es \u00e0 Disneyland. J\u2019ai effectu\u00e9 un premier paiement en janvier et un second quelques mois plus tard. Une semaine avant le d\u00e9part, je n\u2019avais aucune nouvelle. Puis le s\u00e9jour a \u00e9t\u00e9 annul\u00e9, soi-disant \u00e0 cause du prestataire de services. On ne sait pas quoi faire dans ce genre de situation\u00bb, souffle Gautier \u00e0 la barre. L\u2019homme, qui avait d\u00e9pens\u00e9 plus de 1200 euros pour ce voyage tr\u00e8s attendu, ne reverra jamais la couleur de son argent.<\/p>\n<p>Jusqu\u2019\u00e0 6000 euros d\u00e9tourn\u00e9s en une fois<\/p>\n<p class=\"fig-paragraph\">Un sc\u00e9nario qui s\u2019est r\u00e9p\u00e9t\u00e9 pour de nombreuses parties civiles rassembl\u00e9es sur les bancs du tribunal afin de faire bloc contre Fatima A., accus\u00e9e de leur avoir vendu du r\u00eave avant d\u2019an\u00e9antir tous leurs espoirs. Sans formation ni dipl\u00f4me d\u2019\u00c9tat, la Marseillaise s\u2019\u00e9tait lanc\u00e9e dans la cr\u00e9ation d\u2019une association locale \u0153uvrant pour les personnes dans le besoin, leur proposant notamment d\u2019organiser des vacances \u00e0 prix r\u00e9duit. Une perspective salvatrice pour de nombreux foyers des 13e et 14e arrondissements, tous attir\u00e9s par un ph\u00e9nom\u00e8ne de bouche-\u00e0-oreille.<\/p>\n<p class=\"fig-paragraph\">L\u2019initiative avait finalement perdu de sa superbe fin 2023, lorsque de nombreuses victimes de l\u2019escroquerie, parfois arnaqu\u00e9es \u00e0 hauteur de 6000 euros, ont d\u00e9couvert la supercherie et se sont mobilis\u00e9es pour traduire en justice l\u2019escroc qui tentait de les mener en bateau. En t\u00e9moignent ces photos prises \u00e0 l\u2019h\u00f4pital et envoy\u00e9es aux familles en guise d\u2019excuse pour des remboursements non honor\u00e9s, ou ces probl\u00e8mes de sant\u00e9s sans cesse agit\u00e9s pour justifier une absence de r\u00e9ponse et de remboursement.<\/p>\n<p class=\"fig-paragraph\">\u00abJe reconnais avoir pris de l\u2019argent pour un s\u00e9jour, j\u2019ai \u00e9t\u00e9 hospitalis\u00e9 pour un probl\u00e8me au cervelet\u00bb, souligne la pr\u00e9venue. \u00abVous mettez en avant vos probl\u00e8mes de sant\u00e9, vous l\u2019invoquez sans cesse par message pour dire que vous passez de mauvaises p\u00e9riodes. Vous allez m\u00eame jusqu\u2019\u00e0 prendre des photos du p\u00e8re d\u2019une partie civile sur son lit d\u2019h\u00f4pital, et vous l\u2019envoyez \u00e0 tout le monde en le faisant passer pour votre oncle afin d\u2019expliquer votre absence. Comment pouvez-vous vous autoriser \u00e0 utiliser ces photos\u00a0?\u00a0\u00bb, s\u2019\u00e9trangle la pr\u00e9sidente du tribunal devant une assembl\u00e9e m\u00e9dus\u00e9e.<\/p>\n<p>Subventions de 13 Habitats<\/p>\n<p class=\"fig-paragraph\">\u00abJ\u2019ai subi du harc\u00e8lement par des personnes qui veulent me d\u00e9truire. Il y a eu des malentendus. Je me suis perdue, je me suis embrouill\u00e9e\u00bb, tente de se justifier tr\u00e8s maladroitement Fatima A., refusant de reconna\u00eetre toute forme de culpabilit\u00e9 malgr\u00e9 des preuves accablantes. L\u2019\u00e9tude des comptes de l\u2019association Grand C\u0153ur a ainsi r\u00e9v\u00e9l\u00e9 que la suspecte avait op\u00e9r\u00e9 de nombreux virements vers son compte bancaire personnel, d\u00e9pensant l\u2019argent des familles l\u00e9s\u00e9es dans du mat\u00e9riel multim\u00e9dia, du carburant et m\u00eame une prestation dans un institut de beaut\u00e9.<\/p>\n<p class=\"fig-paragraph\">Pis encore, Fatima A. est soup\u00e7onn\u00e9e d\u2019avoir embarqu\u00e9 avec elle sa propre fille \u00e2g\u00e9e d\u2019une vingtaine d\u2019ann\u00e9es en la nommant tr\u00e9sori\u00e8re de son association \u00e0 son insu. La quadrag\u00e9naire s\u2019est aussi emport\u00e9e contre ses propres victimes, les accusant d\u2019un coup mont\u00e9 pour la faire tomber. \u00abMadame, est-ce qu\u2019une parole a une valeur\u00a0?\u00bb, s\u2019est emport\u00e9e la pr\u00e9sidente du tribunal devant un \u00e9ni\u00e8me retournement de veste de Fatima A., dont la structure \u00e9tait autrefois soutenue par le d\u00e9partement et le bailleur social\u00a0<a href=\"http:\/\/www.lefigaro.fr\/marseille\/marseille-un-logement-social-attribue-a-la-fille-d-un-cadre-du-bailleur-social-13-habitat-20240723\" data-fig-type=\"NewsFlash\" data-gtm-custom-categorie=\"navigation\" data-gtm-custom-action=\"crossclick\" data-gtm-custom-label=\"Contextuel\" data-gtm-event=\"customEventSPE\" data-fig-domain=\"LEFIGARO\" target=\"_blank\" rel=\"noopener\">13 Habitat<\/a>\u00a0\u00e0 coups de subventions de plusieurs milliers d\u2019euros.<\/p>\n<p class=\"fig-paragraph\">Un soutien qui interroge et n\u2019a pas fait l\u2019objet d\u2019une grande consid\u00e9ration lors des d\u00e9bats, alors m\u00eame que la pr\u00e9venue avait \u00e9t\u00e9 \u00e9lue au conseil d\u2019administration du bailleur, qui lui octroyait un local de plus de 200 m\u00e8tres carr\u00e9s \u00e0 prix r\u00e9duit. Une proximit\u00e9 d\u00e9mentie en janvier 2024 par sa pr\u00e9sidente Nora Preziosi, qui avait indiqu\u00e9 au Figaro avoir \u00e9cart\u00e9 Fatima A. de son conseil d\u2019administration. \u00abElle s\u2019est servie de mon nom, en expliquant \u00eatre ma collaboratrice. Je vais faire attention \u00e0 ce que cela ne se reproduise plus\u00bb.<\/p>\n<p>Client\u00e9lisme<\/p>\n<p class=\"fig-paragraph\">\u00abCe n\u2019est pas une affaire de d\u00e9tournement de fonds, mais plut\u00f4t une esp\u00e8ce de branche du client\u00e9lisme marseillais qui va \u00eatre sectionn\u00e9e aujourd\u2019hui. Il y a des personnes qui se plaignent de ne pas avoir eu acc\u00e8s \u00e0 des prestations. Ce sont des personnes tr\u00e8s modestes et qui se retrouvent aujourd\u2019hui perdues. Je ne comprends pas pourquoi Nora Preziosi n\u2019est pas l\u00e0 aujourd\u2019hui\u00bb, pique\u00a0<a href=\"http:\/\/www.lefigaro.fr\/marseille\/marseille-un-employe-municipal-suspecte-dans-l-agression-de-militants-lfi-proches-de-sebastien-delogu-20250319\" data-fig-type=\"NewsFlash\" data-gtm-custom-categorie=\"navigation\" data-gtm-custom-action=\"crossclick\" data-gtm-custom-label=\"Contextuel\" data-gtm-event=\"customEventSPE\" data-fig-domain=\"LEFIGARO\" target=\"_blank\" rel=\"noopener\">S\u00e9bastien Delogu<\/a>. Le d\u00e9put\u00e9 LFI, qui avait signal\u00e9 les faits au procureur de la R\u00e9publique via l\u2019article 40 du code de proc\u00e9dure p\u00e9nale, \u00e9tait pr\u00e9sent toute la journ\u00e9e \u00e0 l\u2019audience pour suivre les d\u00e9bats.<\/p>\n<p class=\"fig-paragraph\">\u00abC\u2019est un honneur d\u2019accompagner ces victimes, dont la confiance abus\u00e9e a \u00e9t\u00e9 durablement ab\u00eem\u00e9e. Le pi\u00e8ge \u00e9tait imparable, parce qu\u2019il y a le m\u00eame lieu de vie, des quartiers peu favoris\u00e9s de Marseille, des relations amicales, Madame A. qui s\u2019affiche sur les r\u00e9seaux avec des \u00e9lus locaux. Et le lieu de commission de l\u2019infraction, ce local d\u2019Habitat 13. Avec comme un pied de nez, cette association Grand C\u0153ur. Comment ceux-l\u00e0 ne pouvaient pas tomber dans le pi\u00e8ge\u00a0?\u00bb, a plaid\u00e9 Me Nicolas Berthier, avocat repr\u00e9sentant plus d\u2019un tiers des parties civiles.<\/p>\n<p class=\"fig-paragraph\">\u00abOn a 17.000 euros qui partent directement de l\u2019association vers son compte personnel. Lorsqu\u2019on l\u2019interroge, elle va dire qu\u2019elle s\u2019est embrouill\u00e9e. Mais la vie, ce n\u2019est pas une ardoise magique. On ne peut pas effacer ce qu\u2019on a fait\u00bb, a ajout\u00e9 la procureur dans son r\u00e9quisitoire, requ\u00e9rant une peine de 18 mois d\u2019emprisonnement avec sursis assorti d\u2019une amende de 5000 euros et du remboursement des fonds d\u00e9tourn\u00e9s.<\/p>\n<p class=\"fig-paragraph\">\u00abConfront\u00e9e \u00e0 une gestion complexe des impr\u00e9vus, ma cliente s\u2019est laiss\u00e9e progressivement entra\u00eener dans un engrenage qui a d\u00e9pass\u00e9 ses intentions originelles. Elle aurait d\u00fb assumer, elle le regrette profond\u00e9ment\u00bb, a tent\u00e9 de nuancer l\u2019avocate de la pr\u00e9venue, Me Sheryan Cherigui. La d\u00e9cision du tribunal sera rendue le 11 juin prochain.<\/p>\n","protected":false},"excerpt":{"rendered":"COMPTE RENDU D\u2019AUDIENCE &#8211; Fatima A. est suspect\u00e9e d\u2019avoir d\u00e9tourn\u00e9 53.000 euros \u00e0 des dizaines de foyers des&hellip;\n","protected":false},"author":2,"featured_media":59815,"comment_status":"","ping_status":"","sticky":false,"template":"","format":"standard","meta":{"footnotes":""},"categories":[2814],"tags":[1111,11,4077,885,1182,1180,1181,3513,1777,674,1011,27,1184,1185,884,12,1177,1176,149,1186,882,25,1178,1183,1179],"class_list":{"0":"post-59814","1":"post","2":"type-post","3":"status-publish","4":"format-standard","5":"has-post-thumbnail","7":"category-marseille","8":"tag-actu","9":"tag-actualites","10":"tag-association","11":"tag-bouches-du-rhone","12":"tag-calanques","13":"tag-canebiere","14":"tag-cite-phoceenne","15":"tag-escroquerie","16":"tag-eu","17":"tag-europe","18":"tag-fr","19":"tag-france","20":"tag-la-timone","21":"tag-les-baumettes-mediterranee","22":"tag-marseille","23":"tag-news","24":"tag-notre-dame-de-la-garde","25":"tag-olympique-de-marseille","26":"tag-om","27":"tag-provence","28":"tag-provence-alpes-cote-dazur","29":"tag-republique-francaise","30":"tag-saint-charles","31":"tag-sormiou","32":"tag-vieux-port"},"share_on_mastodon":{"url":"https:\/\/pubeurope.com\/@fr\/114416831956064097","error":""},"_links":{"self":[{"href":"https:\/\/www.europesays.com\/fr\/wp-json\/wp\/v2\/posts\/59814","targetHints":{"allow":["GET"]}}],"collection":[{"href":"https:\/\/www.europesays.com\/fr\/wp-json\/wp\/v2\/posts"}],"about":[{"href":"https:\/\/www.europesays.com\/fr\/wp-json\/wp\/v2\/types\/post"}],"author":[{"embeddable":true,"href":"https:\/\/www.europesays.com\/fr\/wp-json\/wp\/v2\/users\/2"}],"replies":[{"embeddable":true,"href":"https:\/\/www.europesays.com\/fr\/wp-json\/wp\/v2\/comments?post=59814"}],"version-history":[{"count":0,"href":"https:\/\/www.europesays.com\/fr\/wp-json\/wp\/v2\/posts\/59814\/revisions"}],"wp:featuredmedia":[{"embeddable":true,"href":"https:\/\/www.europesays.com\/fr\/wp-json\/wp\/v2\/media\/59815"}],"wp:attachment":[{"href":"https:\/\/www.europesays.com\/fr\/wp-json\/wp\/v2\/media?parent=59814"}],"wp:term":[{"taxonomy":"category","embeddable":true,"href":"https:\/\/www.europesays.com\/fr\/wp-json\/wp\/v2\/categories?post=59814"},{"taxonomy":"post_tag","embeddable":true,"href":"https:\/\/www.europesays.com\/fr\/wp-json\/wp\/v2\/tags?post=59814"}],"curies":[{"name":"wp","href":"https:\/\/api.w.org\/{rel}","templated":true}]}}