{"id":598149,"date":"2025-12-14T06:13:17","date_gmt":"2025-12-14T06:13:17","guid":{"rendered":"https:\/\/www.europesays.com\/fr\/598149\/"},"modified":"2025-12-14T06:13:17","modified_gmt":"2025-12-14T06:13:17","slug":"le-patronat-tunisien-propose-un-accord-de-libre-echange-et-la-liberation-des-monnaies","status":"publish","type":"post","link":"https:\/\/www.europesays.com\/fr\/598149\/","title":{"rendered":"le patronat tunisien propose un accord de libre-\u00e9change et la lib\u00e9ration des monnaies"},"content":{"rendered":"<p class=\"p1\">L\u2019Alg\u00e9rie et la <a href=\"https:\/\/www.tsa-algerie.com\/tunisie-larrivee-massive-des-touristes-algeriens-dope-leconomie\/\" target=\"_blank\" rel=\"noopener\">Tunisie<\/a> ont franchi une nouvelle \u00e9tape dans le renforcement de leurs relations \u00e9conomiques \u00e0 l\u2019occasion de la tenue \u00e0 Tunis vendredi 12 d\u00e9cembre de la Grande commission mixte alg\u00e9ro-tunisienne.<\/p>\n<p class=\"p1\">A l\u2019occasion, c\u2019est le premier ministre Sifi Ghrieb, accompagn\u00e9 de plusieurs ministres dont celui des Affaires \u00e9trang\u00e8res Ahmed Attaf, et de l\u2019Int\u00e9rieur Sa\u00efd Sayoud, qui s\u2019est d\u00e9plac\u00e9 dans la capitale tunisienne.<\/p>\n<p class=\"a-lire-box\" style=\"&#13;&#10;                    margin:20px 0;&#13;&#10;                    padding:12px 0;&#13;&#10;                    border-top:1px solid #ddd;&#13;&#10;                    border-bottom:1px solid #ddd;&#13;&#10;                    line-height:1.8;&#13;&#10;                 \">&#13;<br \/>\n                    A lire aussi :&#13;<br \/>\n                    <a href=\"https:\/\/www.tsa-algerie.com\/air-algerie-casse-les-prix-avec-une-nouvelle-promotion\/\" class=\"a-lire-link\" style=\"color:#000;text-decoration:none;font-weight:600;\" target=\"_blank\" rel=\"noopener\">&#13;<br \/>\n                        Air Alg\u00e9rie casse les prix avec une nouvelle promotion&#13;<br \/>\n                    <\/a>&#13;\n                <\/p>\n<\/p>\n<p class=\"p1\">La r\u00e9union a \u00e9t\u00e9 ponctu\u00e9e par la signature de 25 accords de coop\u00e9ration dans plusieurs domaines. Au-del\u00e0 des r\u00e9sultats de cette grande commission, ce sont les propositions du patronat tunisien qui retiennent l\u2019attention, et qui montrent la disponibilit\u00e9 des chefs d\u2019entreprises du voisin de l\u2019est \u00e0 aller encore plus loin dans le d\u00e9veloppement des relations \u00e9conomiques entre les deux pays.<\/p>\n<p class=\"a-lire-box\" style=\"&#13;&#10;                    margin:20px 0;&#13;&#10;                    padding:12px 0;&#13;&#10;                    border-top:1px solid #ddd;&#13;&#10;                    border-bottom:1px solid #ddd;&#13;&#10;                    line-height:1.8;&#13;&#10;                 \">&#13;<br \/>\n                    A lire aussi :&#13;<br \/>\n                    <a href=\"https:\/\/www.tsa-algerie.com\/algerie-la-galere-des-importateurs-de-vehicules\/\" class=\"a-lire-link\" style=\"color:#000;text-decoration:none;font-weight:600;\" target=\"_blank\" rel=\"noopener\">&#13;<br \/>\n                        Alg\u00e9rie : la gal\u00e8re des importateurs de v\u00e9hicules&#13;<br \/>\n                    <\/a>&#13;\n                <\/p>\n<p class=\"p1\">Samir Majoul, pr\u00e9sident de l\u2019Union tunisienne de l\u2019industrie, du commerce et de l\u2019artisanat (Utica), a propos\u00e9 la conclusion d\u2019un accord-libre \u00e9change entre la Tunisie et l\u2019Alg\u00e9rie, ce qui signifie un d\u00e9mant\u00e8lement total des banni\u00e8res douani\u00e8res entre les deux voisins.<\/p>\n<p>\u00a0\u00ab\u00a0Libre-\u00e9change\u00a0\u00bb et \u00ab\u00a0lib\u00e9ralisation des monnaies\u00a0\u00bb<\/p>\n<p class=\"p1\">Lors du Forum \u00e9conomique tuniso-alg\u00e9rien \u00e0 Tunis, il a d\u00e9taill\u00e9 sa feuille de route. Il a plaid\u00e9 pour des investissements communs dans des secteurs \u00e0 forte valeur ajout\u00e9e comme l\u2019agriculture, la p\u00eache, l\u2019industrie agroalimentaire, l\u2019industrie pharmaceutique, la sant\u00e9, l\u2019\u00e9nergie, les \u00e9nergies renouvelables, la cybers\u00e9curit\u00e9 et l\u2019\u00e9conomie du savoir.<\/p>\n<p class=\"a-lire-box\" style=\"&#13;&#10;                    margin:20px 0;&#13;&#10;                    padding:12px 0;&#13;&#10;                    border-top:1px solid #ddd;&#13;&#10;                    border-bottom:1px solid #ddd;&#13;&#10;                    line-height:1.8;&#13;&#10;                 \">&#13;<br \/>\n                    A lire aussi :&#13;<br \/>\n                    <a href=\"https:\/\/www.tsa-algerie.com\/la-france-sinteresse-a-la-pomme-de-terre-algerienne\/\" class=\"a-lire-link\" style=\"color:#000;text-decoration:none;font-weight:600;\" target=\"_blank\" rel=\"noopener\">&#13;<br \/>\n                        La France s\u2019int\u00e9resse \u00e0 la pomme de terre alg\u00e9rienne\u00a0&#13;<br \/>\n                    <\/a>&#13;\n                <\/p>\n<p class=\"p1\">Le pr\u00e9sident du patronat tunisien est all\u00e9 encore plus loin, en proposant d\u2019instaurer la \u00ab\u00a0libert\u00e9 d\u2019investissement, de circulation, de r\u00e9sidence, de travail et de propri\u00e9t\u00e9 entre les deux pays\u00a0\u00bb, ainsi que la \u00ab\u00a0lib\u00e9ralisation compl\u00e8te des monnaies des deux pays pour les transactions \u00e9conomiques et touristiques, suite \u00e0 un accord entre les deux banques centrales\u00a0\u00bb. Une telle mesure vise \u00e0 lever les restrictions li\u00e9es \u00e0 la circulation des devises entre les deux pays.<\/p>\n<p class=\"p1\">En 2024, les \u00e9changes commerciaux entre la Tunisie et l\u2019Alg\u00e9rie ont bondi de 12% pour atteindre 2,3 milliards de dollars, selon les chiffres fournis par Sifi Ghrieb.<\/p>\n","protected":false},"excerpt":{"rendered":"L\u2019Alg\u00e9rie et la Tunisie ont franchi une nouvelle \u00e9tape dans le renforcement de leurs relations \u00e9conomiques \u00e0 l\u2019occasion&hellip;\n","protected":false},"author":2,"featured_media":598150,"comment_status":"","ping_status":"","sticky":false,"template":"","format":"standard","meta":{"footnotes":""},"categories":[5],"tags":[11,1011,27,14,12,28],"class_list":{"0":"post-598149","1":"post","2":"type-post","3":"status-publish","4":"format-standard","5":"has-post-thumbnail","7":"category-international","8":"tag-actualites","9":"tag-fr","10":"tag-france","11":"tag-international","12":"tag-news","13":"tag-world"},"share_on_mastodon":{"url":"https:\/\/pubeurope.com\/@fr\/115716450237817610","error":""},"_links":{"self":[{"href":"https:\/\/www.europesays.com\/fr\/wp-json\/wp\/v2\/posts\/598149","targetHints":{"allow":["GET"]}}],"collection":[{"href":"https:\/\/www.europesays.com\/fr\/wp-json\/wp\/v2\/posts"}],"about":[{"href":"https:\/\/www.europesays.com\/fr\/wp-json\/wp\/v2\/types\/post"}],"author":[{"embeddable":true,"href":"https:\/\/www.europesays.com\/fr\/wp-json\/wp\/v2\/users\/2"}],"replies":[{"embeddable":true,"href":"https:\/\/www.europesays.com\/fr\/wp-json\/wp\/v2\/comments?post=598149"}],"version-history":[{"count":0,"href":"https:\/\/www.europesays.com\/fr\/wp-json\/wp\/v2\/posts\/598149\/revisions"}],"wp:featuredmedia":[{"embeddable":true,"href":"https:\/\/www.europesays.com\/fr\/wp-json\/wp\/v2\/media\/598150"}],"wp:attachment":[{"href":"https:\/\/www.europesays.com\/fr\/wp-json\/wp\/v2\/media?parent=598149"}],"wp:term":[{"taxonomy":"category","embeddable":true,"href":"https:\/\/www.europesays.com\/fr\/wp-json\/wp\/v2\/categories?post=598149"},{"taxonomy":"post_tag","embeddable":true,"href":"https:\/\/www.europesays.com\/fr\/wp-json\/wp\/v2\/tags?post=598149"}],"curies":[{"name":"wp","href":"https:\/\/api.w.org\/{rel}","templated":true}]}}