{"id":598154,"date":"2025-12-14T06:16:17","date_gmt":"2025-12-14T06:16:17","guid":{"rendered":"https:\/\/www.europesays.com\/fr\/598154\/"},"modified":"2025-12-14T06:16:17","modified_gmt":"2025-12-14T06:16:17","slug":"ces-habitants-de-la-perrotiere-reclament-des-amenagements-pour-les-enfants","status":"publish","type":"post","link":"https:\/\/www.europesays.com\/fr\/598154\/","title":{"rendered":"ces habitants de la Perroti\u00e8re r\u00e9clament des am\u00e9nagements pour les enfants"},"content":{"rendered":"<p>Ce sont majoritairement des m\u00e8res de famille, souvent avec leurs enfants, qui se sont pr\u00e9sent\u00e9es devant l\u2019h\u00f4tel de ville de Terrenoire ce mercredi matin. Leurs revendications\u00a0? Obtenir des am\u00e9nagements pour la s\u00e9curit\u00e9 et l\u2019\u00e9panouissement de leurs enfants en bas \u00e2ge.<\/p>\n<p>\u00ab\u00a0Le quartier a \u00e9t\u00e9 laiss\u00e9 \u00e0 l\u2019abandon\u00a0\u00bb, estime Lynda, venue avec son fils. \u00ab\u00a0\u00c0 part le stade, il n\u2019y a rien&#8230;<\/p>\n","protected":false},"excerpt":{"rendered":"Ce sont majoritairement des m\u00e8res de famille, souvent avec leurs enfants, qui se sont pr\u00e9sent\u00e9es devant l\u2019h\u00f4tel de&hellip;\n","protected":false},"author":2,"featured_media":598155,"comment_status":"","ping_status":"","sticky":false,"template":"","format":"standard","meta":{"footnotes":""},"categories":[9653],"tags":[1111,11,2430,9671,7539,1777,674,107,1011,27,12,25,4001,7538,801],"class_list":{"0":"post-598154","1":"post","2":"type-post","3":"status-publish","4":"format-standard","5":"has-post-thumbnail","7":"category-saint-etienne","8":"tag-actu","9":"tag-actualites","10":"tag-auvergne-rhone-alpes","11":"tag-conflit-social","12":"tag-edition-loire-sud","13":"tag-eu","14":"tag-europe","15":"tag-fil-info","16":"tag-fr","17":"tag-france","18":"tag-news","19":"tag-republique-francaise","20":"tag-saint-etienne","21":"tag-saint-etienne-ville","22":"tag-social"},"share_on_mastodon":{"url":"https:\/\/pubeurope.com\/@fr\/115716462296254849","error":""},"_links":{"self":[{"href":"https:\/\/www.europesays.com\/fr\/wp-json\/wp\/v2\/posts\/598154","targetHints":{"allow":["GET"]}}],"collection":[{"href":"https:\/\/www.europesays.com\/fr\/wp-json\/wp\/v2\/posts"}],"about":[{"href":"https:\/\/www.europesays.com\/fr\/wp-json\/wp\/v2\/types\/post"}],"author":[{"embeddable":true,"href":"https:\/\/www.europesays.com\/fr\/wp-json\/wp\/v2\/users\/2"}],"replies":[{"embeddable":true,"href":"https:\/\/www.europesays.com\/fr\/wp-json\/wp\/v2\/comments?post=598154"}],"version-history":[{"count":0,"href":"https:\/\/www.europesays.com\/fr\/wp-json\/wp\/v2\/posts\/598154\/revisions"}],"wp:featuredmedia":[{"embeddable":true,"href":"https:\/\/www.europesays.com\/fr\/wp-json\/wp\/v2\/media\/598155"}],"wp:attachment":[{"href":"https:\/\/www.europesays.com\/fr\/wp-json\/wp\/v2\/media?parent=598154"}],"wp:term":[{"taxonomy":"category","embeddable":true,"href":"https:\/\/www.europesays.com\/fr\/wp-json\/wp\/v2\/categories?post=598154"},{"taxonomy":"post_tag","embeddable":true,"href":"https:\/\/www.europesays.com\/fr\/wp-json\/wp\/v2\/tags?post=598154"}],"curies":[{"name":"wp","href":"https:\/\/api.w.org\/{rel}","templated":true}]}}