{"id":598156,"date":"2025-12-14T06:17:16","date_gmt":"2025-12-14T06:17:16","guid":{"rendered":"https:\/\/www.europesays.com\/fr\/598156\/"},"modified":"2025-12-14T06:17:16","modified_gmt":"2025-12-14T06:17:16","slug":"6-000-coureurs-ont-participe-a-cette-dixieme-edition","status":"publish","type":"post","link":"https:\/\/www.europesays.com\/fr\/598156\/","title":{"rendered":"6\u00a0000 coureurs ont particip\u00e9 \u00e0 cette dixi\u00e8me \u00e9dition"},"content":{"rendered":"<p>Traditionnel lieu de d\u00e9part et d\u2019arriv\u00e9e de la Saint\u00e9 City Run, la place Chavanelle a accueilli ce samedi\u00a06 000 participants et un public nombreux pour l\u2019\u00e9dition 2025 de la Saint\u00e9 City Run.<\/p>\n<p>Cette course est devenue en dix ans <a href=\"https:\/\/www.leprogres.fr\/sport\/2024\/12\/15\/5-000-stephanois-pour-defier-la-pluie-de-la-sainte-city-run\" target=\"_blank\" rel=\"noopener\">une v\u00e9ritable tradition<\/a> st\u00e9phanoise d\u2019avant No\u00ebl. Les enfants \u00e9taient mis \u00e0 l\u2019honneur avec une initiation au running\u00a0et ce sont eux qui ont emmen\u00e9 les adultes dans une Zumba endiabl\u00e9e anim\u00e9e par le Fit and dance studio.<\/p>\n<p>  La course traverse des lieux embl\u00e9matiques<\/p>\n<p>\u00c0 la diff\u00e9rence de l\u2019\u00e9dition 2024, cette dixi\u00e8me Saint\u00e9 City Run, s\u2019est d\u00e9roul\u00e9e dans des conditions climatiques cl\u00e9mentes, \u00e9vitant ainsi aux participants de malencontreuses glissades sur des pav\u00e9s mouill\u00e9s.<\/p>\n<p>Les organisateurs ont par ailleurs d\u00e9velopp\u00e9 leur motivation en diss\u00e9minant plusieurs groupes de musique et des animations sur le parcours.<\/p>\n<p>Rappelons que cette course propose, sur 6\u00a0km ou 12\u00a0km, de d\u00e9couvrir la ville en traversant ses lieux embl\u00e9matiques dans une ambiance festive et bon enfant.<\/p>\n","protected":false},"excerpt":{"rendered":"Traditionnel lieu de d\u00e9part et d\u2019arriv\u00e9e de la Saint\u00e9 City Run, la place Chavanelle a accueilli ce samedi\u00a06&hellip;\n","protected":false},"author":2,"featured_media":598157,"comment_status":"","ping_status":"","sticky":false,"template":"","format":"standard","meta":{"footnotes":""},"categories":[9653],"tags":[1111,11,2430,7539,1777,674,1011,27,12,25,4001,7538,517],"class_list":{"0":"post-598156","1":"post","2":"type-post","3":"status-publish","4":"format-standard","5":"has-post-thumbnail","7":"category-saint-etienne","8":"tag-actu","9":"tag-actualites","10":"tag-auvergne-rhone-alpes","11":"tag-edition-loire-sud","12":"tag-eu","13":"tag-europe","14":"tag-fr","15":"tag-france","16":"tag-news","17":"tag-republique-francaise","18":"tag-saint-etienne","19":"tag-saint-etienne-ville","20":"tag-sport"},"share_on_mastodon":{"url":"https:\/\/pubeurope.com\/@fr\/115716465801001856","error":""},"_links":{"self":[{"href":"https:\/\/www.europesays.com\/fr\/wp-json\/wp\/v2\/posts\/598156","targetHints":{"allow":["GET"]}}],"collection":[{"href":"https:\/\/www.europesays.com\/fr\/wp-json\/wp\/v2\/posts"}],"about":[{"href":"https:\/\/www.europesays.com\/fr\/wp-json\/wp\/v2\/types\/post"}],"author":[{"embeddable":true,"href":"https:\/\/www.europesays.com\/fr\/wp-json\/wp\/v2\/users\/2"}],"replies":[{"embeddable":true,"href":"https:\/\/www.europesays.com\/fr\/wp-json\/wp\/v2\/comments?post=598156"}],"version-history":[{"count":0,"href":"https:\/\/www.europesays.com\/fr\/wp-json\/wp\/v2\/posts\/598156\/revisions"}],"wp:featuredmedia":[{"embeddable":true,"href":"https:\/\/www.europesays.com\/fr\/wp-json\/wp\/v2\/media\/598157"}],"wp:attachment":[{"href":"https:\/\/www.europesays.com\/fr\/wp-json\/wp\/v2\/media?parent=598156"}],"wp:term":[{"taxonomy":"category","embeddable":true,"href":"https:\/\/www.europesays.com\/fr\/wp-json\/wp\/v2\/categories?post=598156"},{"taxonomy":"post_tag","embeddable":true,"href":"https:\/\/www.europesays.com\/fr\/wp-json\/wp\/v2\/tags?post=598156"}],"curies":[{"name":"wp","href":"https:\/\/api.w.org\/{rel}","templated":true}]}}