{"id":598158,"date":"2025-12-14T06:19:24","date_gmt":"2025-12-14T06:19:24","guid":{"rendered":"https:\/\/www.europesays.com\/fr\/598158\/"},"modified":"2025-12-14T06:19:24","modified_gmt":"2025-12-14T06:19:24","slug":"les-carnets-de-pierre-taribo-lasse-de-batailler-contre-le-courant","status":"publish","type":"post","link":"https:\/\/www.europesays.com\/fr\/598158\/","title":{"rendered":"Les carnets de Pierre Taribo. Lass\u00e9 de batailler contre le courant."},"content":{"rendered":"<p>Calme et structur\u00e9, fonctionnant peu \u00e0 l\u2019instinct,<a href=\"https:\/\/www.lasemaine.fr\/non-classe\/serge-petiot-president-du-grand-nancy-volley-ball-nous-visons-toujours-la-ligue-a\/\" data-type=\"post\" data-id=\"209865\" rel=\"nofollow noopener\" target=\"_blank\"> Serge Petiot,<\/a> pr\u00e9sident du <a href=\"https:\/\/www.lasemaine.fr\/non-classe\/grand-nancy-volley-ball-serge-petiot-un-president-entre-passion-et-raison\/\" data-type=\"post\" data-id=\"243130\" rel=\"nofollow noopener\" target=\"_blank\">Grand Nancy Volley-Ball,<\/a> n\u2019est pas du genre \u00e0 s\u2019\u00e9pancher sur les perspectives en trompe-l\u2019\u0153il qui l\u2019ont amen\u00e9 \u00e0 renoncer \u00e0 son projet de salle de sport sp\u00e9cifiquement d\u00e9di\u00e9e \u00e0 la discipline. Construction dont le financement reposait sur un montage public-priv\u00e9 o\u00f9 Serge Petiot et ses partenaires apportaient 50\u00a0%.<\/p>\n<p>S\u2019il ne s\u2019enflamme plus pour des lendemains dont l\u2019esquisse a \u00e9t\u00e9 dessin\u00e9e voil\u00e0 d\u00e9j\u00e0 sept ans, c\u2019est qu\u2019il lui est devenu impossible d\u2019esp\u00e9rer et d\u2019attendre. Les refrains, l\u2019ancien chef d\u2019entreprise les a assez entendus. Promesses ici, r\u00e9trop\u00e9dalage lors de la r\u00e9union suivante. Le man\u00e8ge s\u2019arr\u00eate et repart, mais tourne \u00e0 vide. Trop de r\u00e9\u00e9critures du dossier, de difficult\u00e9s et de complications emp\u00eachent d\u2019apercevoir l\u2019horizon m\u00eame par une petite lucarne. Exc\u00e9d\u00e9 et d\u00e9pit\u00e9 \u00e0 la fois, ayant le sentiment d\u2019avoir \u00e9t\u00e9 bern\u00e9, Serge Petiot dit stop.<\/p>\n<p>Pour comprendre les enjeux, il faut les exposer. Tout d\u00e9marre lorsqu\u2019il manifeste sa volont\u00e9 d\u2019amener le volley-ball grand nanc\u00e9ien au plus haut niveau. Pour atteindre cet objectif, il identifie les priorit\u00e9s. La premi\u00e8re \u00e9tant la construction d\u2019un \u00e9quipement moderne et fonctionnel. D\u2019exp\u00e9rience, Serge Petiot sait que les collectivit\u00e9s locales auront du mal \u00e0 suivre. La solution qu\u2019il b\u00e2tit tient compte de cet \u00e9cueil\u00a0: la partie financi\u00e8re (12\u00a0millions d\u2019euros) sera pour moiti\u00e9 prise en charge par la m\u00e9tropole, le conseil d\u00e9partemental et la r\u00e9gion. L\u2019autre moiti\u00e9 \u00e9tant inject\u00e9e par des investisseurs priv\u00e9s. \u00c0 premi\u00e8re vue, c\u2019est une affaire acceptable, \u00e0 l\u2019arriv\u00e9e, c\u2019est une gal\u00e8re.<\/p>\n<p>L\u2019Arena restera un r\u00eave<\/p>\n<p>Pendant qu\u2019il se d\u00e9bat pour r\u00e9gler les probl\u00e8mes de financement, le patron du GNVB pi\u00e9tine devant un autre obstacle\u00a0: le choix du terrain. Une dr\u00f4le de balade qui le conduit sur le site Artem \u00e0 Nancy, puis vers la plaine Flageul \u00e0 Tomblaine et enfin \u00e0 Vand\u0153uvre sur les lieux de l\u2019ancienne caserne Faron. St\u00e9phane Hablot, ancien maire de la commune, aujourd\u2019hui d\u00e9put\u00e9 de la deuxi\u00e8me circonscription de Meurthe-et-Moselle, a fermement cru \u00e0 la r\u00e9ussite du projet dont l\u2019\u00e9chec imbrique le pr\u00e9sent et le pass\u00e9. Lui ne renie rien. Il est pour les r\u00e9alisations qui f\u00e9d\u00e8rent, dynamisent un territoire et le font vivre.<\/p>\n<p>Mais avant, il faut labourer, n\u00e9gocier, s\u2019entendre sur plusieurs points\u00a0: la contribution des uns et des autres, le paiement des travaux de voirie, des \u00e9tudes et tout un syst\u00e8me de contraintes auquel Serge Petiot se trouve confront\u00e9. Sur les six millions d\u2019euros pr\u00e9vus dans le montage, les partenaires publics n\u2019en mettent que la moiti\u00e9 sur la table\u00a0: 2\u00a0millions apport\u00e9s par la r\u00e9gion et un million par la m\u00e9tropole du Grand Nancy. Le conseil d\u00e9partemental passe son tour et la ville de Vand\u0153uvre ne peut supporter \u00e0 elle seule le poids des trois millions qui font d\u00e9faut.<\/p>\n<p>Lass\u00e9 de batailler contre le courant, Serge Petiot abdique. L\u2019Arena ne se fera pas. Marri et solidaire St\u00e9phane Hablot, qui s\u2019est beaucoup battu pour obtenir la requalification du site Faron o\u00f9 sont pr\u00e9vus des logements, des locaux commerciaux et des espaces verts, a la certitude que l\u2019infrastructure sportive \u00e9tait un atout suppl\u00e9mentaire dans la revitalisation du quartier.<\/p>\n<p>Ayant pris ce coup de plein fouet le pr\u00e9sident du GNVB a vacill\u00e9, mais son ambition ne s\u2019est pas perdue dans le brouillard politico-administratif contre lequel il peste. Pas de salle neuve ne signifie pas absence de r\u00e9sultats. La passion r\u00e9arm\u00e9e il a transfus\u00e9 son enthousiasme vers un autre objectif. L\u2019accession au niveau sup\u00e9rieur est toujours d\u2019actualit\u00e9.<\/p>\n","protected":false},"excerpt":{"rendered":"Calme et structur\u00e9, fonctionnant peu \u00e0 l\u2019instinct, Serge Petiot, pr\u00e9sident du Grand Nancy Volley-Ball, n\u2019est pas du genre&hellip;\n","protected":false},"author":2,"featured_media":598159,"comment_status":"","ping_status":"","sticky":false,"template":"","format":"standard","meta":{"footnotes":""},"categories":[9635],"tags":[1111,11,1777,674,1011,27,775,1702,12,25],"class_list":{"0":"post-598158","1":"post","2":"type-post","3":"status-publish","4":"format-standard","5":"has-post-thumbnail","7":"category-nancy","8":"tag-actu","9":"tag-actualites","10":"tag-eu","11":"tag-europe","12":"tag-fr","13":"tag-france","14":"tag-grand-est","15":"tag-nancy","16":"tag-news","17":"tag-republique-francaise"},"share_on_mastodon":{"url":"https:\/\/pubeurope.com\/@fr\/115716473703914001","error":""},"_links":{"self":[{"href":"https:\/\/www.europesays.com\/fr\/wp-json\/wp\/v2\/posts\/598158","targetHints":{"allow":["GET"]}}],"collection":[{"href":"https:\/\/www.europesays.com\/fr\/wp-json\/wp\/v2\/posts"}],"about":[{"href":"https:\/\/www.europesays.com\/fr\/wp-json\/wp\/v2\/types\/post"}],"author":[{"embeddable":true,"href":"https:\/\/www.europesays.com\/fr\/wp-json\/wp\/v2\/users\/2"}],"replies":[{"embeddable":true,"href":"https:\/\/www.europesays.com\/fr\/wp-json\/wp\/v2\/comments?post=598158"}],"version-history":[{"count":0,"href":"https:\/\/www.europesays.com\/fr\/wp-json\/wp\/v2\/posts\/598158\/revisions"}],"wp:featuredmedia":[{"embeddable":true,"href":"https:\/\/www.europesays.com\/fr\/wp-json\/wp\/v2\/media\/598159"}],"wp:attachment":[{"href":"https:\/\/www.europesays.com\/fr\/wp-json\/wp\/v2\/media?parent=598158"}],"wp:term":[{"taxonomy":"category","embeddable":true,"href":"https:\/\/www.europesays.com\/fr\/wp-json\/wp\/v2\/categories?post=598158"},{"taxonomy":"post_tag","embeddable":true,"href":"https:\/\/www.europesays.com\/fr\/wp-json\/wp\/v2\/tags?post=598158"}],"curies":[{"name":"wp","href":"https:\/\/api.w.org\/{rel}","templated":true}]}}